{"id":33143,"date":"2016-06-13T17:37:58","date_gmt":"2016-06-13T22:37:58","guid":{"rendered":"http:\/\/www.biblia.work\/sermones\/papa-francisco-una-fiesta-sin-vino-no-funciona\/"},"modified":"2016-06-13T17:37:58","modified_gmt":"2016-06-13T22:37:58","slug":"papa-francisco-una-fiesta-sin-vino-no-funciona","status":"publish","type":"post","link":"https:\/\/www.biblia.work\/sermones\/papa-francisco-una-fiesta-sin-vino-no-funciona\/","title":{"rendered":"Papa Francisco: \u201cUna fiesta sin vino no&nbsp;funciona\u201d"},"content":{"rendered":"<p><b>Por: Ary Waldir Ramos D\u00edaz<\/b><\/p>\n<p align=\"justify\">&#8220;No vino, no fiesta&#8221;, parecer\u00eda un eslogan de una publicidad. En cambio, el papa Francisco utiliza la imagen evang\u00e9lica del vino para subrayar la alegr\u00eda cristiana de celebrar la vida y sus mejores momentos: las bodas, \u00a0los nacimientos, los bautismos, la graduaci\u00f3n, entre otras ocasiones especiales.<\/p>\n<p align=\"justify\">\u201cUna fiesta donde falta el vino, los reci\u00e9n casados se averg\u00fcenzan de esto. Imag\u00ednense ustedes terminar la fiesta bebiendo t\u00e9\u201d, reiter\u00f3 el papa Francisco en la catequesis de este mi\u00e9rcoles 8 de junio en el Vaticano.<\/p>\n<p align=\"justify\">En la serie de catequesis sobre la misericordia, el Obispo de Roma explic\u00f3 que a Jes\u00fas le gusta la fiesta, la familia, la boda. Y describi\u00f3 que \u00c9l viene a santificar con su presencia tanto las fiestas y las convivencias familiares, como la uni\u00f3n conyugal.<\/p>\n<p align=\"justify\">&#8220;En las bodas de Can\u00e1 \u00a0(<a target=\"_blank\" href=\"http:\/\/www.sanpablo.es\/biblia-latinoamericana\/la-biblia\/nuevo-testamento\/evangelio-segun-juan\/2\">Juan 2, 1-12<\/a>), Jes\u00fas comienza sus signos y \u201cse manifiesta como esposo del Pueblo de Dios, y nos une a \u00e9l con una nueva alianza de amor, que nosotros, su familia, tenemos que custodiar y extender a todos\u201d.<\/p>\n<p align=\"justify\">En este sentido, antes de iniciar la catequesis, el Pont\u00edfice salud\u00f3 a una pareja que celebr\u00f3 50 a\u00f1os de matrimonio y les puso\u00a0como ejemplo para los esposos m\u00e1s j\u00f3venes ante 20 mil fieles y peregrinos presentes en la plaza de San Pedro.<\/p>\n<p align=\"justify\">\u201cEste s\u00ed que es el vino bueno de la familia. El vuestro es un testimonio para los reci\u00e9n casados, los j\u00f3venes deben aprender. Gracias por vuestro testimonio\u201d, dijo Bergoglio.<\/p>\n<p align=\"justify\">Luego present\u00f3 a\u00a0Mar\u00eda, madre de Jes\u00fas, que tiene fe en su hijo como ejemplo para todos, adem\u00e1s evidenci\u00f3 que Jes\u00fas atiende la oraci\u00f3n de Mar\u00eda.<\/p>\n<p align=\"justify\">\u201cMar\u00eda avisa a Jes\u00fas de que falta el vino, este es un elemento t\u00edpico del banquete mesi\u00e1nico y simboliza la abundancia del banquete y la alegr\u00eda de la fiesta\u201d, a\u00f1adi\u00f3.<\/p>\n<p align=\"justify\"><strong>A Jes\u00fas le gusta la fiesta alrededor del amor conyugal<\/strong><\/p>\n<p align=\"justify\">En efecto, Jes\u00fas cuenta varias par\u00e1bolas de bodas donde remarca la alegr\u00eda de la vida cristiana.<\/p>\n<p align=\"justify\">\u201cPor eso Jes\u00fas, al convertir el agua de las purificaciones rituales en vino nuevo, realiza un gesto elocuente: transforma la ley de Mois\u00e9s en Evangelio portador de alegr\u00eda\u201d, confirm\u00f3.<\/p>\n<p align=\"justify\"><strong>Generosidad (600 litros)<\/strong><\/p>\n<p align=\"justify\">Por otra parte, expuso las palabras de Mar\u00eda: \u201chagan todo lo que \u00c9l les diga\u201d (<a target=\"_blank\" href=\"http:\/\/www.sanpablo.es\/biblia-latinoamericana\/la-biblia\/nuevo-testamento\/evangelio-segun-juan\/2\">Juan 2, 1-12<\/a>)\u201d. En ello, &#8220;conf\u00edan una nueva misi\u00f3n a la Iglesia, y configuran el programa de vida cristiano, que se concreta en servir al Se\u00f1or, escuchando su Palabra y poni\u00e9ndola en pr\u00e1ctica&#8221;.<\/p>\n<p align=\"justify\">El Pont\u00edfice exhort\u00f3 a acercarse a Jes\u00fas para \u201ctomar de esta fuente el vino bueno de la salvaci\u00f3n, que nunca deja de brotar del costado traspasado de Cristo\u201d.<\/p>\n<p align=\"justify\">Por \u00faltimo, les invit\u00f3 a \u201cque recibiendo del coraz\u00f3n de Jes\u00fas la gracia que nos salva, hagamos de nuestra vida cristiana una continua respuesta de amor a Dios\u201d.<\/p>\n<p align=\"justify\"><strong>Un minuto por la paz<\/strong><\/p>\n<figure data-id=\"101414\"><img decoding=\"async\" src=\"\" data-lazy-src=\"https:\/\/aleteiaspanish.files.wordpress.com\/2016\/06\/eupjghavbmwcqo-eskcovsq7ho84wkaqbmda-5xc0tgayipbjohljkvxqw_in1gvpvyiafxsralmh_-75g3sl8iphxo.jpg?w=512&amp;h=341&amp;crop=1\" data-lazy-srcset=\"https:\/\/aleteiaspanish.files.wordpress.com\/2016\/06\/eupjghavbmwcqo-eskcovsq7ho84wkaqbmda-5xc0tgayipbjohljkvxqw_in1gvpvyiafxsralmh_-75g3sl8iphxo.jpg?w=512&#038;h=341&#038;crop=1 1440w, https:\/\/aleteiaspanish.files.wordpress.com\/2016\/06\/eupjghavbmwcqo-eskcovsq7ho84wkaqbmda-5xc0tgayipbjohljkvxqw_in1gvpvyiafxsralmh_-75g3sl8iphxo.jpg?w=512&#038;h=341&#038;crop=1 1024w, https:\/\/aleteiaspanish.files.wordpress.com\/2016\/06\/eupjghavbmwcqo-eskcovsq7ho84wkaqbmda-5xc0tgayipbjohljkvxqw_in1gvpvyiafxsralmh_-75g3sl8iphxo.jpg?w=495&#038;h=330&#038;crop=1 512w, https:\/\/aleteiaspanish.files.wordpress.com\/2016\/06\/eupjghavbmwcqo-eskcovsq7ho84wkaqbmda-5xc0tgayipbjohljkvxqw_in1gvpvyiafxsralmh_-75g3sl8iphxo.jpg?w=412&#038;h=275&#038;crop=1 256w\" alt=\"Pope\" \/><\/figure>\n<p align=\"justify\">Y en idioma italiano, invit\u00f3 a los fieles y peregrinos a unirse a la iniciativa <em>Un minuto por la paz<\/em>\u00a0organizada por la Acci\u00f3n Cat\u00f3lica Italiana, la Acci\u00f3n Cat\u00f3lica Argentina y la Comisi\u00f3n nacional Justicia y Paz de la Conferencia Episcopal Argentina.<\/p>\n<p align=\"justify\">El Pont\u00edfice record\u00f3 que esta iniciativa de rezar por la paz coincide con el segundo aniversario del encuentro de oraci\u00f3n celebrado por \u00e9l en el Vaticano junto al presidente israel\u00ed Sim\u00f3n Peres y al presidente palestino para invocar el don de la paz.<\/p>\n<p align=\"justify\">De esta manera, las primeras en rezar por la paz fueron las Islas Tonga: cuando las mujeres de la UMOFC (Uni\u00f3n de las organizaciones femeninas cat\u00f3licas) se detuvieron en actitud de recogimiento a las 13 horas, el 8 de junio, en la capital, Nuku\u2019alofa.<\/p>\n<p align=\"justify\">Otras naciones y asociaciones cat\u00f3licas se unir\u00e1n tambi\u00e9n en plegaria cuando este mi\u00e9rcoles el reloj local marque las 13 horas.<\/p>\n<p align=\"justify\">La invitaci\u00f3n incansable de rezar -pila para el cristiano- por la paz est\u00e1 dirigida a todos los hombres y mujeres de buena voluntad para detenerse durante un minuto para rezar por la paz, sea en el trabajo, en la calle o en casa.<\/p>\n<p align=\"justify\"><strong>Fotos del d\u00eda\u00a0<\/strong><\/p>\n<div class=\"tiled-gallery type-rectangular tiled-gallery-unresized\" data-original-width=\"1440\" data-carousel-extra='{&quot;blog_id&quot;:95521297,&quot;permalink&quot;:&quot;http:\/\/es.aleteia.org\/2016\/06\/08\/papa-francisco-una-fiesta-sin-vino-no-funciona-no-hay-fiesta-bebiendo-te\/&quot;,&quot;likes_blog_id&quot;:95521297}' >\n<div class=\"gallery-row\" style=\"width: 1440px; height: 890px;\" data-original-width=\"1440\" data-original-height=\"890\" >\n<div class=\"gallery-group images-4\" style=\"width: 332px; height: 890px;\" data-original-width=\"332\" data-original-height=\"890\" >\n<div class=\"tiled-gallery-item tiled-gallery-item-large\"> <a href=\"http:\/\/es.aleteia.org\/2016\/06\/08\/papa-francisco-una-fiesta-sin-vino-no-funciona-no-hay-fiesta-bebiendo-te\/24465lpr_2faf8fb044a2032\/\" border=\"0\"> <img loading=\"lazy\" decoding=\"async\" data-attachment-id=\"101425\" data-orig-file=\"https:\/\/aleteiaspanish.files.wordpress.com\/2016\/06\/24465lpr_2faf8fb044a2032.jpg\" data-orig-size=\"1440,960\" data-comments-opened=\"1\" data-image-meta=\"{&quot;aperture&quot;:&quot;0&quot;,&quot;credit&quot;:&quot;&quot;,&quot;camera&quot;:&quot;&quot;,&quot;caption&quot;:&quot;&quot;,&quot;created_timestamp&quot;:&quot;0&quot;,&quot;copyright&quot;:&quot;&quot;,&quot;focal_length&quot;:&quot;0&quot;,&quot;iso&quot;:&quot;0&quot;,&quot;shutter_speed&quot;:&quot;0&quot;,&quot;title&quot;:&quot;&quot;,&quot;orientation&quot;:&quot;0&quot;}\" data-image-title=\"Pope Francis general Audience June 08, 2016\" data-image-description=\"\" data-medium-file=\"https:\/\/aleteiaspanish.files.wordpress.com\/2016\/06\/24465lpr_2faf8fb044a2032.jpg?w=300\" data-large-file=\"https:\/\/aleteiaspanish.files.wordpress.com\/2016\/06\/24465lpr_2faf8fb044a2032.jpg?w=1024\" src=\"https:\/\/aleteiaspanish.files.wordpress.com\/2016\/06\/24465lpr_2faf8fb044a2032.jpg?w=328&#038;h=218&#038;crop=1\" width=\"328\" height=\"218\" data-original-width=\"328\" data-original-height=\"218\" title=\"Pope Francis general Audience June 08, 2016\" alt=\"Pope Francis general Audience June 08, 2016\" style=\"width: 328px; height: 218px;\" \/> <\/a> <\/div>\n<div class=\"tiled-gallery-item tiled-gallery-item-large\"> <a href=\"http:\/\/es.aleteia.org\/2016\/06\/08\/papa-francisco-una-fiesta-sin-vino-no-funciona-no-hay-fiesta-bebiendo-te\/24469lpr_4bc5977974c7914\/\" border=\"0\"> <img loading=\"lazy\" decoding=\"async\" data-attachment-id=\"101424\" data-orig-file=\"https:\/\/aleteiaspanish.files.wordpress.com\/2016\/06\/24469lpr_4bc5977974c7914.jpg\" data-orig-size=\"1440,960\" data-comments-opened=\"1\" data-image-meta=\"{&quot;aperture&quot;:&quot;0&quot;,&quot;credit&quot;:&quot;&quot;,&quot;camera&quot;:&quot;&quot;,&quot;caption&quot;:&quot;&quot;,&quot;created_timestamp&quot;:&quot;0&quot;,&quot;copyright&quot;:&quot;&quot;,&quot;focal_length&quot;:&quot;0&quot;,&quot;iso&quot;:&quot;0&quot;,&quot;shutter_speed&quot;:&quot;0&quot;,&quot;title&quot;:&quot;&quot;,&quot;orientation&quot;:&quot;0&quot;}\" data-image-title=\"Pope Francis general Audience June 08, 2016\" data-image-description=\"\" data-medium-file=\"https:\/\/aleteiaspanish.files.wordpress.com\/2016\/06\/24469lpr_4bc5977974c7914.jpg?w=300\" data-large-file=\"https:\/\/aleteiaspanish.files.wordpress.com\/2016\/06\/24469lpr_4bc5977974c7914.jpg?w=1024\" src=\"https:\/\/aleteiaspanish.files.wordpress.com\/2016\/06\/24469lpr_4bc5977974c7914.jpg?w=328&#038;h=218&#038;crop=1\" width=\"328\" height=\"218\" data-original-width=\"328\" data-original-height=\"218\" title=\"Pope Francis general Audience June 08, 2016\" alt=\"Pope Francis general Audience June 08, 2016\" style=\"width: 328px; height: 218px;\" \/> <\/a> <\/div>\n<div class=\"tiled-gallery-item tiled-gallery-item-large\"> <a href=\"http:\/\/es.aleteia.org\/2016\/06\/08\/papa-francisco-una-fiesta-sin-vino-no-funciona-no-hay-fiesta-bebiendo-te\/24472lpr_e948b5d46bafb79\/\" border=\"0\"> <img loading=\"lazy\" decoding=\"async\" data-attachment-id=\"101423\" data-orig-file=\"https:\/\/aleteiaspanish.files.wordpress.com\/2016\/06\/24472lpr_e948b5d46bafb79.jpg\" data-orig-size=\"1440,960\" data-comments-opened=\"1\" data-image-meta=\"{&quot;aperture&quot;:&quot;0&quot;,&quot;credit&quot;:&quot;&quot;,&quot;camera&quot;:&quot;&quot;,&quot;caption&quot;:&quot;&quot;,&quot;created_timestamp&quot;:&quot;0&quot;,&quot;copyright&quot;:&quot;&quot;,&quot;focal_length&quot;:&quot;0&quot;,&quot;iso&quot;:&quot;0&quot;,&quot;shutter_speed&quot;:&quot;0&quot;,&quot;title&quot;:&quot;&quot;,&quot;orientation&quot;:&quot;0&quot;}\" data-image-title=\"Pope Francis general Audience June 08, 2016\" data-image-description=\"\" data-medium-file=\"https:\/\/aleteiaspanish.files.wordpress.com\/2016\/06\/24472lpr_e948b5d46bafb79.jpg?w=300\" data-large-file=\"https:\/\/aleteiaspanish.files.wordpress.com\/2016\/06\/24472lpr_e948b5d46bafb79.jpg?w=1024\" src=\"https:\/\/aleteiaspanish.files.wordpress.com\/2016\/06\/24472lpr_e948b5d46bafb79.jpg?w=328&#038;h=219&#038;crop=1\" width=\"328\" height=\"219\" data-original-width=\"328\" data-original-height=\"219\" title=\"Pope Francis general Audience June 08, 2016\" alt=\"Pope Francis general Audience June 08, 2016\" style=\"width: 328px; height: 219px;\" \/> <\/a> <\/div>\n<div class=\"tiled-gallery-item tiled-gallery-item-large\"> <a href=\"http:\/\/es.aleteia.org\/2016\/06\/08\/papa-francisco-una-fiesta-sin-vino-no-funciona-no-hay-fiesta-bebiendo-te\/24473lpr_7285a138bada47a\/\" border=\"0\"> <img loading=\"lazy\" decoding=\"async\" data-attachment-id=\"101422\" data-orig-file=\"https:\/\/aleteiaspanish.files.wordpress.com\/2016\/06\/24473lpr_7285a138bada47a.jpg\" data-orig-size=\"1440,960\" data-comments-opened=\"1\" data-image-meta=\"{&quot;aperture&quot;:&quot;0&quot;,&quot;credit&quot;:&quot;&quot;,&quot;camera&quot;:&quot;&quot;,&quot;caption&quot;:&quot;&quot;,&quot;created_timestamp&quot;:&quot;0&quot;,&quot;copyright&quot;:&quot;&quot;,&quot;focal_length&quot;:&quot;0&quot;,&quot;iso&quot;:&quot;0&quot;,&quot;shutter_speed&quot;:&quot;0&quot;,&quot;title&quot;:&quot;&quot;,&quot;orientation&quot;:&quot;0&quot;}\" data-image-title=\"Pope Francis general Audience June 08, 2016\" data-image-description=\"\" data-medium-file=\"https:\/\/aleteiaspanish.files.wordpress.com\/2016\/06\/24473lpr_7285a138bada47a.jpg?w=300\" data-large-file=\"https:\/\/aleteiaspanish.files.wordpress.com\/2016\/06\/24473lpr_7285a138bada47a.jpg?w=1024\" src=\"https:\/\/aleteiaspanish.files.wordpress.com\/2016\/06\/24473lpr_7285a138bada47a.jpg?w=328&#038;h=219&#038;crop=1\" width=\"328\" height=\"219\" data-original-width=\"328\" data-original-height=\"219\" title=\"Pope Francis general Audience June 08, 2016\" alt=\"Pope Francis general Audience June 08, 2016\" style=\"width: 328px; height: 219px;\" \/> <\/a> <\/div>\n<\/p><\/div>\n<p> <!-- close group --> <\/p>\n<div class=\"gallery-group images-3\" style=\"width: 443px; height: 890px;\" data-original-width=\"443\" data-original-height=\"890\" >\n<div class=\"tiled-gallery-item tiled-gallery-item-large\"> <a href=\"http:\/\/es.aleteia.org\/2016\/06\/08\/papa-francisco-una-fiesta-sin-vino-no-funciona-no-hay-fiesta-bebiendo-te\/24470lpr_adf6f42528ffdff\/\" border=\"0\"> <img loading=\"lazy\" decoding=\"async\" data-attachment-id=\"101421\" data-orig-file=\"https:\/\/aleteiaspanish.files.wordpress.com\/2016\/06\/24470lpr_adf6f42528ffdff.jpg\" data-orig-size=\"1440,960\" data-comments-opened=\"1\" data-image-meta=\"{&quot;aperture&quot;:&quot;0&quot;,&quot;credit&quot;:&quot;&quot;,&quot;camera&quot;:&quot;&quot;,&quot;caption&quot;:&quot;&quot;,&quot;created_timestamp&quot;:&quot;0&quot;,&quot;copyright&quot;:&quot;&quot;,&quot;focal_length&quot;:&quot;0&quot;,&quot;iso&quot;:&quot;0&quot;,&quot;shutter_speed&quot;:&quot;0&quot;,&quot;title&quot;:&quot;&quot;,&quot;orientation&quot;:&quot;0&quot;}\" data-image-title=\"Pope Francis general Audience June 08, 2016\" data-image-description=\"\" data-medium-file=\"https:\/\/aleteiaspanish.files.wordpress.com\/2016\/06\/24470lpr_adf6f42528ffdff.jpg?w=300\" data-large-file=\"https:\/\/aleteiaspanish.files.wordpress.com\/2016\/06\/24470lpr_adf6f42528ffdff.jpg?w=1024\" src=\"https:\/\/aleteiaspanish.files.wordpress.com\/2016\/06\/24470lpr_adf6f42528ffdff.jpg?w=439&#038;h=292&#038;crop=1\" width=\"439\" height=\"292\" data-original-width=\"439\" data-original-height=\"292\" title=\"Pope Francis general Audience June 08, 2016\" alt=\"Pope Francis general Audience June 08, 2016\" style=\"width: 439px; height: 292px;\" \/> <\/a> <\/div>\n<div class=\"tiled-gallery-item tiled-gallery-item-large\"> <a href=\"http:\/\/es.aleteia.org\/2016\/06\/08\/papa-francisco-una-fiesta-sin-vino-no-funciona-no-hay-fiesta-bebiendo-te\/24466lpr_67382922aacbca1\/\" border=\"0\"> <img loading=\"lazy\" decoding=\"async\" data-attachment-id=\"101420\" data-orig-file=\"https:\/\/aleteiaspanish.files.wordpress.com\/2016\/06\/24466lpr_67382922aacbca1.jpg\" data-orig-size=\"1440,960\" data-comments-opened=\"1\" data-image-meta=\"{&quot;aperture&quot;:&quot;0&quot;,&quot;credit&quot;:&quot;&quot;,&quot;camera&quot;:&quot;&quot;,&quot;caption&quot;:&quot;&quot;,&quot;created_timestamp&quot;:&quot;0&quot;,&quot;copyright&quot;:&quot;&quot;,&quot;focal_length&quot;:&quot;0&quot;,&quot;iso&quot;:&quot;0&quot;,&quot;shutter_speed&quot;:&quot;0&quot;,&quot;title&quot;:&quot;&quot;,&quot;orientation&quot;:&quot;0&quot;}\" data-image-title=\"Pope Francis general Audience June 08, 2016\" data-image-description=\"\" data-medium-file=\"https:\/\/aleteiaspanish.files.wordpress.com\/2016\/06\/24466lpr_67382922aacbca1.jpg?w=300\" data-large-file=\"https:\/\/aleteiaspanish.files.wordpress.com\/2016\/06\/24466lpr_67382922aacbca1.jpg?w=1024\" src=\"https:\/\/aleteiaspanish.files.wordpress.com\/2016\/06\/24466lpr_67382922aacbca1.jpg?w=439&#038;h=293&#038;crop=1\" width=\"439\" height=\"293\" data-original-width=\"439\" data-original-height=\"293\" title=\"Pope Francis general Audience June 08, 2016\" alt=\"Pope Francis general Audience June 08, 2016\" style=\"width: 439px; height: 293px;\" \/> <\/a> <\/div>\n<div class=\"tiled-gallery-item tiled-gallery-item-large\"> <a href=\"http:\/\/es.aleteia.org\/2016\/06\/08\/papa-francisco-una-fiesta-sin-vino-no-funciona-no-hay-fiesta-bebiendo-te\/24476lpr_badc2488013b10f\/\" border=\"0\"> <img loading=\"lazy\" decoding=\"async\" data-attachment-id=\"101419\" data-orig-file=\"https:\/\/aleteiaspanish.files.wordpress.com\/2016\/06\/24476lpr_badc2488013b10f.jpg\" data-orig-size=\"1440,960\" data-comments-opened=\"1\" data-image-meta=\"{&quot;aperture&quot;:&quot;0&quot;,&quot;credit&quot;:&quot;&quot;,&quot;camera&quot;:&quot;&quot;,&quot;caption&quot;:&quot;&quot;,&quot;created_timestamp&quot;:&quot;0&quot;,&quot;copyright&quot;:&quot;&quot;,&quot;focal_length&quot;:&quot;0&quot;,&quot;iso&quot;:&quot;0&quot;,&quot;shutter_speed&quot;:&quot;0&quot;,&quot;title&quot;:&quot;&quot;,&quot;orientation&quot;:&quot;0&quot;}\" data-image-title=\"Pope Francis general Audience June 08, 2016\" data-image-description=\"\" data-medium-file=\"https:\/\/aleteiaspanish.files.wordpress.com\/2016\/06\/24476lpr_badc2488013b10f.jpg?w=300\" data-large-file=\"https:\/\/aleteiaspanish.files.wordpress.com\/2016\/06\/24476lpr_badc2488013b10f.jpg?w=1024\" src=\"https:\/\/aleteiaspanish.files.wordpress.com\/2016\/06\/24476lpr_badc2488013b10f.jpg?w=439&#038;h=293&#038;crop=1\" width=\"439\" height=\"293\" data-original-width=\"439\" data-original-height=\"293\" title=\"Pope Francis general Audience June 08, 2016\" alt=\"Pope Francis general Audience June 08, 2016\" style=\"width: 439px; height: 293px;\" \/> <\/a> <\/div>\n<\/p><\/div>\n<p> <!-- close group --> <\/p>\n<div class=\"gallery-group images-2\" style=\"width: 665px; height: 890px;\" data-original-width=\"665\" data-original-height=\"890\" >\n<div class=\"tiled-gallery-item tiled-gallery-item-large\"> <a href=\"http:\/\/es.aleteia.org\/2016\/06\/08\/papa-francisco-una-fiesta-sin-vino-no-funciona-no-hay-fiesta-bebiendo-te\/24463lpr_686c701a6030a06-2\/\" border=\"0\"> <img loading=\"lazy\" decoding=\"async\" data-attachment-id=\"101418\" data-orig-file=\"https:\/\/aleteiaspanish.files.wordpress.com\/2016\/06\/24463lpr_686c701a6030a061.jpg\" data-orig-size=\"1440,960\" data-comments-opened=\"1\" data-image-meta=\"{&quot;aperture&quot;:&quot;0&quot;,&quot;credit&quot;:&quot;&quot;,&quot;camera&quot;:&quot;&quot;,&quot;caption&quot;:&quot;&quot;,&quot;created_timestamp&quot;:&quot;0&quot;,&quot;copyright&quot;:&quot;&quot;,&quot;focal_length&quot;:&quot;0&quot;,&quot;iso&quot;:&quot;0&quot;,&quot;shutter_speed&quot;:&quot;0&quot;,&quot;title&quot;:&quot;&quot;,&quot;orientation&quot;:&quot;0&quot;}\" data-image-title=\"Pope Francis general Audience June 08, 2016\" data-image-description=\"\" data-medium-file=\"https:\/\/aleteiaspanish.files.wordpress.com\/2016\/06\/24463lpr_686c701a6030a061.jpg?w=300\" data-large-file=\"https:\/\/aleteiaspanish.files.wordpress.com\/2016\/06\/24463lpr_686c701a6030a061.jpg?w=1024\" src=\"https:\/\/aleteiaspanish.files.wordpress.com\/2016\/06\/24463lpr_686c701a6030a061.jpg?w=661&#038;h=441&#038;crop=1\" width=\"661\" height=\"441\" data-original-width=\"661\" data-original-height=\"441\" title=\"Pope Francis general Audience June 08, 2016\" alt=\"Pope Francis general Audience June 08, 2016\" style=\"width: 661px; height: 441px;\" \/> <\/a> <\/div>\n<div class=\"tiled-gallery-item tiled-gallery-item-large\"> <a href=\"http:\/\/es.aleteia.org\/2016\/06\/08\/papa-francisco-una-fiesta-sin-vino-no-funciona-no-hay-fiesta-bebiendo-te\/24462lpr_bcf1ac891b2ded4\/\" border=\"0\"> <img loading=\"lazy\" decoding=\"async\" data-attachment-id=\"101417\" data-orig-file=\"https:\/\/aleteiaspanish.files.wordpress.com\/2016\/06\/24462lpr_bcf1ac891b2ded4.jpg\" data-orig-size=\"1440,960\" data-comments-opened=\"1\" data-image-meta=\"{&quot;aperture&quot;:&quot;0&quot;,&quot;credit&quot;:&quot;&quot;,&quot;camera&quot;:&quot;&quot;,&quot;caption&quot;:&quot;&quot;,&quot;created_timestamp&quot;:&quot;0&quot;,&quot;copyright&quot;:&quot;&quot;,&quot;focal_length&quot;:&quot;0&quot;,&quot;iso&quot;:&quot;0&quot;,&quot;shutter_speed&quot;:&quot;0&quot;,&quot;title&quot;:&quot;&quot;,&quot;orientation&quot;:&quot;0&quot;}\" data-image-title=\"Pope Francis general Audience June 08, 2016\" data-image-description=\"\" data-medium-file=\"https:\/\/aleteiaspanish.files.wordpress.com\/2016\/06\/24462lpr_bcf1ac891b2ded4.jpg?w=300\" data-large-file=\"https:\/\/aleteiaspanish.files.wordpress.com\/2016\/06\/24462lpr_bcf1ac891b2ded4.jpg?w=1024\" src=\"https:\/\/aleteiaspanish.files.wordpress.com\/2016\/06\/24462lpr_bcf1ac891b2ded4.jpg?w=661&#038;h=441&#038;crop=1\" width=\"661\" height=\"441\" data-original-width=\"661\" data-original-height=\"441\" title=\"Pope Francis general Audience June 08, 2016\" alt=\"Pope Francis general Audience June 08, 2016\" style=\"width: 661px; height: 441px;\" \/> <\/a> <\/div>\n<\/p><\/div>\n<p> <!-- close group --> <\/div>\n<p> <!-- close row --> <\/div>\n<p align=\"justify\">\u00a9Aleteia\/Mekary<\/p>\n","protected":false},"excerpt":{"rendered":"<p>Por: Ary Waldir Ramos D\u00edaz &#8220;No vino, no fiesta&#8221;, parecer\u00eda un eslogan de una publicidad. En cambio, el papa Francisco utiliza la imagen evang\u00e9lica del vino para subrayar la alegr\u00eda cristiana de celebrar la vida y sus mejores momentos: las bodas, \u00a0los nacimientos, los bautismos, la graduaci\u00f3n, entre otras ocasiones especiales. \u201cUna fiesta donde falta &hellip; <a href=\"https:\/\/www.biblia.work\/sermones\/papa-francisco-una-fiesta-sin-vino-no-funciona\/\" class=\"more-link\">Continuar leyendo<span class=\"screen-reader-text\"> \u00abPapa Francisco: \u201cUna fiesta sin vino no&nbsp;funciona\u201d\u00bb<\/span><\/a><\/p>\n","protected":false},"author":1,"featured_media":0,"comment_status":"open","ping_status":"closed","sticky":false,"template":"","format":"standard","meta":{"footnotes":""},"categories":[1],"tags":[],"class_list":["post-33143","post","type-post","status-publish","format-standard","hentry","category-general"],"_links":{"self":[{"href":"https:\/\/www.biblia.work\/sermones\/wp-json\/wp\/v2\/posts\/33143","targetHints":{"allow":["GET"]}}],"collection":[{"href":"https:\/\/www.biblia.work\/sermones\/wp-json\/wp\/v2\/posts"}],"about":[{"href":"https:\/\/www.biblia.work\/sermones\/wp-json\/wp\/v2\/types\/post"}],"author":[{"embeddable":true,"href":"https:\/\/www.biblia.work\/sermones\/wp-json\/wp\/v2\/users\/1"}],"replies":[{"embeddable":true,"href":"https:\/\/www.biblia.work\/sermones\/wp-json\/wp\/v2\/comments?post=33143"}],"version-history":[{"count":0,"href":"https:\/\/www.biblia.work\/sermones\/wp-json\/wp\/v2\/posts\/33143\/revisions"}],"wp:attachment":[{"href":"https:\/\/www.biblia.work\/sermones\/wp-json\/wp\/v2\/media?parent=33143"}],"wp:term":[{"taxonomy":"category","embeddable":true,"href":"https:\/\/www.biblia.work\/sermones\/wp-json\/wp\/v2\/categories?post=33143"},{"taxonomy":"post_tag","embeddable":true,"href":"https:\/\/www.biblia.work\/sermones\/wp-json\/wp\/v2\/tags?post=33143"}],"curies":[{"name":"wp","href":"https:\/\/api.w.org\/{rel}","templated":true}]}}