{"id":33167,"date":"2016-06-13T17:38:56","date_gmt":"2016-06-13T22:38:56","guid":{"rendered":"http:\/\/www.biblia.work\/sermones\/que-pais-fue-el-primero-en-recibir-la-aprobacion-papal-para-celebrar-la-fiesta-del-sagrado-corazon\/"},"modified":"2016-06-13T17:38:56","modified_gmt":"2016-06-13T22:38:56","slug":"que-pais-fue-el-primero-en-recibir-la-aprobacion-papal-para-celebrar-la-fiesta-del-sagrado-corazon","status":"publish","type":"post","link":"https:\/\/www.biblia.work\/sermones\/que-pais-fue-el-primero-en-recibir-la-aprobacion-papal-para-celebrar-la-fiesta-del-sagrado-corazon\/","title":{"rendered":"\u00bfQu\u00e9 pa\u00eds fue el primero en recibir la aprobaci\u00f3n papal para celebrar la fiesta del Sagrado&nbsp;Coraz\u00f3n?"},"content":{"rendered":"<p><b>Por: Philip Kosloski<\/b><\/p>\n<p align=\"justify\">Adivina cu\u00e1l fue el primer pa\u00eds que recibi\u00f3 la aprobaci\u00f3n papal para celebrar una fiesta en honor del Sagrado Coraz\u00f3n de Jes\u00fas.<\/p>\n<p align=\"justify\">\u00bfPodr\u00eda ser Francia, donde san Juan Eudes y santa Margarita Mar\u00eda fueron promotores de la devoci\u00f3n al Coraz\u00f3n de Jes\u00fas? Pues no.<\/p>\n<p align=\"justify\">\u00bfPodr\u00eda ser Alemania, donde santa Gertrudis la Grande compuso oraciones para el Sagrado Coraz\u00f3n? Tampoco.<\/p>\n<p align=\"justify\">El primer pa\u00eds que instituy\u00f3 una fiesta lit\u00fargica en honor del Sagrado Coraz\u00f3n fue, de entre todos los lugares, <strong>Polonia<\/strong>. As\u00ed lo confirm\u00f3 el papa P\u00edo XII en su enc\u00edclica \u00a0<em>Haurietis aquas<\/em>.<\/p>\n<p align=\"justify\"><em>\u00a0\u201cLa Sagrada Congregaci\u00f3n de Ritos, por decreto del 25 de enero de 1765, aprobado por nuestro predecesor Clemente XIII el 6 de febrero del mismo a\u00f1o, concedi\u00f3 a los Obispos de Polonia y a la Archicofrad\u00eda Romana del Sagrado Coraz\u00f3n de Jes\u00fas la facultad de celebrar la fiesta lit\u00fargica. Con este acto quiso la Santa Sede que tomase nuevo incremento un culto, ya en vigor y floreciente, cuyo fin era \u2018reavivar simb\u00f3licamente el recuerdo del amor divino\u2019, que hab\u00eda llevado al Salvador a hacerse v\u00edctima para expiar los pecados de los hombres\u201d.<\/em><\/p>\n<p align=\"justify\">Esta primera aprobaci\u00f3n de la fiesta lit\u00fargica derrib\u00f3 todas las barreras previas, ya que la petici\u00f3n de una fiesta ya hab\u00eda sido rechazada por papas predecesores.<\/p>\n<p align=\"justify\"><strong>La devoci\u00f3n al Sagrado Coraz\u00f3n se propag\u00f3 r\u00e1pidamente por toda Europa, pero aun as\u00ed, la fiesta tard\u00f3 cerca de cien a\u00f1os en extenderse a la Iglesia universal<\/strong>, con el papa P\u00edo IX en 1856.<\/p>\n<p align=\"justify\">\u00bfC\u00f3mo sucedi\u00f3? <strong>\u00bfPor qu\u00e9 los obispos polacos solicitaron una celebraci\u00f3n lit\u00fargica del Sagrado Coraz\u00f3n a sabiendas de las anteriores negativas de la Santa Sede?<\/strong><\/p>\n<p align=\"justify\">Todo comenz\u00f3 con el padre <strong>Kasper Dru\u017cbicki<\/strong>, un sacerdote jesuita que vivi\u00f3 y trabaj\u00f3 en muchas ciudades de Polonia, Cracovia en particular, donde pas\u00f3 seis a\u00f1os.<\/p>\n<p align=\"justify\">Falleci\u00f3 en 1662 y fue conocido por ser el m\u00e1ximo promotor de la devoci\u00f3n al Sagrado Coraz\u00f3n en Polonia.<\/p>\n<p align=\"justify\">Una de sus obras m\u00e1s importantes fue <em>Meta cordium Cor Jesu<\/em>\u00a0(El Coraz\u00f3n de Jes\u00fas, meta de los corazones), que fue publicada de manera p\u00f3stuma en 1683.<\/p>\n<p align=\"justify\">En este escrito, el padre Kasper explicaba esta especial devoci\u00f3n, adem\u00e1s de muchas oraciones, una Oficina del Sagrado Coraz\u00f3n y las primeras letan\u00edas conocidas del Sagrado Coraz\u00f3n.<\/p>\n<p align=\"justify\">Se cree que escribi\u00f3 esta obra en 1623, mucho antes de que san Juan Eudes escribiera sus letan\u00edas, en 1668.<\/p>\n<p align=\"justify\">Tras la muerte del padre Kasper, la devoci\u00f3n del Sagrado Coraz\u00f3n se extendi\u00f3 y <strong>creci\u00f3 en intensidad con las revelaciones privadas de santa Margarita Mar\u00eda.<\/strong><\/p>\n<p align=\"justify\">Tuvo tan buena acogida entre el pueblo polaco que, en 1726, el rey de Polonia Augusto III realiz\u00f3 una petici\u00f3n a Roma para establecer una fiesta dedicada al Sagrado Coraz\u00f3n.<\/p>\n<p align=\"justify\">Las gentes de Polonia quer\u00edan celebrar p\u00fablicamente su amor y devoci\u00f3n al Coraz\u00f3n de Jes\u00fas y ped\u00edan que se creara una fiesta aparte.<\/p>\n<p align=\"justify\">Parece que Dios estuviera preparando este pa\u00eds para la \u201cchispa\u201d que <a target=\"_blank\" href=\"http:\/\/aleteia.org\/2016\/05\/05\/polands-passion-a-pope-and-divine-providence\/\">prender\u00eda al mundo en las llamas<\/a> de la misericordia de Dios.<\/p>\n<p align=\"justify\">Exactamente doscientos a\u00f1os despu\u00e9s de que se estableciera la fiesta del Sagrado Coraz\u00f3n en Polonia, el arzobispo Karol Wojtyla recibi\u00f3 permiso para investigar la autenticidad de las revelaciones de Divina Misericordia de sor Faustina Kowalska, que estaban \u00edntimamente ligadas a la devoci\u00f3n del Sagrado Coraz\u00f3n.<\/p>\n<p align=\"justify\">La providencia de Dios es siempre de una belleza digna de admiraci\u00f3n y, a trav\u00e9s de estos eventos, podemos ver que Dios siempre nos est\u00e1 dando empujoncitos en la direcci\u00f3n correcta, inspirando a santos de todos los siglos para que proclamen el maravilloso amor de Dios.<\/p>\n<p align=\"justify\"><strong>No es ninguna coincidencia que el papa Francisco nos pidiera mirar a Polonia en busca de inspiraci\u00f3n durante este Jubileo de la Misericordia<\/strong>. Aprendamos de su ejemplo y consagr\u00e9monos al Sacrat\u00edsimo Coraz\u00f3n de Jes\u00fas.<\/p>\n","protected":false},"excerpt":{"rendered":"<p>Por: Philip Kosloski Adivina cu\u00e1l fue el primer pa\u00eds que recibi\u00f3 la aprobaci\u00f3n papal para celebrar una fiesta en honor del Sagrado Coraz\u00f3n de Jes\u00fas. \u00bfPodr\u00eda ser Francia, donde san Juan Eudes y santa Margarita Mar\u00eda fueron promotores de la devoci\u00f3n al Coraz\u00f3n de Jes\u00fas? Pues no. \u00bfPodr\u00eda ser Alemania, donde santa Gertrudis la Grande &hellip; <a href=\"https:\/\/www.biblia.work\/sermones\/que-pais-fue-el-primero-en-recibir-la-aprobacion-papal-para-celebrar-la-fiesta-del-sagrado-corazon\/\" class=\"more-link\">Continuar leyendo<span class=\"screen-reader-text\"> \u00ab\u00bfQu\u00e9 pa\u00eds fue el primero en recibir la aprobaci\u00f3n papal para celebrar la fiesta del Sagrado&nbsp;Coraz\u00f3n?\u00bb<\/span><\/a><\/p>\n","protected":false},"author":1,"featured_media":0,"comment_status":"open","ping_status":"closed","sticky":false,"template":"","format":"standard","meta":{"footnotes":""},"categories":[1],"tags":[],"class_list":["post-33167","post","type-post","status-publish","format-standard","hentry","category-general"],"_links":{"self":[{"href":"https:\/\/www.biblia.work\/sermones\/wp-json\/wp\/v2\/posts\/33167","targetHints":{"allow":["GET"]}}],"collection":[{"href":"https:\/\/www.biblia.work\/sermones\/wp-json\/wp\/v2\/posts"}],"about":[{"href":"https:\/\/www.biblia.work\/sermones\/wp-json\/wp\/v2\/types\/post"}],"author":[{"embeddable":true,"href":"https:\/\/www.biblia.work\/sermones\/wp-json\/wp\/v2\/users\/1"}],"replies":[{"embeddable":true,"href":"https:\/\/www.biblia.work\/sermones\/wp-json\/wp\/v2\/comments?post=33167"}],"version-history":[{"count":0,"href":"https:\/\/www.biblia.work\/sermones\/wp-json\/wp\/v2\/posts\/33167\/revisions"}],"wp:attachment":[{"href":"https:\/\/www.biblia.work\/sermones\/wp-json\/wp\/v2\/media?parent=33167"}],"wp:term":[{"taxonomy":"category","embeddable":true,"href":"https:\/\/www.biblia.work\/sermones\/wp-json\/wp\/v2\/categories?post=33167"},{"taxonomy":"post_tag","embeddable":true,"href":"https:\/\/www.biblia.work\/sermones\/wp-json\/wp\/v2\/tags?post=33167"}],"curies":[{"name":"wp","href":"https:\/\/api.w.org\/{rel}","templated":true}]}}