{"id":33177,"date":"2016-06-13T17:39:21","date_gmt":"2016-06-13T22:39:21","guid":{"rendered":"http:\/\/www.biblia.work\/sermones\/5-momentos-en-los-que-puedes-recurrir-a-maria\/"},"modified":"2016-06-13T17:39:21","modified_gmt":"2016-06-13T22:39:21","slug":"5-momentos-en-los-que-puedes-recurrir-a-maria","status":"publish","type":"post","link":"https:\/\/www.biblia.work\/sermones\/5-momentos-en-los-que-puedes-recurrir-a-maria\/","title":{"rendered":"5 momentos en los que puedes recurrir a&nbsp;Mar\u00eda"},"content":{"rendered":"<p><b>Por: Catholic Link<\/b><\/p>\n<p align=\"justify\">Hablar de mi Mam\u00e1 del Cielo es dif\u00edcil para m\u00ed. Tengo que reconocer que soy parcial. \u00a1Amo a la <strong>Virgen Mar\u00eda<\/strong> con todo mi coraz\u00f3n! Mar\u00eda es la mujer por excelencia, es la mujer m\u00e1s sublime que sali\u00f3 del amor de Dios Padre. Y siendo tan sublime como es, se requieren grandes m\u00edsticos para describirla, y para cantar sus alabanzas.<\/p>\n<p align=\"justify\">Como no soy un gran m\u00edstico y est\u00e1 terminando el mes de Mar\u00eda, al no poder cantarle grandes alabanzas a mi Madre, s\u00ed puedo decir, en voz baja, una oraci\u00f3n de acci\u00f3n de gracias por ser Ella tan humana como sublime.<\/p>\n<p align=\"justify\">Probablemente nuestra Madre haya hecho muchas cosas sublimes en la Tierra. Los Evangelios recogen algunas de ellas para darnos indicios de <a target=\"_blank\" href=\"http:\/\/catholic-link.com\/2016\/05\/28\/extraordinarias-frases-santos-marianos\/\">c\u00f3mo era<\/a>: Las bodas de Can\u00e1 para ver en Ella a la intercesi\u00f3n todopoderosa que hizo adelantar su hora a Nuestro Se\u00f1or; o junto a la Cruz en el Calvario, para ver en Ella, con su coraz\u00f3n atravesado por una espada, a aquella que primero uni\u00f3 sus dolores a la Pasi\u00f3n de Nuestro Se\u00f1or para abrirnos las puertas del Cielo.<\/p>\n<p align=\"justify\">Curiosamente, algunos de esos episodios tan sublimes son episodios de lo m\u00e1s corrientes: una mujer visita a su prima para asistirla en su parto, un ni\u00f1o se pierde en medio de una fiesta religiosa, una madre va a una boda con su hijo\u2026, no parecen los episodios de una novela \u00e9pica, sino los menesteres cotidianos de una familia cualquiera en un tiempo cualquiera.<\/p>\n<p align=\"justify\"><strong>Detr\u00e1s de estos misterios que contemplamos en el rosario, hay una mujer que por haber sido concebida sin mancha de pecado original, hace sublime lo cotidiano.<\/strong> Que todo lo que toca lo convierte en Divino. Ella es tan sublime como el Cielo, y tan cotidiana como el pan.<\/p>\n<div class=\"code-block code-block-4 ai-phone\">\u00a0El Evangelio y el rosario nos proponen la contemplaci\u00f3n de los grandes misterios de la vida de Mar\u00eda: la<a target=\"_blank\" href=\"http:\/\/catholic-link.com\/2015\/03\/25\/7-actitudes-virgen-fiesta-anunciacion-encarnacion\/\"> anunciaci\u00f3n-encarnaci\u00f3n<\/a>, el calvario de su coraz\u00f3n de madre, su asunci\u00f3n. Son todos misterios que uno no termina nunca de meditarlos. \u00a1Pero tambi\u00e9n nuestra Madre del Cielo vivi\u00f3 una vida completamente humana, con las mismas dificultades que nosotros pasamos a diario.<\/div>\n<div class=\"code-block code-block-4 ai-phone\"><\/div>\n<div class=\"code-block code-block-4 ai-phone\"><strong>\u00bfC\u00f3mo no pedirle que nos socorra cuando la vida se pone dif\u00edcil, o mon\u00f3tona, o triste, cuando ella pas\u00f3 por esas mismas dificultades, arideces o tristezas?<\/strong>\u00a0Ella nos comprende totalmente, y, como mediadora de todas las Gracias e intercesora todopoderosa, est\u00e1 dispuesta a pedirle a su hijo por nuestras dificultades, no importa cu\u00e1n triviales nos parezcan, a ella todas le parecen importantes.<\/div>\n<h2><\/h2>\n<h2><b>1. En nuestros momentos de duda<\/b><\/h2>\n<h5><b><img loading=\"lazy\" decoding=\"async\" class=\"aligncenter wp-image-29398\" src=\"https:\/\/s0.wp.com\/wp-content\/themes\/vip\/plugins\/lazy-load\/images\/1x1.trans.gif\" data-lazy-src=\"http:\/\/catholic-link.com\/wp-content\/uploads\/2016\/05\/duda-1.jpg\" alt=\"duda\" width=\"877\" height=\"548\" \/><noscript><img loading=\"lazy\" decoding=\"async\" class=\"aligncenter wp-image-29398\" src=\"http:\/\/catholic-link.com\/wp-content\/uploads\/2016\/05\/duda-1.jpg\" alt=\"duda\" width=\"877\" height=\"548\" \/><\/noscript><\/b>\u00a9unsplash.com<\/h5>\n<p align=\"justify\">Cuando contemplamos a Mar\u00eda en la anunciaci\u00f3n, la vemos casi siempre en el \u00abFiat\u00bb:\u00a0\u00abH\u00e1gase en m\u00ed seg\u00fan tu palabra\u00bb. Y nos olvidamos que ella tambi\u00e9n dud\u00f3. La Madre de Dios era una ni\u00f1a de acuerdo a nuestros par\u00e1metros modernos. La enormidad de lo que le estaba diciendo el \u00c1ngel tiene que haber conmovido su esp\u00edritu, tanto que inmediatamente le pregunta: \u00ab\u00bfC\u00f3mo ser\u00e1 eso posible, si no conozco var\u00f3n?\u00bb. <strong>Cuando dudemos, cuando sintamos que lo que Dios nos pide es demasiado; invoquemos a Mar\u00eda y pid\u00e1mosle que nos inspire ese \u00abFiat\u00bb que ella supo dar.<\/strong><\/p>\n<p align=\"justify\">&nbsp;<\/p>\n<h2><b>2. En los momentos que tememos al dolor<\/b><\/h2>\n<h5><img loading=\"lazy\" decoding=\"async\" class=\"aligncenter wp-image-29399\" src=\"https:\/\/s0.wp.com\/wp-content\/themes\/vip\/plugins\/lazy-load\/images\/1x1.trans.gif\" data-lazy-src=\"http:\/\/catholic-link.com\/wp-content\/uploads\/2016\/05\/dolor.jpg\" alt=\"dolor\" width=\"877\" height=\"548\" \/><noscript><img loading=\"lazy\" decoding=\"async\" class=\"aligncenter wp-image-29399\" src=\"http:\/\/catholic-link.com\/wp-content\/uploads\/2016\/05\/dolor.jpg\" alt=\"dolor\" width=\"877\" height=\"548\" \/><\/noscript>\u00a9pixabay.com<\/h5>\n<p align=\"justify\">Cuando Sime\u00f3n le profetiza a Mar\u00eda que una espada le atravesar\u00eda el coraz\u00f3n, \u00bfqu\u00e9 habr\u00e1 sentido la Virgen? Ninguna madre del mundo querr\u00eda saber que su hijo ser\u00eda signo de contradicci\u00f3n, y aunque Mar\u00eda aceptaba la voluntad del Padre con sumisi\u00f3n perfecta, \u00bfno se habr\u00e1 entristecido su alma? <strong>Cuando estamos paralizados por el temor, cuando tenemos p\u00e1nico de que la Cruz que nos espera va a ser\u00a0demasiado para nuestros hombros; pid\u00e1mosle a nuestra Madre que nos de la fortaleza que nos falta.<\/strong><\/p>\n<div class=\"code-block code-block-10 ai-tablet\">\n<h6><\/h6>\n<\/div>\n<h2><b>3. Cuando creemos que perdemos a nuestros hijos<\/b><\/h2>\n<h5><img loading=\"lazy\" decoding=\"async\" class=\"aligncenter wp-image-29401\" src=\"https:\/\/s0.wp.com\/wp-content\/themes\/vip\/plugins\/lazy-load\/images\/1x1.trans.gif\" data-lazy-src=\"http:\/\/catholic-link.com\/wp-content\/uploads\/2016\/05\/perder.jpg\" alt=\"perder\" width=\"877\" height=\"549\" \/><noscript><img loading=\"lazy\" decoding=\"async\" class=\"aligncenter wp-image-29401\" src=\"http:\/\/catholic-link.com\/wp-content\/uploads\/2016\/05\/perder.jpg\" alt=\"perder\" width=\"877\" height=\"549\" \/><\/noscript>\u00a9unsplash.com<\/h5>\n<p align=\"justify\">El Ni\u00f1o Jes\u00fas perdido y hallado en el templo. Sus padres terriblemente ansiosos lo buscan entre los parientes y recorren el camino de vuelta a Jerusal\u00e9n hasta que finalmente lo encuentran entre los doctores. \u00bfQu\u00e9 habr\u00e1 pasado por el alma de la Virgen mientras no lo encontraba? \u00bfQu\u00e9 habr\u00e1 pasado cuando lo encontr\u00f3 en medio de los notables de Israel? \u00bfMiedo, ansiedad, culpa por no haberlo cuidado? Cualquier madre que pierde a un hijo casi inmediatamente piensa:\u00a0\u00abqu\u00e9 mala madre soy, no supe cuidarlo\u00bb. Tal vez esos pensamientos pasaron por la mente de la Virgen. Cuando creemos que nuestros hijos \u00abtoman un mal camino\u00bb, <strong>cuando estemos angustiados porque no sabemos hacia d\u00f3nde se dirigen nuestros hijos; invoquemos a la Madre y pid\u00e1mosle que nos calme y que gu\u00ede a nuestros hijos en sus dificultades.<\/strong><\/p>\n<p align=\"justify\">&nbsp;<\/p>\n<h2><b>4. Cuando estamos a los pies de la cruz por la enfermedad de alguien a qui\u00e9n queremos<\/b><\/h2>\n<h5><img loading=\"lazy\" decoding=\"async\" class=\"aligncenter wp-image-29400\" src=\"https:\/\/s0.wp.com\/wp-content\/themes\/vip\/plugins\/lazy-load\/images\/1x1.trans.gif\" data-lazy-src=\"http:\/\/catholic-link.com\/wp-content\/uploads\/2016\/05\/hijos.jpg\" alt=\"hijos\" width=\"877\" height=\"548\" \/><noscript><img loading=\"lazy\" decoding=\"async\" class=\"aligncenter wp-image-29400\" src=\"http:\/\/catholic-link.com\/wp-content\/uploads\/2016\/05\/hijos.jpg\" alt=\"hijos\" width=\"877\" height=\"548\" \/><\/noscript>\u00a9unsplash.com<\/h5>\n<p align=\"justify\">La profec\u00eda de Sime\u00f3n finalmente se hizo real. Todo el dolor del mundo se abate sobre el Inmaculado Coraz\u00f3n de Mar\u00eda. Su hijo es \u00abvar\u00f3n de dolores\u00bb, y ella es \u00abmujer de dolores\u00bb. A la que se le ahorraron los dolores del parto, debe haber sentido ese dolor como un profundo desgarro del alma.<strong> \u00bfQu\u00e9 padre que ve sufrir a su hijo no le ofrece a Dios cambiar de lugar con \u00e9l?\u00a0<\/strong>\u00a0Cuando tenemos a un hijo enfermo, sufriendo, subido a la cruz, \u00a1invoqu\u00e9mosla! \u00a1Ella sabe que los padres sufrimos como si fueran propios, porque Ella hizo propios los sufrimientos de Nuestro Se\u00f1or.<\/p>\n<h2><\/h2>\n<h2><b>5. En los momentos que salimos al encuentro y no somos comprendidos<\/b><\/h2>\n<h5><img loading=\"lazy\" decoding=\"async\" class=\"aligncenter wp-image-29403\" src=\"https:\/\/s0.wp.com\/wp-content\/themes\/vip\/plugins\/lazy-load\/images\/1x1.trans.gif\" data-lazy-src=\"http:\/\/catholic-link.com\/wp-content\/uploads\/2016\/05\/comprendidos.jpg\" width=\"877\" height=\"548\" \/><noscript><img loading=\"lazy\" decoding=\"async\" class=\"aligncenter wp-image-29403\" src=\"http:\/\/catholic-link.com\/wp-content\/uploads\/2016\/05\/comprendidos.jpg\" width=\"877\" height=\"548\" \/><\/noscript>\u00a9Adobestock.com<\/h5>\n<p align=\"justify\">En Can\u00e1 de Galilea la vemos preocupada como aut\u00e9ntica madre, por el \u00e9xito de una fiesta de bodas. \u00bfNo es conmovedor su gesto? Ella sola se da cuenta de que no tienen vino y le pide a Jes\u00fas que convierta el agua en vino. Jes\u00fas parece contestarle destempladamente, incluso la llama \u00abmujer\u00bb, como poniendo distancia. Sin embargo, ella inmediatamente le dice a los sirvientes que \u00abhagan lo que \u00c9l les diga\u00bb. <strong>Muchas veces, cuando salimos al encuentro de los dem\u00e1s, sentimos que rechazan nuestra ayuda, y a veces nos pagan mal con bien. \u00a1Es el momento de invocar a Nuestra Madre y pedirle que nos d\u00e9 fuerzas para \u00abhacer lo que \u00c9l nos dice\u00bb!<\/strong><\/p>\n<p align=\"justify\"><em>Art\u00edculo originalmente publicado por <a target=\"_blank\" href=\"http:\/\/catholic-link.com\/2016\/05\/30\/galeria-5-momentos-recurrir-maria\/?utm_content=buffera895e&amp;utm_medium=social&amp;utm_source=facebook.com&amp;utm_campaign=buffer\">Catholic Link<\/a><\/em><\/p>\n","protected":false},"excerpt":{"rendered":"<p>Por: Catholic Link Hablar de mi Mam\u00e1 del Cielo es dif\u00edcil para m\u00ed. Tengo que reconocer que soy parcial. \u00a1Amo a la Virgen Mar\u00eda con todo mi coraz\u00f3n! Mar\u00eda es la mujer por excelencia, es la mujer m\u00e1s sublime que sali\u00f3 del amor de Dios Padre. Y siendo tan sublime como es, se requieren grandes &hellip; <a href=\"https:\/\/www.biblia.work\/sermones\/5-momentos-en-los-que-puedes-recurrir-a-maria\/\" class=\"more-link\">Continuar leyendo<span class=\"screen-reader-text\"> \u00ab5 momentos en los que puedes recurrir a&nbsp;Mar\u00eda\u00bb<\/span><\/a><\/p>\n","protected":false},"author":1,"featured_media":0,"comment_status":"open","ping_status":"closed","sticky":false,"template":"","format":"standard","meta":{"footnotes":""},"categories":[1],"tags":[],"class_list":["post-33177","post","type-post","status-publish","format-standard","hentry","category-general"],"_links":{"self":[{"href":"https:\/\/www.biblia.work\/sermones\/wp-json\/wp\/v2\/posts\/33177","targetHints":{"allow":["GET"]}}],"collection":[{"href":"https:\/\/www.biblia.work\/sermones\/wp-json\/wp\/v2\/posts"}],"about":[{"href":"https:\/\/www.biblia.work\/sermones\/wp-json\/wp\/v2\/types\/post"}],"author":[{"embeddable":true,"href":"https:\/\/www.biblia.work\/sermones\/wp-json\/wp\/v2\/users\/1"}],"replies":[{"embeddable":true,"href":"https:\/\/www.biblia.work\/sermones\/wp-json\/wp\/v2\/comments?post=33177"}],"version-history":[{"count":0,"href":"https:\/\/www.biblia.work\/sermones\/wp-json\/wp\/v2\/posts\/33177\/revisions"}],"wp:attachment":[{"href":"https:\/\/www.biblia.work\/sermones\/wp-json\/wp\/v2\/media?parent=33177"}],"wp:term":[{"taxonomy":"category","embeddable":true,"href":"https:\/\/www.biblia.work\/sermones\/wp-json\/wp\/v2\/categories?post=33177"},{"taxonomy":"post_tag","embeddable":true,"href":"https:\/\/www.biblia.work\/sermones\/wp-json\/wp\/v2\/tags?post=33177"}],"curies":[{"name":"wp","href":"https:\/\/api.w.org\/{rel}","templated":true}]}}