{"id":33178,"date":"2016-06-13T17:39:23","date_gmt":"2016-06-13T22:39:23","guid":{"rendered":"http:\/\/www.biblia.work\/sermones\/papa-francisco-quien-se-cree-justo-y-desprecia-a-los-demas-es-un-corrupto-e-hipocrita\/"},"modified":"2016-06-13T17:39:23","modified_gmt":"2016-06-13T22:39:23","slug":"papa-francisco-quien-se-cree-justo-y-desprecia-a-los-demas-es-un-corrupto-e-hipocrita","status":"publish","type":"post","link":"https:\/\/www.biblia.work\/sermones\/papa-francisco-quien-se-cree-justo-y-desprecia-a-los-demas-es-un-corrupto-e-hipocrita\/","title":{"rendered":"Papa Francisco: \u201cQuien se cree justo y desprecia a los dem\u00e1s es un corrupto e&nbsp;hip\u00f3crita\u201d"},"content":{"rendered":"<p><b>Por: Ary Waldir Ramos D\u00edaz<\/b><\/p>\n<p align=\"justify\">\u201cEn la vida quien se cree justo y juzga a los dem\u00e1s y los desprecia es un corrupto e hip\u00f3crita\u201d, sentenci\u00f3 el papa Francisco este mi\u00e9rcoles 1 de junio durante la audiencia general en la plaza de San Pedro del Vaticano.<\/p>\n<p align=\"justify\">\u201cEl orgullo afecta a toda buena acci\u00f3n, vac\u00eda la oraci\u00f3n, aleja de Dios y de los dem\u00e1s\u201d, a\u00f1adi\u00f3.<\/p>\n<p align=\"justify\">En esta ocasi\u00f3n, reflexion\u00f3 sobre la par\u00e1bola del fariseo y el publicano, que suben al templo para orar.<\/p>\n<p align=\"justify\">\u201cJes\u00fas nos ense\u00f1a la actitud correcta para orar e invocar la misericordia del Padre\u201d, subray\u00f3.<\/p>\n<p align=\"justify\">El Pont\u00edfice invit\u00f3 a los 15.000 fieles presentes a repetir en coro tres veces: &#8220;<strong>Oh, Dios, ten piedad de m\u00ed, pecador&#8221;.<\/strong><\/p>\n<p align=\"justify\">En otro momento, dejando las hojas de la catequesis preparada pregunt\u00f3: \u201c\u00bfSe puede orar con arrogancia? \u00a1No! \u00bfSe puede rezar con hipocres\u00eda? \u00a1No! <strong>Solamente debemos rezar a Dios as\u00ed como nosotros somos<\/strong>, pero el fariseo rezaba con arrogancia e hipocres\u00eda\u201d.<\/p>\n<p align=\"justify\"><strong>Dios prefiere la oraci\u00f3n sencilla&#8230;<\/strong><\/p>\n<p align=\"justify\">El obispo de Roma rememor\u00f3: \u201cSi Dios prefiere la humildad no es para degradarnos: <strong>la humildad es m\u00e1s bien la condici\u00f3n necesaria para ser realzados por \u00c9l, con el fin de experimentar la misericordia que viene a llenar nuestros vac\u00edos<\/strong>\u201d.<\/p>\n<p align=\"justify\">\u201cSi la oraci\u00f3n del soberbio no llega al coraz\u00f3n de Dios, la humildad del miserable lo abre de par en par. \u00a1Dios tiene una debilidad por los humildes! Ante\u00a0un coraz\u00f3n humilde, Dios abre su coraz\u00f3n\u201d, anot\u00f3.<\/p>\n<p align=\"justify\"><strong>El modelo del fariseo (soberbia)<\/strong><\/p>\n<p align=\"justify\">En la <a target=\"_blank\" href=\"http:\/\/es.aleteia.org\/2016\/06\/01\/papa-francisco-se-puede-orar-con-arrogancia-no\/\">catequesis<\/a>, el Papa insisti\u00f3 en que la oraci\u00f3n no es un acto de vanidad.\u201cEl fariseo hace una oraci\u00f3n de agradecimiento en la que se complace consigo\u00a0mismo por el cumplimiento de la ley, se siente irreprensible y desprecia a los dem\u00e1s. Su soberbia compromete toda obra buena\u201d, constat\u00f3.<\/p>\n<p align=\"justify\"><strong>El modelo del publicano (humildad)<\/strong><\/p>\n<p align=\"justify\">De esta manera, la oraci\u00f3n, seg\u00fan papa Bergoglio, requiere la humildad y presentarse ante Dios tal y como somos.<\/p>\n<p align=\"justify\">\u201cEl publicano ora con humildad, arrepentido de sus pecados, mendiga la misericordia de Dios. Nos recuerda la condici\u00f3n necesaria para recibir el perd\u00f3n del Se\u00f1or y se convierte en imagen del verdadero creyente\u201d, constat\u00f3.<\/p>\n<p align=\"justify\">Y se\u00f1al\u00f3: \u201cla oraci\u00f3n del soberbio no alcanza el coraz\u00f3n de Dios, la oraci\u00f3n humilde obtiene su misericordia\u201d.<\/p>\n<p align=\"justify\"><strong>Dios en el silencio&#8230;<\/strong><\/p>\n<p align=\"justify\">Acto seguido evoc\u00f3 la cotidianidad de un mundo que crece a ritmo fren\u00e9tico poblado de personas que corren sin saber a donde ir y que no saben orar o buscar\u00a0el\u00a0tiempo para el silencio del encuentro con Dios.<\/p>\n<p align=\"justify\">Francisco sostuvo: \u2018<strong>Todos somos presa del frenes\u00ed del ritmo diario, a menudo a merced de sentimientos, que aturden y confunden&#8221;<\/strong>.<\/p>\n<p align=\"justify\">&#8220;<strong>Es importante aprender a encontrar el camino hacia nuestro coraz\u00f3n, recuperar el valor de la intimidad y el silencio, porque ah\u00ed es donde Dios se encuentra con nosotros y nos habla\u201d.<\/strong><\/p>\n<p align=\"justify\">\u201cNosotros hoy, <strong>m\u00e1s que preguntarnos <em>cu\u00e1nto<\/em> rezamos, podemos preguntarnos <em>c\u00f3mo<\/em> lo hacemos<em>, <\/em>o mejor <em>c\u00f3mo es nuestro coraz\u00f3n<\/em><\/strong> para valorar los pensamientos y sentimientos, y eliminar toda arrogancia\u201d, explic\u00f3 en espa\u00f1ol.<\/p>\n<p align=\"justify\"><strong>La Virgen, maestra de humildad<\/strong><\/p>\n<p align=\"justify\">Por \u00faltimo el Papa salud\u00f3 cordialmente a los peregrinos de lengua espa\u00f1ola, en particular a los grupos provenientes de Espa\u00f1a y Latinoam\u00e9rica.<\/p>\n<p align=\"justify\">\u201cQue la Virgen Mar\u00eda, nuestra Madre, que proclama en el <em>Magnificat <\/em>la misericordia del Se\u00f1or, nos ayude a orar siempre con un coraz\u00f3n semejante al suyo\u201d, concluy\u00f3.<\/p>\n<p align=\"justify\"><strong>Ver el texto completo <a target=\"_blank\" href=\"http:\/\/es.aleteia.org\/2016\/06\/01\/papa-francisco-se-puede-orar-con-arrogancia-no\/\">aqu\u00ed<\/a><\/strong><\/p>\n<div class=\"tiled-gallery type-rectangular tiled-gallery-unresized\" data-original-width=\"1440\" data-carousel-extra='{&quot;blog_id&quot;:95521297,&quot;permalink&quot;:&quot;http:\/\/es.aleteia.org\/2016\/06\/01\/papa-francisco-quien-se-cree-justo-y-desprecia-a-los-demas-es-un-corrupto-e-hipocrita\/&quot;,&quot;likes_blog_id&quot;:95521297}' >\n<div class=\"gallery-row\" style=\"width: 1440px; height: 889px;\" data-original-width=\"1440\" data-original-height=\"889\" >\n<div class=\"gallery-group images-4\" style=\"width: 332px; height: 889px;\" data-original-width=\"332\" data-original-height=\"889\" >\n<div class=\"tiled-gallery-item tiled-gallery-item-large\"> <a href=\"http:\/\/es.aleteia.org\/24298lpr_129dfc546578762\/\" border=\"0\"> <img loading=\"lazy\" decoding=\"async\" data-attachment-id=\"100161\" data-orig-file=\"https:\/\/aleteiaspanish.files.wordpress.com\/2016\/06\/24298lpr_129dfc546578762.jpg\" data-orig-size=\"1440,960\" data-comments-opened=\"1\" data-image-meta=\"{&quot;aperture&quot;:&quot;0&quot;,&quot;credit&quot;:&quot;&quot;,&quot;camera&quot;:&quot;&quot;,&quot;caption&quot;:&quot;&quot;,&quot;created_timestamp&quot;:&quot;0&quot;,&quot;copyright&quot;:&quot;&quot;,&quot;focal_length&quot;:&quot;0&quot;,&quot;iso&quot;:&quot;0&quot;,&quot;shutter_speed&quot;:&quot;0&quot;,&quot;title&quot;:&quot;&quot;,&quot;orientation&quot;:&quot;0&quot;}\" data-image-title=\"Pope Francis General Audience June 01, 2016\" data-image-description=\"\" data-medium-file=\"https:\/\/aleteiaspanish.files.wordpress.com\/2016\/06\/24298lpr_129dfc546578762.jpg?w=300\" data-large-file=\"https:\/\/aleteiaspanish.files.wordpress.com\/2016\/06\/24298lpr_129dfc546578762.jpg?w=1024\" src=\"https:\/\/s0.wp.com\/wp-content\/themes\/vip\/plugins\/lazy-load\/images\/1x1.trans.gif\" data-lazy-src=\"https:\/\/aleteiaspanish.files.wordpress.com\/2016\/06\/24298lpr_129dfc546578762.jpg?w=328&#038;h=218&#038;crop=1\" width=\"328\" height=\"218\" data-original-width=\"328\" data-original-height=\"218\" title=\"Pope Francis General Audience June 01, 2016\" alt=\"Audiencia general 1 de junio 2016\" style=\"width: 328px; height: 218px;\" \/><noscript><img loading=\"lazy\" decoding=\"async\" data-attachment-id=\"100161\" data-orig-file=\"https:\/\/aleteiaspanish.files.wordpress.com\/2016\/06\/24298lpr_129dfc546578762.jpg\" data-orig-size=\"1440,960\" data-comments-opened=\"1\" data-image-meta=\"{&quot;aperture&quot;:&quot;0&quot;,&quot;credit&quot;:&quot;&quot;,&quot;camera&quot;:&quot;&quot;,&quot;caption&quot;:&quot;&quot;,&quot;created_timestamp&quot;:&quot;0&quot;,&quot;copyright&quot;:&quot;&quot;,&quot;focal_length&quot;:&quot;0&quot;,&quot;iso&quot;:&quot;0&quot;,&quot;shutter_speed&quot;:&quot;0&quot;,&quot;title&quot;:&quot;&quot;,&quot;orientation&quot;:&quot;0&quot;}\" data-image-title=\"Pope Francis General Audience June 01, 2016\" data-image-description=\"\" data-medium-file=\"https:\/\/aleteiaspanish.files.wordpress.com\/2016\/06\/24298lpr_129dfc546578762.jpg?w=300\" data-large-file=\"https:\/\/aleteiaspanish.files.wordpress.com\/2016\/06\/24298lpr_129dfc546578762.jpg?w=1024\" src=\"https:\/\/aleteiaspanish.files.wordpress.com\/2016\/06\/24298lpr_129dfc546578762.jpg?w=328&#038;h=218&#038;crop=1\" width=\"328\" height=\"218\" data-original-width=\"328\" data-original-height=\"218\" title=\"Pope Francis General Audience June 01, 2016\" alt=\"Audiencia general 1 de junio 2016\" style=\"width: 328px; height: 218px;\" \/><\/noscript> <\/a> <\/p>\n<div class=\"tiled-gallery-caption\"> Audiencia general 1 de junio 2016 <\/div>\n<\/p><\/div>\n<div class=\"tiled-gallery-item tiled-gallery-item-large\"> <a href=\"http:\/\/es.aleteia.org\/24302lpr_f1b7c74281cc0a3\/\" border=\"0\"> <img loading=\"lazy\" decoding=\"async\" data-attachment-id=\"100160\" data-orig-file=\"https:\/\/aleteiaspanish.files.wordpress.com\/2016\/06\/24302lpr_f1b7c74281cc0a3.jpg\" data-orig-size=\"1440,958\" data-comments-opened=\"1\" data-image-meta=\"{&quot;aperture&quot;:&quot;0&quot;,&quot;credit&quot;:&quot;&quot;,&quot;camera&quot;:&quot;&quot;,&quot;caption&quot;:&quot;&quot;,&quot;created_timestamp&quot;:&quot;0&quot;,&quot;copyright&quot;:&quot;&quot;,&quot;focal_length&quot;:&quot;0&quot;,&quot;iso&quot;:&quot;0&quot;,&quot;shutter_speed&quot;:&quot;0&quot;,&quot;title&quot;:&quot;&quot;,&quot;orientation&quot;:&quot;0&quot;}\" data-image-title=\"Pope Francis General Audience June 01, 2016\" data-image-description=\"\" data-medium-file=\"https:\/\/aleteiaspanish.files.wordpress.com\/2016\/06\/24302lpr_f1b7c74281cc0a3.jpg?w=300\" data-large-file=\"https:\/\/aleteiaspanish.files.wordpress.com\/2016\/06\/24302lpr_f1b7c74281cc0a3.jpg?w=1024\" src=\"https:\/\/s0.wp.com\/wp-content\/themes\/vip\/plugins\/lazy-load\/images\/1x1.trans.gif\" data-lazy-src=\"https:\/\/aleteiaspanish.files.wordpress.com\/2016\/06\/24302lpr_f1b7c74281cc0a3.jpg?w=328&#038;h=218&#038;crop=1\" width=\"328\" height=\"218\" data-original-width=\"328\" data-original-height=\"218\" title=\"Pope Francis General Audience June 01, 2016\" alt=\"El papa Francisco con los 15.000 fieles presentes en la plaza de San Pedro\" style=\"width: 328px; height: 218px;\" \/><noscript><img loading=\"lazy\" decoding=\"async\" data-attachment-id=\"100160\" data-orig-file=\"https:\/\/aleteiaspanish.files.wordpress.com\/2016\/06\/24302lpr_f1b7c74281cc0a3.jpg\" data-orig-size=\"1440,958\" data-comments-opened=\"1\" data-image-meta=\"{&quot;aperture&quot;:&quot;0&quot;,&quot;credit&quot;:&quot;&quot;,&quot;camera&quot;:&quot;&quot;,&quot;caption&quot;:&quot;&quot;,&quot;created_timestamp&quot;:&quot;0&quot;,&quot;copyright&quot;:&quot;&quot;,&quot;focal_length&quot;:&quot;0&quot;,&quot;iso&quot;:&quot;0&quot;,&quot;shutter_speed&quot;:&quot;0&quot;,&quot;title&quot;:&quot;&quot;,&quot;orientation&quot;:&quot;0&quot;}\" data-image-title=\"Pope Francis General Audience June 01, 2016\" data-image-description=\"\" data-medium-file=\"https:\/\/aleteiaspanish.files.wordpress.com\/2016\/06\/24302lpr_f1b7c74281cc0a3.jpg?w=300\" data-large-file=\"https:\/\/aleteiaspanish.files.wordpress.com\/2016\/06\/24302lpr_f1b7c74281cc0a3.jpg?w=1024\" src=\"https:\/\/aleteiaspanish.files.wordpress.com\/2016\/06\/24302lpr_f1b7c74281cc0a3.jpg?w=328&#038;h=218&#038;crop=1\" width=\"328\" height=\"218\" data-original-width=\"328\" data-original-height=\"218\" title=\"Pope Francis General Audience June 01, 2016\" alt=\"El papa Francisco con los 15.000 fieles presentes en la plaza de San Pedro\" style=\"width: 328px; height: 218px;\" \/><\/noscript> <\/a> <\/p>\n<div class=\"tiled-gallery-caption\"> El papa Francisco con los 15.000 fieles presentes en la plaza de San Pedro <\/div>\n<\/p><\/div>\n<div class=\"tiled-gallery-item tiled-gallery-item-large\"> <a href=\"http:\/\/es.aleteia.org\/24305lpr_2fff75f012f49db\/\" border=\"0\"> <img loading=\"lazy\" decoding=\"async\" data-attachment-id=\"100159\" data-orig-file=\"https:\/\/aleteiaspanish.files.wordpress.com\/2016\/06\/24305lpr_2fff75f012f49db.jpg\" data-orig-size=\"1440,960\" data-comments-opened=\"1\" data-image-meta=\"{&quot;aperture&quot;:&quot;0&quot;,&quot;credit&quot;:&quot;&quot;,&quot;camera&quot;:&quot;&quot;,&quot;caption&quot;:&quot;&quot;,&quot;created_timestamp&quot;:&quot;0&quot;,&quot;copyright&quot;:&quot;&quot;,&quot;focal_length&quot;:&quot;0&quot;,&quot;iso&quot;:&quot;0&quot;,&quot;shutter_speed&quot;:&quot;0&quot;,&quot;title&quot;:&quot;&quot;,&quot;orientation&quot;:&quot;0&quot;}\" data-image-title=\"Pope Francis General Audience June 01, 2016\" data-image-description=\"\" data-medium-file=\"https:\/\/aleteiaspanish.files.wordpress.com\/2016\/06\/24305lpr_2fff75f012f49db.jpg?w=300\" data-large-file=\"https:\/\/aleteiaspanish.files.wordpress.com\/2016\/06\/24305lpr_2fff75f012f49db.jpg?w=1024\" src=\"https:\/\/s0.wp.com\/wp-content\/themes\/vip\/plugins\/lazy-load\/images\/1x1.trans.gif\" data-lazy-src=\"https:\/\/aleteiaspanish.files.wordpress.com\/2016\/06\/24305lpr_2fff75f012f49db.jpg?w=328&#038;h=219&#038;crop=1\" width=\"328\" height=\"219\" data-original-width=\"328\" data-original-height=\"219\" title=\"Pope Francis General Audience June 01, 2016\" alt=\"El papa Francisco dedica su catequesis a la par\u00e1bola del fariseo y el publicano\" style=\"width: 328px; height: 219px;\" \/><noscript><img loading=\"lazy\" decoding=\"async\" data-attachment-id=\"100159\" data-orig-file=\"https:\/\/aleteiaspanish.files.wordpress.com\/2016\/06\/24305lpr_2fff75f012f49db.jpg\" data-orig-size=\"1440,960\" data-comments-opened=\"1\" data-image-meta=\"{&quot;aperture&quot;:&quot;0&quot;,&quot;credit&quot;:&quot;&quot;,&quot;camera&quot;:&quot;&quot;,&quot;caption&quot;:&quot;&quot;,&quot;created_timestamp&quot;:&quot;0&quot;,&quot;copyright&quot;:&quot;&quot;,&quot;focal_length&quot;:&quot;0&quot;,&quot;iso&quot;:&quot;0&quot;,&quot;shutter_speed&quot;:&quot;0&quot;,&quot;title&quot;:&quot;&quot;,&quot;orientation&quot;:&quot;0&quot;}\" data-image-title=\"Pope Francis General Audience June 01, 2016\" data-image-description=\"\" data-medium-file=\"https:\/\/aleteiaspanish.files.wordpress.com\/2016\/06\/24305lpr_2fff75f012f49db.jpg?w=300\" data-large-file=\"https:\/\/aleteiaspanish.files.wordpress.com\/2016\/06\/24305lpr_2fff75f012f49db.jpg?w=1024\" src=\"https:\/\/aleteiaspanish.files.wordpress.com\/2016\/06\/24305lpr_2fff75f012f49db.jpg?w=328&#038;h=219&#038;crop=1\" width=\"328\" height=\"219\" data-original-width=\"328\" data-original-height=\"219\" title=\"Pope Francis General Audience June 01, 2016\" alt=\"El papa Francisco dedica su catequesis a la par\u00e1bola del fariseo y el publicano\" style=\"width: 328px; height: 219px;\" \/><\/noscript> <\/a> <\/p>\n<div class=\"tiled-gallery-caption\"> El papa Francisco dedica su catequesis a la par\u00e1bola del fariseo y el publicano <\/div>\n<\/p><\/div>\n<div class=\"tiled-gallery-item tiled-gallery-item-large\"> <a href=\"http:\/\/es.aleteia.org\/24294lpr_7d91ab8b4390814\/\" border=\"0\"> <img loading=\"lazy\" decoding=\"async\" data-attachment-id=\"100158\" data-orig-file=\"https:\/\/aleteiaspanish.files.wordpress.com\/2016\/06\/24294lpr_7d91ab8b4390814.jpg\" data-orig-size=\"1440,958\" data-comments-opened=\"1\" data-image-meta=\"{&quot;aperture&quot;:&quot;0&quot;,&quot;credit&quot;:&quot;&quot;,&quot;camera&quot;:&quot;&quot;,&quot;caption&quot;:&quot;&quot;,&quot;created_timestamp&quot;:&quot;0&quot;,&quot;copyright&quot;:&quot;&quot;,&quot;focal_length&quot;:&quot;0&quot;,&quot;iso&quot;:&quot;0&quot;,&quot;shutter_speed&quot;:&quot;0&quot;,&quot;title&quot;:&quot;&quot;,&quot;orientation&quot;:&quot;0&quot;}\" data-image-title=\"Pope Francis General Audience June 01, 2016\" data-image-description=\"\" data-medium-file=\"https:\/\/aleteiaspanish.files.wordpress.com\/2016\/06\/24294lpr_7d91ab8b4390814.jpg?w=300\" data-large-file=\"https:\/\/aleteiaspanish.files.wordpress.com\/2016\/06\/24294lpr_7d91ab8b4390814.jpg?w=1024\" src=\"https:\/\/s0.wp.com\/wp-content\/themes\/vip\/plugins\/lazy-load\/images\/1x1.trans.gif\" data-lazy-src=\"https:\/\/aleteiaspanish.files.wordpress.com\/2016\/06\/24294lpr_7d91ab8b4390814.jpg?w=328&#038;h=218&#038;crop=1\" width=\"328\" height=\"218\" data-original-width=\"328\" data-original-height=\"218\" title=\"Pope Francis General Audience June 01, 2016\" alt=\"El papa Francisco: El hip\u00f3crita y el corrupto desprecia a los dem\u00e1s\" style=\"width: 328px; height: 218px;\" \/><noscript><img loading=\"lazy\" decoding=\"async\" data-attachment-id=\"100158\" data-orig-file=\"https:\/\/aleteiaspanish.files.wordpress.com\/2016\/06\/24294lpr_7d91ab8b4390814.jpg\" data-orig-size=\"1440,958\" data-comments-opened=\"1\" data-image-meta=\"{&quot;aperture&quot;:&quot;0&quot;,&quot;credit&quot;:&quot;&quot;,&quot;camera&quot;:&quot;&quot;,&quot;caption&quot;:&quot;&quot;,&quot;created_timestamp&quot;:&quot;0&quot;,&quot;copyright&quot;:&quot;&quot;,&quot;focal_length&quot;:&quot;0&quot;,&quot;iso&quot;:&quot;0&quot;,&quot;shutter_speed&quot;:&quot;0&quot;,&quot;title&quot;:&quot;&quot;,&quot;orientation&quot;:&quot;0&quot;}\" data-image-title=\"Pope Francis General Audience June 01, 2016\" data-image-description=\"\" data-medium-file=\"https:\/\/aleteiaspanish.files.wordpress.com\/2016\/06\/24294lpr_7d91ab8b4390814.jpg?w=300\" data-large-file=\"https:\/\/aleteiaspanish.files.wordpress.com\/2016\/06\/24294lpr_7d91ab8b4390814.jpg?w=1024\" src=\"https:\/\/aleteiaspanish.files.wordpress.com\/2016\/06\/24294lpr_7d91ab8b4390814.jpg?w=328&#038;h=218&#038;crop=1\" width=\"328\" height=\"218\" data-original-width=\"328\" data-original-height=\"218\" title=\"Pope Francis General Audience June 01, 2016\" alt=\"El papa Francisco: El hip\u00f3crita y el corrupto desprecia a los dem\u00e1s\" style=\"width: 328px; height: 218px;\" \/><\/noscript> <\/a> <\/p>\n<div class=\"tiled-gallery-caption\"> El papa Francisco: El hip\u00f3crita y el corrupto desprecia a los dem\u00e1s <\/div>\n<\/p><\/div>\n<\/p><\/div>\n<p> <!-- close group --> <\/p>\n<div class=\"gallery-group images-2\" style=\"width: 665px; height: 889px;\" data-original-width=\"665\" data-original-height=\"889\" >\n<div class=\"tiled-gallery-item tiled-gallery-item-large\"> <a href=\"http:\/\/es.aleteia.org\/24296lpr_c262bc4744dd33c-2\/\" border=\"0\"> <img loading=\"lazy\" decoding=\"async\" data-attachment-id=\"100152\" data-orig-file=\"https:\/\/aleteiaspanish.files.wordpress.com\/2016\/06\/24296lpr_c262bc4744dd33c1.jpg\" data-orig-size=\"1440,960\" data-comments-opened=\"1\" data-image-meta=\"{&quot;aperture&quot;:&quot;0&quot;,&quot;credit&quot;:&quot;&quot;,&quot;camera&quot;:&quot;&quot;,&quot;caption&quot;:&quot;&quot;,&quot;created_timestamp&quot;:&quot;0&quot;,&quot;copyright&quot;:&quot;&quot;,&quot;focal_length&quot;:&quot;0&quot;,&quot;iso&quot;:&quot;0&quot;,&quot;shutter_speed&quot;:&quot;0&quot;,&quot;title&quot;:&quot;&quot;,&quot;orientation&quot;:&quot;0&quot;}\" data-image-title=\"Pope Francis General Audience June 01, 2016\" data-image-description=\"\" data-medium-file=\"https:\/\/aleteiaspanish.files.wordpress.com\/2016\/06\/24296lpr_c262bc4744dd33c1.jpg?w=300\" data-large-file=\"https:\/\/aleteiaspanish.files.wordpress.com\/2016\/06\/24296lpr_c262bc4744dd33c1.jpg?w=1024\" src=\"https:\/\/s0.wp.com\/wp-content\/themes\/vip\/plugins\/lazy-load\/images\/1x1.trans.gif\" data-lazy-src=\"https:\/\/aleteiaspanish.files.wordpress.com\/2016\/06\/24296lpr_c262bc4744dd33c1.jpg?w=661&#038;h=441&#038;crop=1\" width=\"661\" height=\"441\" data-original-width=\"661\" data-original-height=\"441\" title=\"Pope Francis General Audience June 01, 2016\" alt=\"La saludo del papa a la multitud presente en plaza de San Pedro\" style=\"width: 661px; height: 441px;\" \/><noscript><img loading=\"lazy\" decoding=\"async\" data-attachment-id=\"100152\" data-orig-file=\"https:\/\/aleteiaspanish.files.wordpress.com\/2016\/06\/24296lpr_c262bc4744dd33c1.jpg\" data-orig-size=\"1440,960\" data-comments-opened=\"1\" data-image-meta=\"{&quot;aperture&quot;:&quot;0&quot;,&quot;credit&quot;:&quot;&quot;,&quot;camera&quot;:&quot;&quot;,&quot;caption&quot;:&quot;&quot;,&quot;created_timestamp&quot;:&quot;0&quot;,&quot;copyright&quot;:&quot;&quot;,&quot;focal_length&quot;:&quot;0&quot;,&quot;iso&quot;:&quot;0&quot;,&quot;shutter_speed&quot;:&quot;0&quot;,&quot;title&quot;:&quot;&quot;,&quot;orientation&quot;:&quot;0&quot;}\" data-image-title=\"Pope Francis General Audience June 01, 2016\" data-image-description=\"\" data-medium-file=\"https:\/\/aleteiaspanish.files.wordpress.com\/2016\/06\/24296lpr_c262bc4744dd33c1.jpg?w=300\" data-large-file=\"https:\/\/aleteiaspanish.files.wordpress.com\/2016\/06\/24296lpr_c262bc4744dd33c1.jpg?w=1024\" src=\"https:\/\/aleteiaspanish.files.wordpress.com\/2016\/06\/24296lpr_c262bc4744dd33c1.jpg?w=661&#038;h=441&#038;crop=1\" width=\"661\" height=\"441\" data-original-width=\"661\" data-original-height=\"441\" title=\"Pope Francis General Audience June 01, 2016\" alt=\"La saludo del papa a la multitud presente en plaza de San Pedro\" style=\"width: 661px; height: 441px;\" \/><\/noscript> <\/a> <\/p>\n<div class=\"tiled-gallery-caption\"> La saludo del papa a la multitud presente en plaza de San Pedro <\/div>\n<\/p><\/div>\n<div class=\"tiled-gallery-item tiled-gallery-item-large\"> <a href=\"http:\/\/es.aleteia.org\/24300lpr_3eb54b22496b2ad\/\" border=\"0\"> <img loading=\"lazy\" decoding=\"async\" data-attachment-id=\"100151\" data-orig-file=\"https:\/\/aleteiaspanish.files.wordpress.com\/2016\/06\/24300lpr_3eb54b22496b2ad.jpg\" data-orig-size=\"1440,958\" data-comments-opened=\"1\" data-image-meta=\"{&quot;aperture&quot;:&quot;0&quot;,&quot;credit&quot;:&quot;&quot;,&quot;camera&quot;:&quot;&quot;,&quot;caption&quot;:&quot;&quot;,&quot;created_timestamp&quot;:&quot;0&quot;,&quot;copyright&quot;:&quot;&quot;,&quot;focal_length&quot;:&quot;0&quot;,&quot;iso&quot;:&quot;0&quot;,&quot;shutter_speed&quot;:&quot;0&quot;,&quot;title&quot;:&quot;&quot;,&quot;orientation&quot;:&quot;0&quot;}\" data-image-title=\"Pope Francis General Audience June 01, 2016\" data-image-description=\"\" data-medium-file=\"https:\/\/aleteiaspanish.files.wordpress.com\/2016\/06\/24300lpr_3eb54b22496b2ad.jpg?w=300\" data-large-file=\"https:\/\/aleteiaspanish.files.wordpress.com\/2016\/06\/24300lpr_3eb54b22496b2ad.jpg?w=1024\" src=\"https:\/\/s0.wp.com\/wp-content\/themes\/vip\/plugins\/lazy-load\/images\/1x1.trans.gif\" data-lazy-src=\"https:\/\/aleteiaspanish.files.wordpress.com\/2016\/06\/24300lpr_3eb54b22496b2ad.jpg?w=661&#038;h=440&#038;crop=1\" width=\"661\" height=\"440\" data-original-width=\"661\" data-original-height=\"440\" title=\"Pope Francis General Audience June 01, 2016\" alt=\"Audiencia general 1 de junio de 2016\" style=\"width: 661px; height: 440px;\" \/><noscript><img loading=\"lazy\" decoding=\"async\" data-attachment-id=\"100151\" data-orig-file=\"https:\/\/aleteiaspanish.files.wordpress.com\/2016\/06\/24300lpr_3eb54b22496b2ad.jpg\" data-orig-size=\"1440,958\" data-comments-opened=\"1\" data-image-meta=\"{&quot;aperture&quot;:&quot;0&quot;,&quot;credit&quot;:&quot;&quot;,&quot;camera&quot;:&quot;&quot;,&quot;caption&quot;:&quot;&quot;,&quot;created_timestamp&quot;:&quot;0&quot;,&quot;copyright&quot;:&quot;&quot;,&quot;focal_length&quot;:&quot;0&quot;,&quot;iso&quot;:&quot;0&quot;,&quot;shutter_speed&quot;:&quot;0&quot;,&quot;title&quot;:&quot;&quot;,&quot;orientation&quot;:&quot;0&quot;}\" data-image-title=\"Pope Francis General Audience June 01, 2016\" data-image-description=\"\" data-medium-file=\"https:\/\/aleteiaspanish.files.wordpress.com\/2016\/06\/24300lpr_3eb54b22496b2ad.jpg?w=300\" data-large-file=\"https:\/\/aleteiaspanish.files.wordpress.com\/2016\/06\/24300lpr_3eb54b22496b2ad.jpg?w=1024\" src=\"https:\/\/aleteiaspanish.files.wordpress.com\/2016\/06\/24300lpr_3eb54b22496b2ad.jpg?w=661&#038;h=440&#038;crop=1\" width=\"661\" height=\"440\" data-original-width=\"661\" data-original-height=\"440\" title=\"Pope Francis General Audience June 01, 2016\" alt=\"Audiencia general 1 de junio de 2016\" style=\"width: 661px; height: 440px;\" \/><\/noscript> <\/a> <\/p>\n<div class=\"tiled-gallery-caption\"> Audiencia general 1 de junio de 2016 <\/div>\n<\/p><\/div>\n<\/p><\/div>\n<p> <!-- close group --> <\/p>\n<div class=\"gallery-group images-3\" style=\"width: 443px; height: 889px;\" data-original-width=\"443\" data-original-height=\"889\" >\n<div class=\"tiled-gallery-item tiled-gallery-item-large\"> <a href=\"http:\/\/es.aleteia.org\/24295lpr_981e4d286cc6809-3\/\" border=\"0\"> <img loading=\"lazy\" decoding=\"async\" data-attachment-id=\"100150\" data-orig-file=\"https:\/\/aleteiaspanish.files.wordpress.com\/2016\/06\/24295lpr_981e4d286cc68092.jpg\" data-orig-size=\"1440,960\" data-comments-opened=\"1\" data-image-meta=\"{&quot;aperture&quot;:&quot;0&quot;,&quot;credit&quot;:&quot;&quot;,&quot;camera&quot;:&quot;&quot;,&quot;caption&quot;:&quot;&quot;,&quot;created_timestamp&quot;:&quot;0&quot;,&quot;copyright&quot;:&quot;&quot;,&quot;focal_length&quot;:&quot;0&quot;,&quot;iso&quot;:&quot;0&quot;,&quot;shutter_speed&quot;:&quot;0&quot;,&quot;title&quot;:&quot;&quot;,&quot;orientation&quot;:&quot;0&quot;}\" data-image-title=\"Pope Francis General Audience June 01, 2016\" data-image-description=\"\" data-medium-file=\"https:\/\/aleteiaspanish.files.wordpress.com\/2016\/06\/24295lpr_981e4d286cc68092.jpg?w=300\" data-large-file=\"https:\/\/aleteiaspanish.files.wordpress.com\/2016\/06\/24295lpr_981e4d286cc68092.jpg?w=1024\" src=\"https:\/\/s0.wp.com\/wp-content\/themes\/vip\/plugins\/lazy-load\/images\/1x1.trans.gif\" data-lazy-src=\"https:\/\/aleteiaspanish.files.wordpress.com\/2016\/06\/24295lpr_981e4d286cc68092.jpg?w=439&#038;h=292&#038;crop=1\" width=\"439\" height=\"292\" data-original-width=\"439\" data-original-height=\"292\" title=\"Pope Francis General Audience June 01, 2016\" alt=\"Papa Francisco: La soberbia aleja de Dios\" style=\"width: 439px; height: 292px;\" \/><noscript><img loading=\"lazy\" decoding=\"async\" data-attachment-id=\"100150\" data-orig-file=\"https:\/\/aleteiaspanish.files.wordpress.com\/2016\/06\/24295lpr_981e4d286cc68092.jpg\" data-orig-size=\"1440,960\" data-comments-opened=\"1\" data-image-meta=\"{&quot;aperture&quot;:&quot;0&quot;,&quot;credit&quot;:&quot;&quot;,&quot;camera&quot;:&quot;&quot;,&quot;caption&quot;:&quot;&quot;,&quot;created_timestamp&quot;:&quot;0&quot;,&quot;copyright&quot;:&quot;&quot;,&quot;focal_length&quot;:&quot;0&quot;,&quot;iso&quot;:&quot;0&quot;,&quot;shutter_speed&quot;:&quot;0&quot;,&quot;title&quot;:&quot;&quot;,&quot;orientation&quot;:&quot;0&quot;}\" data-image-title=\"Pope Francis General Audience June 01, 2016\" data-image-description=\"\" data-medium-file=\"https:\/\/aleteiaspanish.files.wordpress.com\/2016\/06\/24295lpr_981e4d286cc68092.jpg?w=300\" data-large-file=\"https:\/\/aleteiaspanish.files.wordpress.com\/2016\/06\/24295lpr_981e4d286cc68092.jpg?w=1024\" src=\"https:\/\/aleteiaspanish.files.wordpress.com\/2016\/06\/24295lpr_981e4d286cc68092.jpg?w=439&#038;h=292&#038;crop=1\" width=\"439\" height=\"292\" data-original-width=\"439\" data-original-height=\"292\" title=\"Pope Francis General Audience June 01, 2016\" alt=\"Papa Francisco: La soberbia aleja de Dios\" style=\"width: 439px; height: 292px;\" \/><\/noscript> <\/a> <\/p>\n<div class=\"tiled-gallery-caption\"> Papa Francisco: La soberbia aleja de Dios <\/div>\n<\/p><\/div>\n<div class=\"tiled-gallery-item tiled-gallery-item-large\"> <a href=\"http:\/\/es.aleteia.org\/24296lpr_c262bc4744dd33c\/\" border=\"0\"> <img loading=\"lazy\" decoding=\"async\" data-attachment-id=\"100149\" data-orig-file=\"https:\/\/aleteiaspanish.files.wordpress.com\/2016\/06\/24296lpr_c262bc4744dd33c.jpg\" data-orig-size=\"1440,960\" data-comments-opened=\"1\" data-image-meta=\"{&quot;aperture&quot;:&quot;0&quot;,&quot;credit&quot;:&quot;&quot;,&quot;camera&quot;:&quot;&quot;,&quot;caption&quot;:&quot;&quot;,&quot;created_timestamp&quot;:&quot;0&quot;,&quot;copyright&quot;:&quot;&quot;,&quot;focal_length&quot;:&quot;0&quot;,&quot;iso&quot;:&quot;0&quot;,&quot;shutter_speed&quot;:&quot;0&quot;,&quot;title&quot;:&quot;&quot;,&quot;orientation&quot;:&quot;0&quot;}\" data-image-title=\"Pope Francis General Audience June 01, 2016\" data-image-description=\"\" data-medium-file=\"https:\/\/aleteiaspanish.files.wordpress.com\/2016\/06\/24296lpr_c262bc4744dd33c.jpg?w=300\" data-large-file=\"https:\/\/aleteiaspanish.files.wordpress.com\/2016\/06\/24296lpr_c262bc4744dd33c.jpg?w=1024\" src=\"https:\/\/s0.wp.com\/wp-content\/themes\/vip\/plugins\/lazy-load\/images\/1x1.trans.gif\" data-lazy-src=\"https:\/\/aleteiaspanish.files.wordpress.com\/2016\/06\/24296lpr_c262bc4744dd33c.jpg?w=439&#038;h=293&#038;crop=1\" width=\"439\" height=\"293\" data-original-width=\"439\" data-original-height=\"293\" title=\"Pope Francis General Audience June 01, 2016\" alt=\"El papa Francisco en la plaza de San Pedro 01 de junio de 2016\" style=\"width: 439px; height: 293px;\" \/><noscript><img loading=\"lazy\" decoding=\"async\" data-attachment-id=\"100149\" data-orig-file=\"https:\/\/aleteiaspanish.files.wordpress.com\/2016\/06\/24296lpr_c262bc4744dd33c.jpg\" data-orig-size=\"1440,960\" data-comments-opened=\"1\" data-image-meta=\"{&quot;aperture&quot;:&quot;0&quot;,&quot;credit&quot;:&quot;&quot;,&quot;camera&quot;:&quot;&quot;,&quot;caption&quot;:&quot;&quot;,&quot;created_timestamp&quot;:&quot;0&quot;,&quot;copyright&quot;:&quot;&quot;,&quot;focal_length&quot;:&quot;0&quot;,&quot;iso&quot;:&quot;0&quot;,&quot;shutter_speed&quot;:&quot;0&quot;,&quot;title&quot;:&quot;&quot;,&quot;orientation&quot;:&quot;0&quot;}\" data-image-title=\"Pope Francis General Audience June 01, 2016\" data-image-description=\"\" data-medium-file=\"https:\/\/aleteiaspanish.files.wordpress.com\/2016\/06\/24296lpr_c262bc4744dd33c.jpg?w=300\" data-large-file=\"https:\/\/aleteiaspanish.files.wordpress.com\/2016\/06\/24296lpr_c262bc4744dd33c.jpg?w=1024\" src=\"https:\/\/aleteiaspanish.files.wordpress.com\/2016\/06\/24296lpr_c262bc4744dd33c.jpg?w=439&#038;h=293&#038;crop=1\" width=\"439\" height=\"293\" data-original-width=\"439\" data-original-height=\"293\" title=\"Pope Francis General Audience June 01, 2016\" alt=\"El papa Francisco en la plaza de San Pedro 01 de junio de 2016\" style=\"width: 439px; height: 293px;\" \/><\/noscript> <\/a> <\/p>\n<div class=\"tiled-gallery-caption\"> El papa Francisco en la plaza de San Pedro 01 de junio de 2016 <\/div>\n<\/p><\/div>\n<div class=\"tiled-gallery-item tiled-gallery-item-large\"> <a href=\"http:\/\/es.aleteia.org\/24299lpr_cc6d5dc25746bb5\/\" border=\"0\"> <img loading=\"lazy\" decoding=\"async\" data-attachment-id=\"100148\" data-orig-file=\"https:\/\/aleteiaspanish.files.wordpress.com\/2016\/06\/24299lpr_cc6d5dc25746bb5.jpg\" data-orig-size=\"1440,958\" data-comments-opened=\"1\" data-image-meta=\"{&quot;aperture&quot;:&quot;0&quot;,&quot;credit&quot;:&quot;&quot;,&quot;camera&quot;:&quot;&quot;,&quot;caption&quot;:&quot;&quot;,&quot;created_timestamp&quot;:&quot;0&quot;,&quot;copyright&quot;:&quot;&quot;,&quot;focal_length&quot;:&quot;0&quot;,&quot;iso&quot;:&quot;0&quot;,&quot;shutter_speed&quot;:&quot;0&quot;,&quot;title&quot;:&quot;&quot;,&quot;orientation&quot;:&quot;0&quot;}\" data-image-title=\"Pope Francis General Audience June 01, 2016\" data-image-description=\"\" data-medium-file=\"https:\/\/aleteiaspanish.files.wordpress.com\/2016\/06\/24299lpr_cc6d5dc25746bb5.jpg?w=300\" data-large-file=\"https:\/\/aleteiaspanish.files.wordpress.com\/2016\/06\/24299lpr_cc6d5dc25746bb5.jpg?w=1024\" src=\"https:\/\/s0.wp.com\/wp-content\/themes\/vip\/plugins\/lazy-load\/images\/1x1.trans.gif\" data-lazy-src=\"https:\/\/aleteiaspanish.files.wordpress.com\/2016\/06\/24299lpr_cc6d5dc25746bb5.jpg?w=439&#038;h=292&#038;crop=1\" width=\"439\" height=\"292\" data-original-width=\"439\" data-original-height=\"292\" title=\"Pope Francis General Audience June 01, 2016\" alt=\"Papa Francisco: Jes\u00fas nos ense\u00f1a la actitud correcta para invocar la misericordia del Padre\" style=\"width: 439px; height: 292px;\" \/><noscript><img loading=\"lazy\" decoding=\"async\" data-attachment-id=\"100148\" data-orig-file=\"https:\/\/aleteiaspanish.files.wordpress.com\/2016\/06\/24299lpr_cc6d5dc25746bb5.jpg\" data-orig-size=\"1440,958\" data-comments-opened=\"1\" data-image-meta=\"{&quot;aperture&quot;:&quot;0&quot;,&quot;credit&quot;:&quot;&quot;,&quot;camera&quot;:&quot;&quot;,&quot;caption&quot;:&quot;&quot;,&quot;created_timestamp&quot;:&quot;0&quot;,&quot;copyright&quot;:&quot;&quot;,&quot;focal_length&quot;:&quot;0&quot;,&quot;iso&quot;:&quot;0&quot;,&quot;shutter_speed&quot;:&quot;0&quot;,&quot;title&quot;:&quot;&quot;,&quot;orientation&quot;:&quot;0&quot;}\" data-image-title=\"Pope Francis General Audience June 01, 2016\" data-image-description=\"\" data-medium-file=\"https:\/\/aleteiaspanish.files.wordpress.com\/2016\/06\/24299lpr_cc6d5dc25746bb5.jpg?w=300\" data-large-file=\"https:\/\/aleteiaspanish.files.wordpress.com\/2016\/06\/24299lpr_cc6d5dc25746bb5.jpg?w=1024\" src=\"https:\/\/aleteiaspanish.files.wordpress.com\/2016\/06\/24299lpr_cc6d5dc25746bb5.jpg?w=439&#038;h=292&#038;crop=1\" width=\"439\" height=\"292\" data-original-width=\"439\" data-original-height=\"292\" title=\"Pope Francis General Audience June 01, 2016\" alt=\"Papa Francisco: Jes\u00fas nos ense\u00f1a la actitud correcta para invocar la misericordia del Padre\" style=\"width: 439px; height: 292px;\" \/><\/noscript> <\/a> <\/p>\n<div class=\"tiled-gallery-caption\"> Papa Francisco: Jes\u00fas nos ense\u00f1a la actitud correcta para invocar la misericordia del Padre <\/div>\n<\/p><\/div>\n<\/p><\/div>\n<p> <!-- close group --> <\/div>\n<p> <!-- close row --> <\/div>\n<form id=\"wpcom-iframe-form-fffb542b3e6d7604c2c2a3046c6b618c-575f361bb7e59\" target=\"wpcom-iframe-fffb542b3e6d7604c2c2a3046c6b618c-575f361bb7e59\" method=\"post\" action=\"\/\/wpcomwidgets.com\/?wpcom_origin=https%3A%2F%2Faleteiaspanish.wordpress.com\" style=\"display: none\">\n\t\t\t\t\t\t\t<input type=\"hidden\" name=\"width\" value=\"560\" \/><br \/>\n\t\t\t\t\t\t\t<input type=\"hidden\" name=\"height\" value=\"315\" \/><br \/>\n\t\t\t\t\t\t\t<input type=\"hidden\" name=\"frameborder\" value=\"0\" \/><br \/>\n\t\t\t\t\t\t\t<input type=\"hidden\" name=\"style\" value=\"\" \/><br \/>\n\t\t\t\t\t\t\t<input type=\"hidden\" name=\"class\" value=\"\" \/><br \/>\n\t\t\t\t\t\t\t<input type=\"hidden\" name=\"scrolling\" value=\"no\" \/><br \/>\n\t\t\t\t\t\t\t<input type=\"hidden\" name=\"webkitallowfullscreen\" value=\"\" \/><br \/>\n\t\t\t\t\t\t\t<input type=\"hidden\" name=\"mozallowfullscreen\" value=\"\" \/><br \/>\n\t\t\t\t\t\t\t<input type=\"hidden\" name=\"allowfullscreen\" value=\"\" \/><br \/>\n\t\t\t\t\t\t\t<input type=\"hidden\" name=\"resize\" value=\"0\" \/><br \/>\n\t\t\t\t\t\t\t<input type=\"hidden\" name=\"replace_attributes\" value=\"1\" \/><br \/>\n\t\t\t\t\t\t\t<input type=\"hidden\" name=\"fallback\" value=\"&lt;p class=&quot;protected-embed-fallback&quot;&gt;This embed is invalid&lt;\/p&gt;\" \/><br \/>\n\t\t\t\t\t\t\t<input type=\"hidden\" name=\"_data\" value=\"PGlmcmFtZSBzcmM9Imh0dHBzOi8vd3d3LmZhY2Vib29rLmNvbS9wbHVnaW5zL3ZpZGVvLnBocD9ocmVmPWh0dHBzJTNBJTJGJTJGd3d3LmZhY2Vib29rLmNvbSUyRm5ld3MudmEuZXMlMkZ2aWRlb3MlMkYxMjY1ODYzNjYwMDkxMzM2JTJGJmFtcDtzaG93X3RleHQ9MCZhbXA7d2lkdGg9NTYwIiB3aWR0aD0iNTYwIiBoZWlnaHQ9IjMxNSIgc3R5bGU9ImJvcmRlcjpub25lO292ZXJmbG93OmhpZGRlbiIgc2Nyb2xsaW5nPSJubyIgZnJhbWVib3JkZXI9IjAiIGFsbG93dHJhbnNwYXJlbmN5PSJ0cnVlIiBhbGxvd2Z1bGxzY3JlZW49IiIgY2xhc3M9IiIgcmVzaXplPSIwIiByZXBsYWNlX2F0dHJpYnV0ZXM9IjEiPjwvaWZyYW1lPg==,5dd5ec0752fa994df47a25e2bd4c24fcc00a21ed\" \/><br \/>\n\t\t\t\t\t\t\t<input type=\"hidden\" name=\"_tag\" value=\"protected-iframe\" \/><br \/>\n\t\t\t\t\t\t\t<input type=\"hidden\" name=\"_hash\" value=\"fffb542b3e6d7604c2c2a3046c6b618c\" \/><br \/>\n\t\t\t\t\t<\/form>\n<p>\t\t\t\t<iframe\n\t\t\t\t\t\tname=\"wpcom-iframe-fffb542b3e6d7604c2c2a3046c6b618c-575f361bb7e59\"\n\t\t\tid=\"wpcom-iframe-fffb542b3e6d7604c2c2a3046c6b618c-575f361bb7e59\"\n\t\t\tframeborder=\"0\"\n\t\t\tscrolling=\"no\"\n\t\t\twidth=\"560\" \t\t\theight=\"315\" \t\t\twebkitallowfullscreen mozallowfullscreen allowfullscreen\t\t\tclass=\"wpcom-protected-iframe \"\n\t\t><\/iframe><\/p>\n<p>\t\t<script type=\"text\/javascript\">\n\t\t( function() {\n\t\t\tvar func = function() {\n\t\t\t\tvar iframe_form = document.getElementById('wpcom-iframe-form-fffb542b3e6d7604c2c2a3046c6b618c-575f361bb7e59');\n\t\t\t\tvar iframe = document.getElementById('wpcom-iframe-fffb542b3e6d7604c2c2a3046c6b618c-575f361bb7e59');\n\t\t\t\tif ( iframe_form && iframe ) {\n\t\t\t\t\tiframe_form.submit();\n\t\t\t\t\tiframe.onload = function() {\n\t\t\t\t\t\tiframe.contentWindow.postMessage( {\n\t\t\t\t\t\t\t'msg_type': 'poll_size',\n\t\t\t\t\t\t\t'frame_id': 'wpcom-iframe-fffb542b3e6d7604c2c2a3046c6b618c-575f361bb7e59'\n\t\t\t\t\t\t}, window.location.protocol + '\/\/wpcomwidgets.com' );\n\t\t\t\t\t}\n\t\t\t\t}<\/p>\n<p>\t\t\t\t\/\/ Autosize iframe\n\t\t\t\tvar funcSizeResponse = function( e ) {\n\t\t\t\t\tvar origin = document.createElement( 'a' );\n\t\t\t\t\torigin.href = e.origin;<\/p>\n<p>\t\t\t\t\t\/\/ Verify message origin\n\t\t\t\t\tif ( 'wpcomwidgets.com' !== origin.host )\n\t\t\t\t\t\treturn;<\/p>\n<p>\t\t\t\t\t\/\/ Verify message is in a format we expect\n\t\t\t\t\tif ( 'object' !== typeof e.data || undefined === e.data.msg_type )\n\t\t\t\t\t\treturn;<\/p>\n<p>\t\t\t\t\tswitch ( e.data.msg_type ) {\n\t\t\t\t\t\tcase 'poll_size:response':\n\t\t\t\t\t\t\tvar iframe = document.getElementById( e.data._request.frame_id );<\/p>\n<p>\t\t\t\t\t\t\tif ( iframe && '' === iframe.width )\n\t\t\t\t\t\t\t\tiframe.width = '100%';\n\t\t\t\t\t\t\tif ( iframe && '' === iframe.height )\n\t\t\t\t\t\t\t\tiframe.height = parseInt( e.data.height );<\/p>\n<p>\t\t\t\t\t\t\treturn;\n\t\t\t\t\t\tdefault:\n\t\t\t\t\t\t\treturn;\n\t\t\t\t\t}\n\t\t\t\t}<\/p>\n<p>\t\t\t\tif ( 'function' === typeof window.addEventListener ) {\n\t\t\t\t\twindow.addEventListener( 'message', funcSizeResponse, false );\n\t\t\t\t} else if ( 'function' === typeof window.attachEvent ) {\n\t\t\t\t\twindow.attachEvent( 'onmessage', funcSizeResponse );\n\t\t\t\t}\n\t\t\t}\n\t\t\tif (document.readyState === 'complete') { func.apply(); \/* compat for infinite scroll *\/ }\n\t\t\telse if ( document.addEventListener ) { document.addEventListener( 'DOMContentLoaded', func, false ); }\n\t\t\telse if ( document.attachEvent ) { document.attachEvent( 'onreadystatechange', func ); }\n\t\t} )();\n\t\t<\/script><\/p>\n","protected":false},"excerpt":{"rendered":"<p>Por: Ary Waldir Ramos D\u00edaz \u201cEn la vida quien se cree justo y juzga a los dem\u00e1s y los desprecia es un corrupto e hip\u00f3crita\u201d, sentenci\u00f3 el papa Francisco este mi\u00e9rcoles 1 de junio durante la audiencia general en la plaza de San Pedro del Vaticano. \u201cEl orgullo afecta a toda buena acci\u00f3n, vac\u00eda la &hellip; <a href=\"https:\/\/www.biblia.work\/sermones\/papa-francisco-quien-se-cree-justo-y-desprecia-a-los-demas-es-un-corrupto-e-hipocrita\/\" class=\"more-link\">Continuar leyendo<span class=\"screen-reader-text\"> \u00abPapa Francisco: \u201cQuien se cree justo y desprecia a los dem\u00e1s es un corrupto e&nbsp;hip\u00f3crita\u201d\u00bb<\/span><\/a><\/p>\n","protected":false},"author":1,"featured_media":0,"comment_status":"open","ping_status":"closed","sticky":false,"template":"","format":"standard","meta":{"footnotes":""},"categories":[1],"tags":[],"class_list":["post-33178","post","type-post","status-publish","format-standard","hentry","category-general"],"_links":{"self":[{"href":"https:\/\/www.biblia.work\/sermones\/wp-json\/wp\/v2\/posts\/33178","targetHints":{"allow":["GET"]}}],"collection":[{"href":"https:\/\/www.biblia.work\/sermones\/wp-json\/wp\/v2\/posts"}],"about":[{"href":"https:\/\/www.biblia.work\/sermones\/wp-json\/wp\/v2\/types\/post"}],"author":[{"embeddable":true,"href":"https:\/\/www.biblia.work\/sermones\/wp-json\/wp\/v2\/users\/1"}],"replies":[{"embeddable":true,"href":"https:\/\/www.biblia.work\/sermones\/wp-json\/wp\/v2\/comments?post=33178"}],"version-history":[{"count":0,"href":"https:\/\/www.biblia.work\/sermones\/wp-json\/wp\/v2\/posts\/33178\/revisions"}],"wp:attachment":[{"href":"https:\/\/www.biblia.work\/sermones\/wp-json\/wp\/v2\/media?parent=33178"}],"wp:term":[{"taxonomy":"category","embeddable":true,"href":"https:\/\/www.biblia.work\/sermones\/wp-json\/wp\/v2\/categories?post=33178"},{"taxonomy":"post_tag","embeddable":true,"href":"https:\/\/www.biblia.work\/sermones\/wp-json\/wp\/v2\/tags?post=33178"}],"curies":[{"name":"wp","href":"https:\/\/api.w.org\/{rel}","templated":true}]}}