{"id":33179,"date":"2016-06-13T17:39:26","date_gmt":"2016-06-13T22:39:26","guid":{"rendered":"http:\/\/www.biblia.work\/sermones\/catolico-como-vives-la-misa-vives-tu-vida\/"},"modified":"2016-06-13T17:39:26","modified_gmt":"2016-06-13T22:39:26","slug":"catolico-como-vives-la-misa-vives-tu-vida","status":"publish","type":"post","link":"https:\/\/www.biblia.work\/sermones\/catolico-como-vives-la-misa-vives-tu-vida\/","title":{"rendered":"Cat\u00f3lico: Como vives la misa vives tu&nbsp;vida"},"content":{"rendered":"<p><b>Por: Carlos Padilla Esteban<\/b><\/p>\n<p align=\"justify\">Jes\u00fas me pide que viva con intensidad la eucarist\u00eda para as\u00ed vivir mi vida con la misma intensidad.<\/p>\n<p align=\"justify\">Dec\u00eda el Padre Jos\u00e9 Kentenich:<em> \u201cSi vivo as\u00ed mi vida de ofrecimiento, en forma sobrenatural, en y con Cristo, es evidente entonces que muchas veces ser\u00e9 transformado en Cristo. <strong>Todas las acciones durante el d\u00eda deben llegar a ser una reiteraci\u00f3n constante del ofertorio, de la consagraci\u00f3n y de la comuni\u00f3n<\/strong>\u201d<\/em><a href=\"#_ftn1\" name=\"_ftnref1\"><em><strong>[1]<\/strong><\/em><\/a><em>.<\/em><\/p>\n<p align=\"justify\">Si vivo cada parte de la misa intensamente podr\u00e9 llevar esa actitud a mi vida.<\/p>\n<p align=\"justify\">La actitud del perd\u00f3n. Cuando necesito perdonar a otros. Cuando me hace falta ser perdonado.<\/p>\n<p align=\"justify\">La escucha de la Palabra de Dios. Cuando quiero aprender a descubrir su voz en medio de mi d\u00eda.<\/p>\n<p align=\"justify\">La petici\u00f3n constante por mis necesidades. Porque Jes\u00fas me escucha cuando le suplico.<\/p>\n<p align=\"justify\">La actitud del ofrecimiento de lo poco que tengo: <em>\u201cNo tenemos m\u00e1s que cinco panes y dos peces\u201d.<\/em> Porque s\u00f3lo si me ofrezco Jes\u00fas puede tomarme en sus manos.<\/p>\n<p align=\"justify\">La consagraci\u00f3n en la que Jes\u00fas se hace carne en mis manos. Y yo me hago m\u00e1s de Dios en las suyas.<\/p>\n<p align=\"justify\">El gesto de postrarme y partirme en las manos de Dios. Cuando siento que Jes\u00fas se parte en las m\u00edas. Para que otros tengan vida: <em>\u201cDadles vosotros de comer\u201d.<\/em><\/p>\n<p align=\"justify\">Hay partes de la misa que vivo de forma m\u00e1s intensa que otras. <strong>\u00bfQu\u00e9 parte de la misa es la parte que m\u00e1s me toca?<\/strong> \u00bfQu\u00e9 parte de la misa vivo m\u00e1s intensamente?<\/p>\n<p align=\"justify\">Vivir la eucarist\u00eda es prepararme para ser eucarist\u00eda, para ser yo mismo el cuerpo de Cristo que se parte por amor y se entrega sin reservas. A todos.<\/p>\n<p align=\"justify\"><strong>Cada vez que parto el cuerpo de Cristo es como si se partiera algo dentro de mi alma.<\/strong> Ese ruido del pan al partirse. Jes\u00fas se parte en mis manos. Yo me parto en las suyas.<\/p>\n<p align=\"justify\"><strong>\u00bfTomo conciencia de cada momento de la misa?<\/strong> \u00bfO la vivo pensando en otras cosas? En el pasado que me preocupa. En el futuro que me angustia.<\/p>\n<p align=\"justify\"><strong>Quiero acercarme a Jes\u00fas con las manos vac\u00edas<\/strong>. S\u00f3lo tengo unos panes y unos peces. Tengo muy poco y son muchos a mi alrededor los que tienen hambre de amor.<\/p>\n<p align=\"justify\">No puedo calmar el hambre de todo el mundo. No puedo. No bastan mis talentos, mi capacidad de amar, mi tiempo. Eso lo s\u00e9. No puedo. Pero a veces me confundo y grito como un ni\u00f1o: <em>\u201cMam\u00e1, \u00bfyo puedo?\u201d. <\/em><\/p>\n<p align=\"justify\">Tal vez pienso que no es posible. Que s\u00f3lo mis panes y mis peces no son suficientes. Y los puedo guardar por miedo a perderlos.<\/p>\n<p align=\"justify\"><strong>Jes\u00fas cree en m\u00ed. Cree en ese poder escondido debajo de mi impotencia. Cree en mi capacidad para amar oculta bajo gestos hoscos<\/strong>. Cree en mi potencialidad para crecer cuando parece que soy fr\u00e1gil y d\u00e9bil y la derrota es segura.<\/p>\n<p align=\"justify\">S\u00ed, Jes\u00fas cree en m\u00ed. S\u00ed, yo puedo calmar la sed y el hambre de tantos. Parece pretencioso. Pero Jes\u00fas cree en m\u00ed mucho m\u00e1s de lo que yo creo. Y me pide que yo les d\u00e9 de comer con tan solo unos panes y unos peces. Y me dice: <em>\u201cNo dejes nunca de creer\u201d.<\/em><\/p>\n<p align=\"justify\">Parece imposible. Me parece imposible. Pero yo quiero creer que puedo partirme hasta el extremo. Y me da miedo.<\/p>\n<p align=\"justify\">Rezo con las palabras con las que rezaba una persona: <em>\u201c<\/em><em>S\u00e9 T\u00fa mi seguro y mi ancla. Ens\u00e9\u00f1ame a caminar sobre las aguas. Aunque parezca imposible. Dime <\/em><em>\u2018<\/em><em>ven<\/em><em>\u2019 <\/em><em>e ir\u00e9. Y si no, ven a cogerme<\/em><em>\u201d<\/em><em>. <\/em><\/p>\n<p align=\"justify\">Quiero confiar as\u00ed en el poder de Jes\u00fas en mi vida. En el poder de mi cuerpo sobre las aguas. En ese milagro de mis manos al convertir el pan en su cuerpo y el vino en su sangre. Por su palabra, creo. <strong>Porque \u00c9l vive en m\u00ed, puedo.<\/strong><\/p>\n<p align=\"justify\">\u00c9l puede hacer posible lo imposible. Puede hacer que mi palabra calme los corazones que viven angustiados. Y mis manos entreguen su bendici\u00f3n all\u00ed donde reina la ira y la violencia. Puede hacer que mis pies recorran caminos dif\u00edciles, valles oscuros.<\/p>\n<p align=\"justify\">Puede darme un coraz\u00f3n m\u00e1s grande que el que tengo. Un coraz\u00f3n capaz de aceptar a m\u00e1s personas, querer a m\u00e1s hombres, cuidar a m\u00e1s necesitados. \u00c9l puede hacer posible la multiplicaci\u00f3n de mis panes y mis peces cuando es tan poco lo que yo poseo.<\/p>\n<p align=\"justify\">Puede si yo le dejo entrar en mi vida, si me entrego por completo sin esperar nada a cambio, si me ofrezco sabiendo que es poco lo que poseo. No importa nada. \u00c9l lo puede todo. Le basta mi s\u00ed para empezar a hacerlo.<\/p>\n<p align=\"justify\"><a href=\"#_ftnref1\" name=\"_ftn1\">[1]<\/a> J. Kentenich, <em>Vivir la misa todo el d\u00eda,<\/em> 55<\/p>\n","protected":false},"excerpt":{"rendered":"<p>Por: Carlos Padilla Esteban Jes\u00fas me pide que viva con intensidad la eucarist\u00eda para as\u00ed vivir mi vida con la misma intensidad. Dec\u00eda el Padre Jos\u00e9 Kentenich: \u201cSi vivo as\u00ed mi vida de ofrecimiento, en forma sobrenatural, en y con Cristo, es evidente entonces que muchas veces ser\u00e9 transformado en Cristo. Todas las acciones durante &hellip; <a href=\"https:\/\/www.biblia.work\/sermones\/catolico-como-vives-la-misa-vives-tu-vida\/\" class=\"more-link\">Continuar leyendo<span class=\"screen-reader-text\"> \u00abCat\u00f3lico: Como vives la misa vives tu&nbsp;vida\u00bb<\/span><\/a><\/p>\n","protected":false},"author":1,"featured_media":0,"comment_status":"open","ping_status":"closed","sticky":false,"template":"","format":"standard","meta":{"footnotes":""},"categories":[1],"tags":[],"class_list":["post-33179","post","type-post","status-publish","format-standard","hentry","category-general"],"_links":{"self":[{"href":"https:\/\/www.biblia.work\/sermones\/wp-json\/wp\/v2\/posts\/33179","targetHints":{"allow":["GET"]}}],"collection":[{"href":"https:\/\/www.biblia.work\/sermones\/wp-json\/wp\/v2\/posts"}],"about":[{"href":"https:\/\/www.biblia.work\/sermones\/wp-json\/wp\/v2\/types\/post"}],"author":[{"embeddable":true,"href":"https:\/\/www.biblia.work\/sermones\/wp-json\/wp\/v2\/users\/1"}],"replies":[{"embeddable":true,"href":"https:\/\/www.biblia.work\/sermones\/wp-json\/wp\/v2\/comments?post=33179"}],"version-history":[{"count":0,"href":"https:\/\/www.biblia.work\/sermones\/wp-json\/wp\/v2\/posts\/33179\/revisions"}],"wp:attachment":[{"href":"https:\/\/www.biblia.work\/sermones\/wp-json\/wp\/v2\/media?parent=33179"}],"wp:term":[{"taxonomy":"category","embeddable":true,"href":"https:\/\/www.biblia.work\/sermones\/wp-json\/wp\/v2\/categories?post=33179"},{"taxonomy":"post_tag","embeddable":true,"href":"https:\/\/www.biblia.work\/sermones\/wp-json\/wp\/v2\/tags?post=33179"}],"curies":[{"name":"wp","href":"https:\/\/api.w.org\/{rel}","templated":true}]}}