{"id":33185,"date":"2016-06-13T17:39:38","date_gmt":"2016-06-13T22:39:38","guid":{"rendered":"http:\/\/www.biblia.work\/sermones\/papa-francisco-la-iglesia-encarcelada-en-la-ley-esclaviza\/"},"modified":"2016-06-13T17:39:38","modified_gmt":"2016-06-13T22:39:38","slug":"papa-francisco-la-iglesia-encarcelada-en-la-ley-esclaviza","status":"publish","type":"post","link":"https:\/\/www.biblia.work\/sermones\/papa-francisco-la-iglesia-encarcelada-en-la-ley-esclaviza\/","title":{"rendered":"Papa Francisco: La Iglesia encarcelada en la ley&nbsp;esclaviza"},"content":{"rendered":"<p><b>Por: Radio Vaticano<\/b><\/p>\n<p align=\"justify\">En su camino de fe, la Iglesia, y todos los cristianos tienen que tratar de no encerrarse en un sistema de normas: hay que dejar espacio a la \u201cmemoria\u201d de los dones recibidos de Dios, al dinamismo de la \u201cprofec\u00eda\u201d y al horizonte de la \u201cesperanza\u201d. Papa Francisco condens\u00f3\u00a0en estas tres expresiones\u00a0la homil\u00eda de la misa de la ma\u00f1ana de este lunes celebrada en la Capilla de la Casa Santa Marta del Vaticano.<\/p>\n<p align=\"justify\">Francisco contrapuso la estructura de la ley que todo limita y el soplo liberador de la profec\u00eda que empuja m\u00e1s all\u00e1 de los confines.<\/p>\n<p align=\"justify\">En la vida de fe, el exceso de confianza en la ley, advirti\u00f3 el Papa, puede sofocar el valor de la memoria y del dinamismo del Esp\u00edritu.<\/p>\n<p align=\"justify\">Jes\u00fas, en la cita evang\u00e9lica de hoy, muestra este tema a los escribas y fariseos, que quer\u00edan hacerle callar, con la par\u00e1bola de los vi\u00f1adores asesinos.<\/p>\n<p align=\"justify\">Contra el patr\u00f3n que para ellos ha plantado, confi\u00e1ndosela, una vi\u00f1a bien organizada, los vi\u00f1adores arrendatarios deciden sublevarse, maltratando y matando a los siervos que el se\u00f1or les env\u00eda para reclamar la cosecha que produce.<\/p>\n<p align=\"justify\">Para culminar el drama, el asesinato del \u00fanico hijo del patr\u00f3n, un acto que seg\u00fan los equivocados arrendatarios, les har\u00eda quedarse con toda la herencia.<\/p>\n<p align=\"justify\"><strong>Casu\u00edstica y libertad<\/strong><\/p>\n<p align=\"justify\">Asesinar a los siervos y al hijo, imagen de los profetas y de Jesucristo, muestra la \u201cimagen de un pueblo encerrado en s\u00ed mismo que no se abre a las promesas de Dios, que no espera las promesas de Dios. Un pueblo sin memoria, sin profec\u00eda y sin esperanza\u201d.<\/p>\n<p align=\"justify\">A los jefes del pueblo, en especial, les interesa levantar un muro de leyes, \u201cun sistema jur\u00eddico cerrado\u201d y nada m\u00e1s.<\/p>\n<p align=\"justify\">\u201cLa memoria no interesa. La profec\u00eda: mejor que no vengan a los profetas. \u00bfY la esperanza? Cada uno ver\u00e1. Este es el sistema por el cual se legitiman: doctores de la ley, te\u00f3logos que siempre van por el camino de la casu\u00edstica y que no permiten la libertad del Esp\u00edritu Santo. No reconocen el don de Dios, el don del Esp\u00edritu Santo y que enjaulan el Esp\u00edritu, porque no permiten la profec\u00eda en la esperanza\u201d, advirti\u00f3.<\/p>\n<p align=\"justify\">&#8220;Este es el sistema religioso al que Jes\u00fas habla. Un sistema, como dice la primera lectura, de corrupci\u00f3n, de mundanidad y de concupiscencia\u2019, as\u00ed lo dice san Pedro en la Primera Lectura\u201d.<\/p>\n<p align=\"justify\"><strong>La memoria nos hace libres<\/strong><\/p>\n<p align=\"justify\">En el fondo, reconoci\u00f3 el Papa, \u201cJes\u00fas mismo fue tentado a perder la memoria de su misi\u00f3n, a\u00a0no dejar el sitio a la profec\u00eda y preferir la seguridad en vez de la esperanza\u201d, es decir la esencia de las tres tentaciones sufridas en el desierto.<\/p>\n<p align=\"justify\">\u201cA toda esta gente, Jes\u00fas, porque conoc\u00eda en s\u00ed mismo la tentaci\u00f3n, les exhorta: \u2018Le dais la vuelta a medio mundo para tener a un pros\u00e9lito y cuando lo consegu\u00eds, lo esclaviz\u00e1is\u2019. Este pueblo as\u00ed organizado, esta Iglesia as\u00ed estructurada \u00a1hace esclavos!&#8221;, dijo el Papa.<\/p>\n<p align=\"justify\">Y a\u00f1adi\u00f3: &#8220;Por esto se entiende c\u00f3mo reacciona Pablo cuando habla de la esclavitud de la ley y de la libertad que te da la gracia. Un pueblo es libre, una Iglesia es libre cuando tiene memoria, cuando deja sitio a los profetas, cuando no pierde la esperanza\u201d.<\/p>\n<p align=\"justify\"><strong>\u00bfCoraz\u00f3n abierto o encarcelado?<\/strong><\/p>\n<p align=\"justify\">La vi\u00f1a bien organizada, destac\u00f3 el Papa, es \u201cla imagen del pueblo de Dios, la imagen de la Iglesia y tambi\u00e9n la imagen de nuestra alma\u201d, que el Padre cuida siempre \u201ccon tanto amor y ternura\u201d.<\/p>\n<p align=\"justify\">Rebelarse contra \u00c9l, como los vi\u00f1adores asesinos, es \u201cperder la memoria del don\u201d recibido de Dios, mientras que \u201cpara recordar y no equivocar el camino\u201d es importante \u201cvolver siempre a las ra\u00edces\u201d.<\/p>\n<p align=\"justify\">\u201c\u00bfYo recuerdo las maravillas que el Se\u00f1or ha hecho en mi vida? \u00bfRecuerdo los dones del Se\u00f1or? \u00bfSoy capaz de abrir el coraz\u00f3n a los profetas, es decir, al que me dice \u2018esto as\u00ed no, tienes que ir all\u00e1, sigue, arriesga\u2026\u2019? eso hacen los profetas&#8230;&#8221;, plante\u00f3 el Papa.<\/p>\n<p align=\"justify\">&#8220;\u00bfEstoy abierto a esto o tengo miedo y prefiero encerrarme en la jaula de la ley? -a\u00f1adi\u00f3-. Y al final, \u00bftengo esperanza en las promesas de Dios, como tuvo nuestro Padre Abraham, que sali\u00f3 de su tierra sin saber a d\u00f3nde iba, solo porque esperaba en Dios? Nos har\u00e1 bien hacernos estas tres preguntas\u201d.<\/p>\n","protected":false},"excerpt":{"rendered":"<p>Por: Radio Vaticano En su camino de fe, la Iglesia, y todos los cristianos tienen que tratar de no encerrarse en un sistema de normas: hay que dejar espacio a la \u201cmemoria\u201d de los dones recibidos de Dios, al dinamismo de la \u201cprofec\u00eda\u201d y al horizonte de la \u201cesperanza\u201d. Papa Francisco condens\u00f3\u00a0en estas tres expresiones\u00a0la &hellip; <a href=\"https:\/\/www.biblia.work\/sermones\/papa-francisco-la-iglesia-encarcelada-en-la-ley-esclaviza\/\" class=\"more-link\">Continuar leyendo<span class=\"screen-reader-text\"> \u00abPapa Francisco: La Iglesia encarcelada en la ley&nbsp;esclaviza\u00bb<\/span><\/a><\/p>\n","protected":false},"author":1,"featured_media":0,"comment_status":"open","ping_status":"closed","sticky":false,"template":"","format":"standard","meta":{"footnotes":""},"categories":[1],"tags":[],"class_list":["post-33185","post","type-post","status-publish","format-standard","hentry","category-general"],"_links":{"self":[{"href":"https:\/\/www.biblia.work\/sermones\/wp-json\/wp\/v2\/posts\/33185","targetHints":{"allow":["GET"]}}],"collection":[{"href":"https:\/\/www.biblia.work\/sermones\/wp-json\/wp\/v2\/posts"}],"about":[{"href":"https:\/\/www.biblia.work\/sermones\/wp-json\/wp\/v2\/types\/post"}],"author":[{"embeddable":true,"href":"https:\/\/www.biblia.work\/sermones\/wp-json\/wp\/v2\/users\/1"}],"replies":[{"embeddable":true,"href":"https:\/\/www.biblia.work\/sermones\/wp-json\/wp\/v2\/comments?post=33185"}],"version-history":[{"count":0,"href":"https:\/\/www.biblia.work\/sermones\/wp-json\/wp\/v2\/posts\/33185\/revisions"}],"wp:attachment":[{"href":"https:\/\/www.biblia.work\/sermones\/wp-json\/wp\/v2\/media?parent=33185"}],"wp:term":[{"taxonomy":"category","embeddable":true,"href":"https:\/\/www.biblia.work\/sermones\/wp-json\/wp\/v2\/categories?post=33185"},{"taxonomy":"post_tag","embeddable":true,"href":"https:\/\/www.biblia.work\/sermones\/wp-json\/wp\/v2\/tags?post=33185"}],"curies":[{"name":"wp","href":"https:\/\/api.w.org\/{rel}","templated":true}]}}