{"id":33188,"date":"2016-06-13T17:39:46","date_gmt":"2016-06-13T22:39:46","guid":{"rendered":"http:\/\/www.biblia.work\/sermones\/como-mantener-la-fe-en-medio-de-la-enfermedad\/"},"modified":"2016-06-13T17:39:46","modified_gmt":"2016-06-13T22:39:46","slug":"como-mantener-la-fe-en-medio-de-la-enfermedad","status":"publish","type":"post","link":"https:\/\/www.biblia.work\/sermones\/como-mantener-la-fe-en-medio-de-la-enfermedad\/","title":{"rendered":"\u00bfC\u00f3mo mantener la fe en medio de la&nbsp;enfermedad?"},"content":{"rendered":"<p><b>Por: CAMILLE TRONC<\/b><\/p>\n<p align=\"justify\">Clothilde Aubet es una chica de 15 a\u00f1os que vive en Austria con su familia y va al liceo franc\u00e9s en Viena. Una adolescente normal en todos los aspectos, hasta cierta ma\u00f1ana de octubre en que se present\u00f3 la enfermedad: la <a target=\"_blank\" href=\"http:\/\/www.miasteniagravis.es\/index.php\/miastenia\/mistenia-gravis\">miastenia<\/a>, una rara enfermedad autoinmune. As\u00ed comenz\u00f3 un largo calvario de m\u00e1s de dos a\u00f1os para Clothilde, inmersa en un permanente estado de agotamiento y propensa a sufrir dolores cr\u00f3nicos. Dos a\u00f1os de estancia en el hospital, de buenas y malas noticias de los m\u00e9dicos. Dos a\u00f1os de lucha contra la enfermedad y por conseguir una vida normal.<\/p>\n<p align=\"justify\"><em>Un bac sous perfusion<\/em>\u00a0[Un bachillerato con perfusi\u00f3n] es un relato corto en forma de cr\u00f3nica. A pesar de la enfermedad, Clothilde se las arregla para conservar la fe y la esperanza \u2013\u00a1e incluso el bueno humor!\u2013 a lo largo de sus adversidades. Este testimonio conmover\u00e1 especialmente a aquellos y aquellas que est\u00e9n soportando una larga enfermedad que, como todo padecer, pone a prueba en primer lugar nuestra fe.<\/p>\n<p align=\"justify\"><em>Aleteia: \u00bfDe qu\u00e9 forma la enfermedad ha puesto a prueba tu fe?<\/em><\/p>\n<p align=\"justify\"><strong><strong>Clothilde Aubet:<\/strong><\/strong>\u00a0Los primeros seis meses, cuando a\u00fan no se sab\u00eda qu\u00e9 padec\u00eda, fueron muy duros en todos los aspectos y, por supuesto, tambi\u00e9n para mi fe. Sin embargo, yo nunca puse en duda mi fe por completo. <strong>Incluso en el dolor, me parec\u00eda inimaginable que Dios no existiera.<\/strong> Era m\u00e1s una cuesti\u00f3n de rebeli\u00f3n contra la manera en que las personas empezaban a tratarme de repente, en vista de mi cuerpo que ya no obedec\u00eda o que obedec\u00eda mal; pero nunca sent\u00ed rebeld\u00eda contra Dios. Fue m\u00e1s como un peque\u00f1o \u201cbache\u201d espiritual. Simplemente me preguntaba cu\u00e1ndo intervendr\u00eda \u00c9l. Y luego, lleg\u00f3 el d\u00eda en que me dijeron que ten\u00eda miastenia, una enfermedad incurable pero que se pod\u00eda equilibrar con tratamiento. A partir de ese d\u00eda, me dije que en realidad Dios hab\u00eda estado conmigo desde el comienzo, incluso aunque no lo sintiera.<\/p>\n<p align=\"justify\">Hubo momentos excepcionales en los que, aunque estaba muy enferma, sent\u00eda que no estaba sola. Es un sentimiento dif\u00edcil de explicar, es como si me estuvieran sosteniendo. A menudo me encontraba pensando en <a target=\"_blank\" href=\"http:\/\/abriendomundos.blogspot.com.es\/2006\/04\/huellas-en-3-idiomas.html\">ese poema<\/a> que cuenta la historia de un hombre que llegaba ante Dios y le reprochaba no haber estado con \u00e9l en los momentos dif\u00edciles.<\/p>\n<p align=\"justify\">Dios le muestra entonces que, en el camino de su vida, hab\u00eda dos pares huellas que caminaban juntas por la arena, las del hombre y las de Dios. Dios le se\u00f1ala entonces todos esos momentos dif\u00edciles, durante los cuales las huellas se reducen a s\u00f3lo un par, y le explica que en esos momentos era \u00c9l quien cargaba con el hombre. Yo sent\u00eda que conmigo pasaba lo mismo. De hecho, durante la enfermedad, mi fe ha pasado de ser la de un ni\u00f1o a ser la de un adulto. Antes, iba a misa, en parte porque cre\u00eda, pero en realidad nunca me lo hab\u00eda planteado seriamente. La enfermedad ha sido la ocasi\u00f3n de decidir como adulta que yo cre\u00eda de verdad. La lectura del texto <a target=\"_blank\" href=\"https:\/\/w2.vatican.va\/content\/john-paul-ii\/es\/apost_letters\/1984\/documents\/hf_jp-ii_apl_11021984_salvifici-doloris.html\"><em>Salvifici Doloris<\/em><\/a> de Juan Pablo II me ha permitido comprender el sufrimiento acerc\u00e1ndome a Dios: sufrir en su carne, acercarme a Jes\u00fas sufriendo en la Cruz. El sufrimiento aporta una dimensi\u00f3n nueva.<\/p>\n<p align=\"justify\"><em>\u00bfEl apoyo de tu familia te ha ayudado a afrontar la enfermedad?<\/em><\/p>\n<p align=\"justify\">Ha sido imprescindible. Su presencia, junto con la de mis amigos, me ha ayudado a no caer m\u00e1s bajo en los momentos m\u00e1s duros. Ha sido sobre todo gracias al apoyo de mi madre: ella ha estado presente en todas las citas m\u00e9dicas y en todas las hospitalizaciones. M\u00e1s que nada, ella estuvo ah\u00ed para escucharme y consolarme. Mis hermanas y hermanos peque\u00f1os tambi\u00e9n han sido una gran ayuda, empujando por turnos mi silla de ruedas. Tambi\u00e9n estuvieron ah\u00ed para escucharme y, lo que es m\u00e1s, para recordarme las alegr\u00edas y los problemas de la \u201cvida de verdad\u201d, de la que la enfermedad nos desconectaba un poco.<\/p>\n<p align=\"justify\"><em>\u00bfQu\u00e9 consejos dar\u00edas a otros j\u00f3venes enfermos?<\/em><\/p>\n<p align=\"justify\">Lo m\u00e1s importante es que nunca se rindan. Hay que conservar la voluntad de luchar contra la enfermedad, ya que s\u00f3lo tenemos una vida, aunque sea con esta enfermedad. \u201cTener una enfermedad\u201d significa aprender a tener paciencia&#8230; en primer lugar con uno mismo. Estamos obligados a aceptar nuestros l\u00edmites. Despu\u00e9s, hay que aprender a ser pacientes con los dem\u00e1s, puesto que su torpeza quiz\u00e1 pueda ayudarnos a sanar.<\/p>\n<p align=\"justify\">Es crucial hacer la distinci\u00f3n entre \u201cestar enfermo\u201d y \u201cser un enfermo\u201d: no pod\u00e9is permitir que la enfermedad os defina, simplemente est\u00e1 ah\u00ed. Recordad bien que sois fuertes, m\u00e1s fuertes que aquellos que tienen buena salud. Sois fuertes porque sois fr\u00e1giles, porque hab\u00e9is aceptado desde el coraz\u00f3n vuestra debilidad y porque os hab\u00e9is aceptado a vosotros mismos con estas debilidades, de las que hab\u00e9is aprendido a sacar fuerzas.<\/p>\n<p align=\"justify\"><em>\u00bfY a su familia y allegados? <\/em><\/p>\n<p align=\"justify\">Para m\u00ed la enfermedad fue una manera de descubrir con qui\u00e9n pod\u00eda contar de verdad. A veces puede que sea decepcionante, pero tambi\u00e9n me permiti\u00f3 conocer a grandes personas. As\u00ed que p<strong>ara vosotros, seres queridos de los pacientes, puede resultar doloroso ver c\u00f3mo reaccionan algunas personas con las que pensabais que pod\u00edais contar. Sin embargo, no dud\u00e9is en pedir ayuda de forma concreta: un transporte, una visita al hospital, un paseo con el enfermo&#8230;<\/strong> Est\u00e1 dentro del alcance de todos y las personas est\u00e1n realmente contentas de poder ayudar<\/p>\n<p align=\"justify\"><strong>Hay que tener paciencia con los enfermos y, sobre todo, tener tacto.<\/strong> Puede parecer dif\u00edcil, pero hay que decirles: \u201cEstoy aqu\u00ed, no dudes en avisarme si necesitas hablar o hacer cualquier cosa\u201d. Hay que adaptarse a la enfermedad en la vida cotidiana, con las limitaciones necesarias, pero sin dejar de llevar una vida normal.<\/p>\n<p align=\"justify\"><strong><em>Entrevista de Camille Tronc<\/em><\/strong><\/p>\n<p align=\"justify\"><img loading=\"lazy\" decoding=\"async\" class=\"alignleft\" src=\"https:\/\/s0.wp.com\/wp-content\/themes\/vip\/plugins\/lazy-load\/images\/1x1.trans.gif\" data-lazy-src=\"https:\/\/aleteiafrench.files.wordpress.com\/2016\/05\/capture-d_c3a9cran-2016-05-25-c3a0-14-53-531.png?w=350&#038;h=518\" width=\"350\" height=\"518\" \/><noscript><img loading=\"lazy\" decoding=\"async\" class=\"alignleft\" src=\"https:\/\/aleteiafrench.files.wordpress.com\/2016\/05\/capture-d_c3a9cran-2016-05-25-c3a0-14-53-531.png?w=350&#038;h=518\" width=\"350\" height=\"518\" \/><\/noscript><\/p>\n<p align=\"justify\">&nbsp;<\/p>\n","protected":false},"excerpt":{"rendered":"<p>Por: CAMILLE TRONC Clothilde Aubet es una chica de 15 a\u00f1os que vive en Austria con su familia y va al liceo franc\u00e9s en Viena. Una adolescente normal en todos los aspectos, hasta cierta ma\u00f1ana de octubre en que se present\u00f3 la enfermedad: la miastenia, una rara enfermedad autoinmune. As\u00ed comenz\u00f3 un largo calvario de &hellip; <a href=\"https:\/\/www.biblia.work\/sermones\/como-mantener-la-fe-en-medio-de-la-enfermedad\/\" class=\"more-link\">Continuar leyendo<span class=\"screen-reader-text\"> \u00ab\u00bfC\u00f3mo mantener la fe en medio de la&nbsp;enfermedad?\u00bb<\/span><\/a><\/p>\n","protected":false},"author":1,"featured_media":0,"comment_status":"open","ping_status":"closed","sticky":false,"template":"","format":"standard","meta":{"footnotes":""},"categories":[1],"tags":[],"class_list":["post-33188","post","type-post","status-publish","format-standard","hentry","category-general"],"_links":{"self":[{"href":"https:\/\/www.biblia.work\/sermones\/wp-json\/wp\/v2\/posts\/33188","targetHints":{"allow":["GET"]}}],"collection":[{"href":"https:\/\/www.biblia.work\/sermones\/wp-json\/wp\/v2\/posts"}],"about":[{"href":"https:\/\/www.biblia.work\/sermones\/wp-json\/wp\/v2\/types\/post"}],"author":[{"embeddable":true,"href":"https:\/\/www.biblia.work\/sermones\/wp-json\/wp\/v2\/users\/1"}],"replies":[{"embeddable":true,"href":"https:\/\/www.biblia.work\/sermones\/wp-json\/wp\/v2\/comments?post=33188"}],"version-history":[{"count":0,"href":"https:\/\/www.biblia.work\/sermones\/wp-json\/wp\/v2\/posts\/33188\/revisions"}],"wp:attachment":[{"href":"https:\/\/www.biblia.work\/sermones\/wp-json\/wp\/v2\/media?parent=33188"}],"wp:term":[{"taxonomy":"category","embeddable":true,"href":"https:\/\/www.biblia.work\/sermones\/wp-json\/wp\/v2\/categories?post=33188"},{"taxonomy":"post_tag","embeddable":true,"href":"https:\/\/www.biblia.work\/sermones\/wp-json\/wp\/v2\/tags?post=33188"}],"curies":[{"name":"wp","href":"https:\/\/api.w.org\/{rel}","templated":true}]}}