{"id":33202,"date":"2016-06-13T17:40:17","date_gmt":"2016-06-13T22:40:17","guid":{"rendered":"http:\/\/www.biblia.work\/sermones\/el-papa-francisco-explica-el-poder-de-la-oracion\/"},"modified":"2016-06-13T17:40:17","modified_gmt":"2016-06-13T22:40:17","slug":"el-papa-francisco-explica-el-poder-de-la-oracion","status":"publish","type":"post","link":"https:\/\/www.biblia.work\/sermones\/el-papa-francisco-explica-el-poder-de-la-oracion\/","title":{"rendered":"El Papa Francisco explica el poder de la&nbsp;oraci\u00f3n"},"content":{"rendered":"<p><b>Por: Ary Waldir Ramos D\u00edaz<\/b><\/p>\n<p align=\"justify\">\u201c\u00a1<strong>Es la oraci\u00f3n la que mantiene la fe, sin la oraci\u00f3n la fe se tambalea!\u201d<\/strong>, dijo el papa Francisco en la audiencia general de este mi\u00e9rcoles 25 de mayo, ante 20.000 fieles y peregrinos de todo el mundo presentes en la plaza de San Pedro.<\/p>\n<p align=\"justify\">Con ocasi\u00f3n del a\u00f1o jubilar, el Pont\u00edfice prosigui\u00f3 una serie de catequesis especiales sobre la misericordia desde la visi\u00f3n evang\u00e9lica: en esta ocasi\u00f3n, la par\u00e1bola del juez cruel y de la viuda (Lc 18,1-8).<\/p>\n<p align=\"justify\">Francisco explic\u00f3 \u201cla necesidad de orar siempre sin desfallecer. Del ejemplo de la viuda, una persona desvalida y sin defensor, el Se\u00f1or saca una ense\u00f1anza: si ella, con su insistencia, consigui\u00f3 obtener de un juez injusto lo que necesitaba, cu\u00e1nto m\u00e1s Dios, que es nuestro padre bueno y justo, har\u00e1 justicia a los que se la pidan con perseverancia, y adem\u00e1s lo har\u00e1 sin tardar\u201d.<\/p>\n<p align=\"justify\">El obispo de Roma anim\u00f3 a orar con perseverancia, que \u201cexpresa una confianza que no se rinde ni se apaga&#8221;.<\/p>\n<p align=\"justify\">&#8220;Como Jes\u00fas en Getseman\u00ed, <strong>tenemos que orar confi\u00e1ndolo todo al coraz\u00f3n del Padre, sin pretender que Dios se amolde a nuestras exigencias, modos o tiempos, esto provoca cansancio o des\u00e1nimo, porque nos parece que nuestras plegarias no son escuchadas<\/strong>\u201d.<\/p>\n<p align=\"justify\">El Pont\u00edfice record\u00f3 que <strong>\u201c<\/strong>si, como Jes\u00fas, confiamos todo a la voluntad del Padre, el objeto de nuestra oraci\u00f3n pasa a un segundo plano, y se manifiesta lo verdaderamente importante: nuestra relaci\u00f3n \u00c9l\u201d.<\/p>\n<p align=\"justify\">Asimismo, se refiri\u00f3 a que \u201ceste es el efecto de <strong>la oraci\u00f3n: transformar el deseo y modelarlo seg\u00fan la voluntad de Dios<\/strong>, aspirando sobre todo a la uni\u00f3n con \u00c9l, que sale al encuentro de sus hijos lleno de amor misericordioso\u201d.<\/p>\n<p align=\"justify\">Por \u00faltimo, invit\u00f3 a pedir al \u201cSe\u00f1or una fe que se convierte en oraci\u00f3n continua, perseverante, como la de la viuda de la par\u00e1bola. En la oraci\u00f3n experimentamos la compasi\u00f3n de Dios, y como Padre es para satisfacer a sus hijos llenos de amor misericordioso\u201d.<\/p>\n<p align=\"justify\">El Papa rememor\u00f3 que en este mes mariano, mayo, la Madre de Dios escucha las oraciones y nos acompa\u00f1a en la vida diaria. Adem\u00e1s, salud\u00f3 a los fieles de Am\u00e9rica Latina y Espa\u00f1a.<\/p>\n","protected":false},"excerpt":{"rendered":"<p>Por: Ary Waldir Ramos D\u00edaz \u201c\u00a1Es la oraci\u00f3n la que mantiene la fe, sin la oraci\u00f3n la fe se tambalea!\u201d, dijo el papa Francisco en la audiencia general de este mi\u00e9rcoles 25 de mayo, ante 20.000 fieles y peregrinos de todo el mundo presentes en la plaza de San Pedro. Con ocasi\u00f3n del a\u00f1o jubilar, &hellip; <a href=\"https:\/\/www.biblia.work\/sermones\/el-papa-francisco-explica-el-poder-de-la-oracion\/\" class=\"more-link\">Continuar leyendo<span class=\"screen-reader-text\"> \u00abEl Papa Francisco explica el poder de la&nbsp;oraci\u00f3n\u00bb<\/span><\/a><\/p>\n","protected":false},"author":1,"featured_media":0,"comment_status":"open","ping_status":"closed","sticky":false,"template":"","format":"standard","meta":{"footnotes":""},"categories":[1],"tags":[],"class_list":["post-33202","post","type-post","status-publish","format-standard","hentry","category-general"],"_links":{"self":[{"href":"https:\/\/www.biblia.work\/sermones\/wp-json\/wp\/v2\/posts\/33202","targetHints":{"allow":["GET"]}}],"collection":[{"href":"https:\/\/www.biblia.work\/sermones\/wp-json\/wp\/v2\/posts"}],"about":[{"href":"https:\/\/www.biblia.work\/sermones\/wp-json\/wp\/v2\/types\/post"}],"author":[{"embeddable":true,"href":"https:\/\/www.biblia.work\/sermones\/wp-json\/wp\/v2\/users\/1"}],"replies":[{"embeddable":true,"href":"https:\/\/www.biblia.work\/sermones\/wp-json\/wp\/v2\/comments?post=33202"}],"version-history":[{"count":0,"href":"https:\/\/www.biblia.work\/sermones\/wp-json\/wp\/v2\/posts\/33202\/revisions"}],"wp:attachment":[{"href":"https:\/\/www.biblia.work\/sermones\/wp-json\/wp\/v2\/media?parent=33202"}],"wp:term":[{"taxonomy":"category","embeddable":true,"href":"https:\/\/www.biblia.work\/sermones\/wp-json\/wp\/v2\/categories?post=33202"},{"taxonomy":"post_tag","embeddable":true,"href":"https:\/\/www.biblia.work\/sermones\/wp-json\/wp\/v2\/tags?post=33202"}],"curies":[{"name":"wp","href":"https:\/\/api.w.org\/{rel}","templated":true}]}}