{"id":33916,"date":"2016-06-13T18:08:10","date_gmt":"2016-06-13T23:08:10","guid":{"rendered":"http:\/\/www.biblia.work\/sermones\/sujetando-a-dios-en-la-palma-de-tu-mano\/"},"modified":"2016-06-13T18:08:10","modified_gmt":"2016-06-13T23:08:10","slug":"sujetando-a-dios-en-la-palma-de-tu-mano","status":"publish","type":"post","link":"https:\/\/www.biblia.work\/sermones\/sujetando-a-dios-en-la-palma-de-tu-mano\/","title":{"rendered":"Sujetando a Dios en la palma de tu&nbsp;mano"},"content":{"rendered":"<p><b>Por: Aleteia Team<\/b><\/p>\n<p align=\"justify\"><em>El di\u00e1cono Greg Kandra pretend\u00eda dirigir unas palabras a los ni\u00f1os de su parroquia que se preparaban para la Primera Comuni\u00f3n, en cambio decidi\u00f3 dirigir su homil\u00eda a los padres. Dado el reciente s\u00ednodo de obispos sobre la familia y el pr\u00f3ximo A\u00f1o de la familia, la decisi\u00f3n parece haber sido la apropiada, pues los padres son los primeros maestros de la fe. Aleteia comparte la homil\u00eda del di\u00e1cono Greg con la esperanza de que inspire a los lectores a compartirla y ense\u00f1arla tambi\u00e9n.<\/em><\/p>\n<p align=\"justify\">Me gustar\u00eda dar la especial bienvenida esta ma\u00f1ana a los ni\u00f1os que se est\u00e1n preparando para recibir la <strong>Primera Comuni\u00f3n<\/strong>, pero tambi\u00e9n quisiera dar la bienvenida a sus padres.<\/p>\n<p align=\"justify\"><strong>Este es el comienzo de un momento emocionante para sus hijos, pero tambi\u00e9n un emocionante momento para ustedes y para todos nosotros<\/strong> como comunidad parroquial. Y realmente quisiera dirigirme a ustedes pap\u00e1s que har\u00e1n este viaje con sus hijos mientras se preparan para los sacramentos.<\/p>\n<p align=\"justify\">Vemos este parteaguas en las vidas de sus hijos, que a veces se va en un suspiro. A veces se vuelve una lista de cosas que hacer. \u201cTengo que llevar a los ni\u00f1os a misa\u201d. \u201cTengo que encontrar sus certificados bautismales\u201d. \u201cTengo que planear la fiesta\u201d.<\/p>\n<p align=\"justify\"><strong>Nos vemos inmersos en las cosas que rodean al sacramento, desde la lista de invitados al men\u00fa y el vestido, y perdemos de vista el verdadero sentido.<\/strong> Lo veo continuamente en las bodas, los bautizos, primeras comuniones.<\/p>\n<p align=\"justify\">Por unos momentos, <strong>me gustar\u00eda hacer una pausa.<\/strong> Porque a lo que se preparan estos ni\u00f1os lo requiere.<\/p>\n<p align=\"justify\">Llamamos a la Eucarist\u00eda \u201c<strong>la fuente y cima de nuestra fe\u201d<\/strong>. Y esto es de lo que se trata.<\/p>\n<p align=\"justify\">A principios de 1970, durante la Guerra de Vietnam, el arzobispo de Saigon era un nombre llamado Francisco <strong>Javier Nguyen Van Thuan. Los comunistas lo ve\u00edan como una amenaza. Y en la fiesta de la Asunci\u00f3n, el 15 de agosto de 1975, fue arrestado y mandado a prisi\u00f3n<\/strong>.<\/p>\n<p align=\"justify\">Sin haber recibido juicio, ni siquiera\u00a0sentencia, fue enviado a una prisi\u00f3n al norte de Vietnam. Estuvo ah\u00ed durante 13 a\u00f1os, 9 de los cuales en aislamiento. Durante su encarcelamiento no pod\u00eda celebrar misa ni recibir la Eucarist\u00eda.<\/p>\n<p align=\"justify\">Lo que logr\u00f3 hacer, sin embargo, fue fenomenal, y nos recuerda, poderosamente, cu\u00e1n vital es la Eucarist\u00eda.<\/p>\n<p align=\"justify\"><strong>Al arzobispo se le permiti\u00f3 un lujo: escribir cartas a sus amigos fuera de la prisi\u00f3n. Cuando lo hac\u00eda, a menudo les ped\u00eda que le enviaran lo que \u00e9l llamaba \u201csu medicina\u201d. Ellos sab\u00edan a lo que se refer\u00eda.<\/strong><\/p>\n<p align=\"justify\">Le mandaban medicinas para la tos en botellas llenas de vino y peque\u00f1os pedazos de pan. Los compasivos guardias le pasaban clandestinamente algo de madera y cable, y con ello logr\u00f3 hacer una peque\u00f1a cruz, que escond\u00eda en una barra de jab\u00f3n.<\/p>\n<p align=\"justify\">Guardaba todas sus cosas en un caja de cart\u00f3n. La caja se volvi\u00f3 su altar privado. <strong>Cada d\u00eda, a las 3.00 p.m., la hora de la muerte de Jes\u00fas, pon\u00eda algunas gotas de vino en su mano, mezcladas con agua, para celebrar misa.<\/strong><\/p>\n<p align=\"justify\"><strong>El mayor milagro de la historia estaba por suceder.<\/strong><\/p>\n<p align=\"justify\">Esa estrecha celda de la prisi\u00f3n se volvi\u00f3 tan bella y bendecida como cualquier catedral, un santuario para la gloria de Dios.<\/p>\n<p align=\"justify\">\u00c9l hizo esto durante 13 a\u00f1os. Fue finalmente liberado en 1988.<\/p>\n<p align=\"justify\">Durante el a\u00f1o jubilar del 2000, fue invitado a predicar en el Vaticano, y el papa Juan Pablo II le regal\u00f3 un c\u00e1liz, un\u00a0regalo de valor incalculable para un hombre cuyo \u00fanico c\u00e1liz, durante muchos a\u00f1os, hab\u00eda sido la palma de su mano. El mismo a\u00f1o fue creado cardenal. Dos a\u00f1os despu\u00e9s muri\u00f3. El Vaticano abri\u00f3 la causa para su canonizaci\u00f3n.<\/p>\n<p align=\"justify\">Este es un hombre que entendi\u00f3 con cada fibra de su ser cu\u00e1n preciosa es la Santa Comuni\u00f3n.<\/p>\n<p align=\"justify\"><strong>Y esto es lo que necesitamos transmitir a nuestros hijos mientras se preparan para recibir este sacramento por primera vez. La Sagrada Eucarist\u00eda es preciosa. Y es hermosa. Es un regalo de amor avasallador.<\/strong><\/p>\n<p align=\"justify\">Y, no nos enga\u00f1emos: es, por encima de todo, un regalo.<\/p>\n<p align=\"justify\">En el evangelio de esta ma\u00f1ana, escuchamos que el hijo del hombre no vino a ser servido sino a servir. El mensaje no es sobre el recibir sino sobre el dar. Cristo nos mostr\u00f3 el camino para dar.<\/p>\n<p align=\"justify\">Y lo sigue haciendo, viniendo a nosotros como somos, donde estemos, d\u00e1ndolo todo.<\/p>\n<p align=\"justify\"><strong>\u00c9l es el regalo.<\/strong><\/p>\n<p align=\"justify\">Vimos lo que eso significaba en el Calvario.<\/p>\n<p align=\"justify\">Estamos a punto de volver a verlo aqu\u00ed en este altar, Dios viene a nosotros en forma de pan y vino; el pan, de hecho, suficientemente peque\u00f1o para sostenerlo en la palma de nuestra mano.<\/p>\n<p align=\"justify\">Volver\u00e9 a decirlo: \u00c9l es el regalo.<\/p>\n<p align=\"justify\">O\u00edmos esa idea cada a\u00f1o el d\u00eda de Navidad. \u00bfPero <strong>nos damos cuenta que cada misa, de hecho, es Navidad?<\/strong><\/p>\n<p align=\"justify\"><strong>Qu\u00e9 milagro, y qu\u00e9 misterio.<\/strong><\/p>\n<p align=\"justify\">Hace un par de semanas prediqu\u00e9 en todas las misas de un peque\u00f1o pueblo al oeste de Illinois. Es un \u00e1rea rural. El gran empleador es la f\u00e1brica John Deere. Ese domingo, una y otra vez, la gente se acercaba a recibir la comuni\u00f3n, extend\u00edan sus manos para recibir la hostia.<\/p>\n<p align=\"justify\">Una y otra vez entregu\u00e9 ese perfecto pedazo de pan \u2013el Cuerpo de Cristo\u2013 en las manos de granjeros y herreros, manos gastadas, callosas, con ampollas, y raspadas, y me di cuenta, quiz\u00e1 como nunca antes, del sentido de este sacramento: que <strong>a pesar de todo, Dios viene a nosotros en nuestra humanidad, fragilidad, en nuestro cansancio, y nuestras carencias.<\/strong><\/p>\n<p align=\"justify\">Lo que presenci\u00e9 en esa parroquia de Illinois fue transformador. <strong>Nunca hab\u00eda visto a la gente querer la hostia con tanta ternura y amor.<\/strong><\/p>\n<p align=\"justify\">La gracia de este regalo es casi abrumador. Sin embargo, muy a menudo, la damos por sentada. <strong>Cuando se aproximen a recibir la comuni\u00f3n esta ma\u00f1ana\u2026.no la den por supuesta.<\/strong> No dejen que este sacramento sea s\u00f3lo algo m\u00e1s durante la misa.<\/p>\n<p align=\"justify\">No dejen que el sacramento al que sus hijos se est\u00e1n preparando para recibir se vuelva s\u00f3lo otra foto m\u00e1s del \u00e1lbum familiar, otro men\u00fa o plan o lista de invitados a elaborar.<\/p>\n<p align=\"justify\">Recuerden, en cambio, que \u00c9l no vino a ser servido sino a servir. Recuerden lo que eso significa. Y recuerden a Francisco Javier Nguyn Van Thuan.<\/p>\n<p align=\"justify\"><strong>Recuerden a muchos otros en todo el mundo cuyos nombres no conocemos y que no pueden hacer lo que nosotros estamos haciendo hoy aqu\u00ed.<\/strong><\/p>\n<p align=\"justify\">Recuerden que nos ha sido dado un milagro y un misterio que estos ni\u00f1os se est\u00e1n preparando a recibir. Es algo maravillosamente incomparable y un amor insondable.<\/p>\n<p align=\"justify\">Este es el regalo que nos ha sido transmitido.<\/p>\n<p align=\"justify\">Es la fuente y cima de nuestra fe.<\/p>\n<p align=\"justify\">De esto se trata.<\/p>\n<p align=\"justify\"><em>Mira <a target=\"_blank\" href=\"https:\/\/www.youtube.com\/watch?v=c-FAgsDHLcM\">aqu\u00ed<\/a> el video sobre el proceso de canonizaci\u00f3n del cardenal Van Thuan.<\/em><\/p>\n<p align=\"justify\"><em>Por\u00a0Greg Kandra, periodista galardonado que escribi\u00f3 para <\/em>CBS News<em> durante m\u00e1s de dos d\u00e9cadas. Es di\u00e1cono permanente en la di\u00f3cesis de Brooklyn y escribe en <\/em>The Deacons Bench.<\/p>\n","protected":false},"excerpt":{"rendered":"<p>Por: Aleteia Team El di\u00e1cono Greg Kandra pretend\u00eda dirigir unas palabras a los ni\u00f1os de su parroquia que se preparaban para la Primera Comuni\u00f3n, en cambio decidi\u00f3 dirigir su homil\u00eda a los padres. Dado el reciente s\u00ednodo de obispos sobre la familia y el pr\u00f3ximo A\u00f1o de la familia, la decisi\u00f3n parece haber sido la &hellip; <a href=\"https:\/\/www.biblia.work\/sermones\/sujetando-a-dios-en-la-palma-de-tu-mano\/\" class=\"more-link\">Continuar leyendo<span class=\"screen-reader-text\"> \u00abSujetando a Dios en la palma de tu&nbsp;mano\u00bb<\/span><\/a><\/p>\n","protected":false},"author":1,"featured_media":0,"comment_status":"open","ping_status":"closed","sticky":false,"template":"","format":"standard","meta":{"footnotes":""},"categories":[1],"tags":[],"class_list":["post-33916","post","type-post","status-publish","format-standard","hentry","category-general"],"_links":{"self":[{"href":"https:\/\/www.biblia.work\/sermones\/wp-json\/wp\/v2\/posts\/33916","targetHints":{"allow":["GET"]}}],"collection":[{"href":"https:\/\/www.biblia.work\/sermones\/wp-json\/wp\/v2\/posts"}],"about":[{"href":"https:\/\/www.biblia.work\/sermones\/wp-json\/wp\/v2\/types\/post"}],"author":[{"embeddable":true,"href":"https:\/\/www.biblia.work\/sermones\/wp-json\/wp\/v2\/users\/1"}],"replies":[{"embeddable":true,"href":"https:\/\/www.biblia.work\/sermones\/wp-json\/wp\/v2\/comments?post=33916"}],"version-history":[{"count":0,"href":"https:\/\/www.biblia.work\/sermones\/wp-json\/wp\/v2\/posts\/33916\/revisions"}],"wp:attachment":[{"href":"https:\/\/www.biblia.work\/sermones\/wp-json\/wp\/v2\/media?parent=33916"}],"wp:term":[{"taxonomy":"category","embeddable":true,"href":"https:\/\/www.biblia.work\/sermones\/wp-json\/wp\/v2\/categories?post=33916"},{"taxonomy":"post_tag","embeddable":true,"href":"https:\/\/www.biblia.work\/sermones\/wp-json\/wp\/v2\/tags?post=33916"}],"curies":[{"name":"wp","href":"https:\/\/api.w.org\/{rel}","templated":true}]}}