{"id":33919,"date":"2016-06-13T18:08:18","date_gmt":"2016-06-13T23:08:18","guid":{"rendered":"http:\/\/www.biblia.work\/sermones\/brochero-un-paso-mas-cerca-de-ser-santo\/"},"modified":"2016-06-13T18:08:18","modified_gmt":"2016-06-13T23:08:18","slug":"brochero-un-paso-mas-cerca-de-ser-santo","status":"publish","type":"post","link":"https:\/\/www.biblia.work\/sermones\/brochero-un-paso-mas-cerca-de-ser-santo\/","title":{"rendered":"Brochero, un paso m\u00e1s cerca de ser&nbsp;santo"},"content":{"rendered":"<p><b>Por: AICA<\/b><\/p>\n<p align=\"justify\">La comisi\u00f3n de te\u00f3logos encargada de estudiar el presunto milagro ocurrido por intercesi\u00f3n del beato Jos\u00e9 Gabriel Brochero emiti\u00f3 un dictamen positivo sobre la causa y ahora solo resta que la comisi\u00f3n de cardenales y obispos se re\u00fana el 2 de febrero pr\u00f3ximo y presente luego al papa Francisco, de no mediar inconvenientes, la solicitud para que el Cura Gaucho sea declarado santo.<\/p>\n<p align=\"justify\">Monse\u00f1or Santiago Olivera, obispo de Cruz del Eje y coactor de la causa de canonizaci\u00f3n del Cura Brochero, dio a conocer la noticia y manifest\u00f3 su alegr\u00eda por el avance. En di\u00e1logo con AICA, estim\u00f3 que el Papa podr\u00eda declarar santo al Cura Brochero en muy poco tiempo.<\/p>\n<p align=\"justify\"><strong>\u201cLa comisi\u00f3n teol\u00f3gica ha sido positiva por unanimidad. En febrero la causa llegar\u00e1 a los obispos y cardenales, y luego ser\u00e1 el momento de la firma del Papa, Dios mediante\u201d<\/strong>, coment\u00f3 el prelado.<\/p>\n<p align=\"justify\">En concreto, los te\u00f3logos determinaron que la oraci\u00f3n de intercesi\u00f3n estuvo bien realizada y fue dirigida al Cura Gaucho. Los te\u00f3logos observaron esta relaci\u00f3n causa-efecto entre la plegaria y el supuesto milagro, pudiendo comprobar que no hay ning\u00fan tipo de dudas en el hecho de que se invoc\u00f3 a Brochero.<\/p>\n<p align=\"justify\"><strong>En septiembre de este a\u00f1o, la comisi\u00f3n de siete m\u00e9dicos de la Pontificia Congregaci\u00f3n para las Causas de los Santos valid\u00f3 el segundo presunto milagro necesario para elevar a Brochero a la categor\u00eda de santo. Se trata de la curaci\u00f3n inexplicable de Camila Brusotti, una ni\u00f1a sanjuanina que fue salvajemente golpeada.<\/strong><\/p>\n<p align=\"justify\">El milagro que permiti\u00f3 declarar beato a Brochero tuvo como protagonista a Nicol\u00e1s Flores Violino, un ni\u00f1o que super\u00f3 el pron\u00f3stico de una &#8220;vida vegetativa&#8221; y problemas neurol\u00f3gicos severos tras sufrir un grave accidente vial con apenas meses de vida. Hoy en d\u00eda realiza una vida normal, junto con su familia, en la ciudad de C\u00f3rdoba.<\/p>\n<p align=\"justify\">Brochero, quien evangeliz\u00f3 a lomo de mula las sierras de C\u00f3rdoba, fue proclamado beato el 14 de septiembre de 2013 en una ceremonia multitudinaria en la localidad cordobesa que lleva su nombre.<\/p>\n<p align=\"justify\"><em>Art\u00edculo originalmente publicado por <a target=\"_blank\" href=\"http:\/\/www.aica.org\/20562-brochero-un-paso-mas-cerca-de-ser-santo.html\">AICA<\/a><\/em><\/p>\n","protected":false},"excerpt":{"rendered":"<p>Por: AICA La comisi\u00f3n de te\u00f3logos encargada de estudiar el presunto milagro ocurrido por intercesi\u00f3n del beato Jos\u00e9 Gabriel Brochero emiti\u00f3 un dictamen positivo sobre la causa y ahora solo resta que la comisi\u00f3n de cardenales y obispos se re\u00fana el 2 de febrero pr\u00f3ximo y presente luego al papa Francisco, de no mediar inconvenientes, &hellip; <a href=\"https:\/\/www.biblia.work\/sermones\/brochero-un-paso-mas-cerca-de-ser-santo\/\" class=\"more-link\">Continuar leyendo<span class=\"screen-reader-text\"> \u00abBrochero, un paso m\u00e1s cerca de ser&nbsp;santo\u00bb<\/span><\/a><\/p>\n","protected":false},"author":1,"featured_media":0,"comment_status":"open","ping_status":"closed","sticky":false,"template":"","format":"standard","meta":{"footnotes":""},"categories":[1],"tags":[],"class_list":["post-33919","post","type-post","status-publish","format-standard","hentry","category-general"],"_links":{"self":[{"href":"https:\/\/www.biblia.work\/sermones\/wp-json\/wp\/v2\/posts\/33919","targetHints":{"allow":["GET"]}}],"collection":[{"href":"https:\/\/www.biblia.work\/sermones\/wp-json\/wp\/v2\/posts"}],"about":[{"href":"https:\/\/www.biblia.work\/sermones\/wp-json\/wp\/v2\/types\/post"}],"author":[{"embeddable":true,"href":"https:\/\/www.biblia.work\/sermones\/wp-json\/wp\/v2\/users\/1"}],"replies":[{"embeddable":true,"href":"https:\/\/www.biblia.work\/sermones\/wp-json\/wp\/v2\/comments?post=33919"}],"version-history":[{"count":0,"href":"https:\/\/www.biblia.work\/sermones\/wp-json\/wp\/v2\/posts\/33919\/revisions"}],"wp:attachment":[{"href":"https:\/\/www.biblia.work\/sermones\/wp-json\/wp\/v2\/media?parent=33919"}],"wp:term":[{"taxonomy":"category","embeddable":true,"href":"https:\/\/www.biblia.work\/sermones\/wp-json\/wp\/v2\/categories?post=33919"},{"taxonomy":"post_tag","embeddable":true,"href":"https:\/\/www.biblia.work\/sermones\/wp-json\/wp\/v2\/tags?post=33919"}],"curies":[{"name":"wp","href":"https:\/\/api.w.org\/{rel}","templated":true}]}}