{"id":33948,"date":"2016-06-13T18:09:23","date_gmt":"2016-06-13T23:09:23","guid":{"rendered":"http:\/\/www.biblia.work\/sermones\/papa-francisco-el-enemigo-es-tambien-persona\/"},"modified":"2016-06-13T18:09:23","modified_gmt":"2016-06-13T23:09:23","slug":"papa-francisco-el-enemigo-es-tambien-persona","status":"publish","type":"post","link":"https:\/\/www.biblia.work\/sermones\/papa-francisco-el-enemigo-es-tambien-persona\/","title":{"rendered":"Papa Francisco: El enemigo \u00bfes tambi\u00e9n&nbsp;persona?"},"content":{"rendered":"<p><b>Por: Ary Waldir Ramos D\u00edaz<\/b><\/p>\n<p align=\"justify\">\u201cNo debemos jam\u00e1s caer en la tentaci\u00f3n de considerar el otro solamente como un enemigo para destruir, sino m\u00e1s bien como una persona, dotada de una intr\u00ednseca dignidad, creada por Dios y a su imagen\u201d, afirm\u00f3 el Papa Francisco a <strong>un grupo internacional de capellanes militares recibidos en audiencia este lunes 26 de octubre en el Vaticano.<\/strong><\/p>\n<p align=\"justify\">Valga la interpretaci\u00f3n, esto es valido tambi\u00e9n ante el soldado servidor del peor terror fundamentalista porque si se le niega la dignidad que tiene como ser humano, la mano que lo haga pasa al otro bando. Es decir, de quien no respeta el\u00a0valor sagrado de la vida.<\/p>\n<p align=\"justify\">Volvamos a las palabras del Papa: \u201cTambi\u00e9n en medio de la laceraci\u00f3n de la guerra no debemos jam\u00e1s cansarnos de recordar que toda persona es inmensamente sagrada\u201d.<\/p>\n<p align=\"justify\">La \u201chumanizaci\u00f3n\u201d de la \u201ctercera guerra mundial a pedazos\u201d pasa por \u201cjam\u00e1s cansarnos de recordar\u201d que toda persona \u201ces inmensamente sagrada\u201d, rememor\u00f3 el Papa a los capellanes venidos a Roma de diversos pa\u00edses que participan a un curso de formaci\u00f3n al derecho internacional humanitario organizado por la Congregaci\u00f3n para los Obispos, el Consejo Pontificio Justicia y Paz y por el Consejo Pontificio para el Di\u00e1logo interreligioso.<\/p>\n<p align=\"justify\">El objetivo fundamental es estudiar a fondo la protecci\u00f3n de la dignidad humana durante los conflictos armados no internacionales o los llamados \u201cnuevos\u201d conflictos armados.<\/p>\n<p align=\"justify\">El Papa explic\u00f3 que \u201cse trata lamentablemente de un tema de gran actualidad\u201d sobre todo por el \u201caumento de la violencia\u201d y la multiplicaci\u00f3n de los \u201cescenarios de guerra en diversas zonas del mundo, como \u00c1frica, Europa y Oriente Medio\u201d.<\/p>\n<p align=\"justify\">Los capellanes tienen la misi\u00f3n de ser portavoces de paz en esos escenarios y de llevar el b\u00e1lsamo espiritual a quienes sufren las consecuencias de la guerra. De hecho, el curso que los trae a Roma les interpela en su acompa\u00f1amiento espiritual a los miembros de las fuerzas armadas y de sus familias. Adem\u00e1s de las v\u00edctimas, en general.<\/p>\n<p align=\"justify\">Durante la audiencia en la Sala Clementina, el Papa les invit\u00f3 a contribuir y prevenir las violaciones del derecho humanitario, \u201ccon el objetivo de reducir el dolor y el sufrimiento que la guerra provoca en quien la sufre, cierto, pero tambi\u00e9n en quien la combate\u201d.<\/p>\n<p align=\"justify\">\u201cLa guerra, de hecho, desfigura los v\u00ednculos entre hermanos, entre naciones; desfigura tambi\u00e9n a quien es testigo de tales atrocidades. Muchos militares regresan despu\u00e9s de las operaciones de guerra o de las misiones para el restablecimiento de la paz con verdaderas heridas interiores. La guerra puede dejarles una marca indeleble\u201d.<\/p>\n<p align=\"justify\">\u201cLa guerra, en realidad, deja siempre una marca indeleble. He escuchado en este tiempo las historias de tantos obispos, que reciben en la di\u00f3cesis los soldados que se hab\u00edan marchado para la guerra: c\u00f3mo vuelven, con estas heridas\u201d, expres\u00f3 el Papa.<\/p>\n","protected":false},"excerpt":{"rendered":"<p>Por: Ary Waldir Ramos D\u00edaz \u201cNo debemos jam\u00e1s caer en la tentaci\u00f3n de considerar el otro solamente como un enemigo para destruir, sino m\u00e1s bien como una persona, dotada de una intr\u00ednseca dignidad, creada por Dios y a su imagen\u201d, afirm\u00f3 el Papa Francisco a un grupo internacional de capellanes militares recibidos en audiencia este &hellip; <a href=\"https:\/\/www.biblia.work\/sermones\/papa-francisco-el-enemigo-es-tambien-persona\/\" class=\"more-link\">Continuar leyendo<span class=\"screen-reader-text\"> \u00abPapa Francisco: El enemigo \u00bfes tambi\u00e9n&nbsp;persona?\u00bb<\/span><\/a><\/p>\n","protected":false},"author":1,"featured_media":0,"comment_status":"open","ping_status":"closed","sticky":false,"template":"","format":"standard","meta":{"footnotes":""},"categories":[1],"tags":[],"class_list":["post-33948","post","type-post","status-publish","format-standard","hentry","category-general"],"_links":{"self":[{"href":"https:\/\/www.biblia.work\/sermones\/wp-json\/wp\/v2\/posts\/33948","targetHints":{"allow":["GET"]}}],"collection":[{"href":"https:\/\/www.biblia.work\/sermones\/wp-json\/wp\/v2\/posts"}],"about":[{"href":"https:\/\/www.biblia.work\/sermones\/wp-json\/wp\/v2\/types\/post"}],"author":[{"embeddable":true,"href":"https:\/\/www.biblia.work\/sermones\/wp-json\/wp\/v2\/users\/1"}],"replies":[{"embeddable":true,"href":"https:\/\/www.biblia.work\/sermones\/wp-json\/wp\/v2\/comments?post=33948"}],"version-history":[{"count":0,"href":"https:\/\/www.biblia.work\/sermones\/wp-json\/wp\/v2\/posts\/33948\/revisions"}],"wp:attachment":[{"href":"https:\/\/www.biblia.work\/sermones\/wp-json\/wp\/v2\/media?parent=33948"}],"wp:term":[{"taxonomy":"category","embeddable":true,"href":"https:\/\/www.biblia.work\/sermones\/wp-json\/wp\/v2\/categories?post=33948"},{"taxonomy":"post_tag","embeddable":true,"href":"https:\/\/www.biblia.work\/sermones\/wp-json\/wp\/v2\/tags?post=33948"}],"curies":[{"name":"wp","href":"https:\/\/api.w.org\/{rel}","templated":true}]}}