{"id":33949,"date":"2016-06-13T18:09:25","date_gmt":"2016-06-13T23:09:25","guid":{"rendered":"http:\/\/www.biblia.work\/sermones\/el-huracan-y-la-oracion\/"},"modified":"2016-06-13T18:09:25","modified_gmt":"2016-06-13T23:09:25","slug":"el-huracan-y-la-oracion","status":"publish","type":"post","link":"https:\/\/www.biblia.work\/sermones\/el-huracan-y-la-oracion\/","title":{"rendered":"El hurac\u00e1n y la&nbsp;oraci\u00f3n"},"content":{"rendered":"<p><b>Por: SIAME<\/b><\/p>\n<p align=\"justify\">Monstruoso, perverso, catastr\u00f3fico, el peor en la historia del planeta, as\u00ed fue descrito el hurac\u00e1n Patricia cuando se dirig\u00eda hacia las costas mexicanas del Pac\u00edfico.<\/p>\n<p align=\"justify\">Y no lo dec\u00edan ignorantes alarmistas, lo defin\u00edan as\u00ed los mayores expertos, los que sab\u00edan de qu\u00e9 estaban hablando, los funcionarios del Centro Nacional de Huracanes de Estados Unidos y de la Organizaci\u00f3n Meteorol\u00f3gica Mundial.<\/p>\n<p align=\"justify\">Y es que seg\u00fan la escala Saffir-Simpson, el hurac\u00e1n m\u00e1s destructivo es el de categor\u00eda 5 (que tiene vientos de 240 kil\u00f3metros por hora, y potencial para arrancar \u00e1rboles de cuajo, destruir viviendas, hacer volar veh\u00edculos y desde luego personas), pero los vientos de Patricia rebasaban los 300 km x hora, y sus rachas superaban los 400 km x hora.<\/p>\n<p align=\"justify\"><strong>Se dijo que si existiera una categor\u00eda 6, Patricia la hubiera alcanzado, y tal vez rebasado, y que s\u00f3lo se le pod\u00eda comparar con un tif\u00f3n que provoc\u00f3 la muerte de m\u00e1s de seis mil personas en Asia hace unos a\u00f1os.<\/strong><\/p>\n<p align=\"justify\">La proximidad de este feroz hurac\u00e1n provoc\u00f3 temor en el pa\u00eds, que de inmediato se prepar\u00f3 para recibirlo.<\/p>\n<p align=\"justify\">Se tomaron todas las medidas de seguridad, se echaron a andar todos los protocolos de emergencia en las costas donde se preve\u00eda que tocar\u00eda tierra.<\/p>\n<p align=\"justify\">En M\u00e9xico y en todo el mundo, las gentes segu\u00edan atentas, a trav\u00e9s de los medios de comunicaci\u00f3n, el avance lento y amenazador de este temible fen\u00f3meno meteorol\u00f3gico.<\/p>\n<p align=\"justify\"><strong>Pero muchas de ellas no s\u00f3lo se limitaron a poner atenci\u00f3n, hicieron algo m\u00e1s, mucho m\u00e1s: oraci\u00f3n.<\/strong><\/p>\n<p align=\"justify\">Fue impresionante la rapidez con la que se multiplicaron y difundieron en redes sociales las peticiones de orar por M\u00e9xico.<\/p>\n<p align=\"justify\">En facebook, por ejemplo, pude constatar c\u00f3mo no s\u00f3lo p\u00e1ginas cat\u00f3licas nacionales e internacionales, sino muchas otras, ped\u00edan orar por M\u00e9xico, e incluso publicaban oraciones escritas especialmente para suplicar la poderosa intervenci\u00f3n de Dios y la intercesi\u00f3n de Santa Mar\u00eda de Guadalupe.<\/p>\n<p align=\"justify\">Y no se diga en twitter y en mensajes por celular, las peticiones de oraci\u00f3n iban y ven\u00edan a la velocidad del rayo, llegaban y eran compartidas en cuesti\u00f3n de segundos, por miles, por millones de personas.<\/p>\n<p align=\"justify\"><strong>En todo el planeta se elevaron fervorosas plegarias por M\u00e9xico.<\/strong><\/p>\n<p align=\"justify\"><strong>Y Dios las escuch\u00f3.<\/strong><\/p>\n<p align=\"justify\">Desvi\u00f3 ligeramente el hurac\u00e1n, lo suficiente para que no tocara tierra en una zona densamente poblada, y luego lo hizo topar con monta\u00f1as que lo degradaron hasta quitarle todo su destructor potencial.<\/p>\n<p align=\"justify\">La v\u00edspera, los expertos se declararon muy sorprendidos de que el hurac\u00e1n hubiera pasado, en cuesti\u00f3n de pocas horas, de la categor\u00eda uno a la categor\u00eda cinco. Ahora se declaraban todav\u00eda m\u00e1s sorprendidos de que en todav\u00eda menos tiempo el hurac\u00e1n hubiera pasado de categor\u00eda cinco a tormenta tropical.<\/p>\n<p align=\"justify\">Alguien coment\u00f3: \u2018<strong>fue como si una mano invisible le hubiera puesto un alto\u2019.<\/strong><\/p>\n<p align=\"justify\">Pues s\u00ed, es exactamente lo que sucedi\u00f3.<\/p>\n<p align=\"justify\">Recordamos lo que en la Biblia se cuenta que Dios le dijo al mar: \u201c\u00a1Llegar\u00e1s hasta aqu\u00ed, no m\u00e1s all\u00e1&#8230;aqu\u00ed se romper\u00e1 el orgullo de tus olas!\u201d (Job 38, 11).<\/p>\n<p align=\"justify\">Parece que se lo volvi\u00f3 a decir. \u00a1Bendito sea Dios!<\/p>\n<p align=\"justify\">Lo sucedido ha despertado las m\u00e1s diversas reacciones.<\/p>\n<p align=\"justify\">Algunas personas se quejaron: \u2018nos espantaron en balde, ni era para tanto\u2019.<\/p>\n<p align=\"justify\">Un pol\u00edtico, con su t\u00edpico cuidado de no atribuir nada a la intervenci\u00f3n divina, declar\u00f3: \u2018la Naturaleza hizo que Patricia se introdujera en la monta\u00f1a\u2019 (qu\u00e9 curioso que haya quien considera impensable creer en Dios, pero no tiene empacho en atribuir a la \u2018Naturaleza\u2019 caracter\u00edsticas que s\u00f3lo podr\u00eda tener si fuera \u00a1una diosa!).<\/p>\n<p align=\"justify\">Afortunadamente, somos muchos m\u00e1s quienes captamos claramente que lo sucedido en M\u00e9xico se debi\u00f3 sin duda a la intervenci\u00f3n divina, y de nuevo hemos hecho circular mensajes en las redes sociales, pero esta vez, de gratitud hacia Dios.<\/p>\n<p align=\"justify\">Y, como siempre, llega oportuna la Palabra que se proclama este domingo en Misa, para iluminar lo que vivimos.<\/p>\n<p align=\"justify\">Ahora, que el peligro se ha ido, resuenan en nuestro coraz\u00f3n agradecido, las gozosas afirmaciones del salmista:<\/p>\n<p align=\"justify\">\u201c\u00a1Grandes cosas has hecho por nosotros, Se\u00f1or!&#8230;<br \/>\nAun los mismos paganos con asombro dec\u00edan:<br \/>\n\u2018\u00a1Grandes cosas he hecho por ellos el Se\u00f1or!\u2019<br \/>\nY est\u00e1bamos alegres,<br \/>\npues ha hecho grandes cosas por Su pueblo el Se\u00f1or.\u201d (Sal 126, 1-3)<\/p>\n<p align=\"justify\">Alejandra Mar\u00eda Sosa El\u00edzaga<\/p>\n<p align=\"justify\"><em>Art\u00edculo originalmente publicado por <a target=\"_blank\" href=\"http:\/\/www.siame.mx\/apps\/info\/p\/?a=13967&amp;z=32\">SIAME<\/a><\/em><\/p>\n","protected":false},"excerpt":{"rendered":"<p>Por: SIAME Monstruoso, perverso, catastr\u00f3fico, el peor en la historia del planeta, as\u00ed fue descrito el hurac\u00e1n Patricia cuando se dirig\u00eda hacia las costas mexicanas del Pac\u00edfico. Y no lo dec\u00edan ignorantes alarmistas, lo defin\u00edan as\u00ed los mayores expertos, los que sab\u00edan de qu\u00e9 estaban hablando, los funcionarios del Centro Nacional de Huracanes de Estados &hellip; <a href=\"https:\/\/www.biblia.work\/sermones\/el-huracan-y-la-oracion\/\" class=\"more-link\">Continuar leyendo<span class=\"screen-reader-text\"> \u00abEl hurac\u00e1n y la&nbsp;oraci\u00f3n\u00bb<\/span><\/a><\/p>\n","protected":false},"author":1,"featured_media":0,"comment_status":"open","ping_status":"closed","sticky":false,"template":"","format":"standard","meta":{"footnotes":""},"categories":[1],"tags":[],"class_list":["post-33949","post","type-post","status-publish","format-standard","hentry","category-general"],"_links":{"self":[{"href":"https:\/\/www.biblia.work\/sermones\/wp-json\/wp\/v2\/posts\/33949","targetHints":{"allow":["GET"]}}],"collection":[{"href":"https:\/\/www.biblia.work\/sermones\/wp-json\/wp\/v2\/posts"}],"about":[{"href":"https:\/\/www.biblia.work\/sermones\/wp-json\/wp\/v2\/types\/post"}],"author":[{"embeddable":true,"href":"https:\/\/www.biblia.work\/sermones\/wp-json\/wp\/v2\/users\/1"}],"replies":[{"embeddable":true,"href":"https:\/\/www.biblia.work\/sermones\/wp-json\/wp\/v2\/comments?post=33949"}],"version-history":[{"count":0,"href":"https:\/\/www.biblia.work\/sermones\/wp-json\/wp\/v2\/posts\/33949\/revisions"}],"wp:attachment":[{"href":"https:\/\/www.biblia.work\/sermones\/wp-json\/wp\/v2\/media?parent=33949"}],"wp:term":[{"taxonomy":"category","embeddable":true,"href":"https:\/\/www.biblia.work\/sermones\/wp-json\/wp\/v2\/categories?post=33949"},{"taxonomy":"post_tag","embeddable":true,"href":"https:\/\/www.biblia.work\/sermones\/wp-json\/wp\/v2\/tags?post=33949"}],"curies":[{"name":"wp","href":"https:\/\/api.w.org\/{rel}","templated":true}]}}