{"id":33953,"date":"2016-06-13T18:09:34","date_gmt":"2016-06-13T23:09:34","guid":{"rendered":"http:\/\/www.biblia.work\/sermones\/que-es-lo-mas-importante-para-un-obispo\/"},"modified":"2016-06-13T18:09:34","modified_gmt":"2016-06-13T23:09:34","slug":"que-es-lo-mas-importante-para-un-obispo","status":"publish","type":"post","link":"https:\/\/www.biblia.work\/sermones\/que-es-lo-mas-importante-para-un-obispo\/","title":{"rendered":"\u00bfQu\u00e9 es lo m\u00e1s importante para un&nbsp;obispo?"},"content":{"rendered":"<p><b>Por: Ram\u00f3n Antonio P\u00e9rez<\/b><\/p>\n<p align=\"justify\">Este 24 de octubre, en el gimnasio \u201cHermanas Gonz\u00e1lez\u201d de Puerto Ordaz, estado Bol\u00edvar (Venezuela), se realiz\u00f3 la consagraci\u00f3n episcopal de Juan Carlos Bravo Salazar, quien fue nombrado por el papa Francisco como segundo obispo de la di\u00f3cesis Acarigua \u2013 Araure, el pasado 10 de agosto de este a\u00f1o.<\/p>\n<p align=\"justify\">La ceremonia se cumpli\u00f3 en un ambiente de alegr\u00eda y\u00a0cont\u00f3 con la asistencia de varios miembros del episcopado venezolano y del nuncio apost\u00f3lico, Aldo Giordano, quien hizo entrega de la Bula Pontificia donde Juan Carlos es nombrado obispo.<\/p>\n<p align=\"justify\">La imposici\u00f3n de manos y oraci\u00f3n consecratoria estuvo a cargo del obispo de Ciudad Guayana, Mariano Jos\u00e9 Parra Sandoval, clero al cual estuvo adscrito el nuevo obispo. Participaron de este rito Ubaldo Ram\u00f3n Santana Sequera y \u00c1ngel Francisco Caraballo Ferm\u00edn, arzobispo y obispo auxiliar de Maracaibo, respectivamente.<\/p>\n<p align=\"justify\"><strong>La oraci\u00f3n del nuevo obispo<\/strong><\/p>\n<p align=\"justify\">Llamaron la atenci\u00f3n, y son motivo de positivos comentarios en Venezuela, las palabras del nuevo prelado respecto a las tareas m\u00e1s importantes de un pastor cat\u00f3lico. Sus palabras, seg\u00fan indic\u00f3, est\u00e1n<strong> inspiradas en una conversaci\u00f3n que sostuvo \u201ccon un sabio, pobre y humilde campesino de los m\u00e1s alejado de mi pueblo\u201d<\/strong>. Aqu\u00ed se las damos a conocer:<\/p>\n<p align=\"justify\">\u201c\u00bfLo importante? \u00a1Lo importante\u2026! Lo importante\u201d.<\/p>\n<p align=\"justify\">\u201cQue lo importante no sea el solideo y la mitra que llevar\u00e9 en mi cabeza, sino quien ilumina mis pensamientos, mis decisiones y quien abre mi mente a mi conversi\u00f3n\u201d.<\/p>\n<p align=\"justify\">\u201cQue lo importante no sea el b\u00e1culo que llevar\u00e9 en mi pu\u00f1o, sino de quien me sostengo en mi diario caminar\u201d.<\/p>\n<p align=\"justify\">\u201cQue lo importante no sea el anillo que llevar\u00e9 en mi dedo, sino quien me lleva de la mano y a quien llevo en las m\u00edas\u201d.<\/p>\n<p align=\"justify\">\u201cQue lo importante no sea la cruz que llevar\u00e9 en mi pecho, sino quien vive en mi coraz\u00f3n\u201d.<\/p>\n<p align=\"justify\">\u201cQue lo importante no sea el h\u00e1bito que pueda usar, sino quien me ha revestido de su amor\u201d.<\/p>\n<p align=\"justify\">\u201cQue lo importante sea siempre Se\u00f1or; conocerte, amarte y anunciarte con coraje, entusiasmo, alegr\u00eda, misericordia, pasi\u00f3n y perd\u00f3n\u201d.<\/p>\n<p align=\"justify\">\u201cQue mi forma de vestir, de vivir y de actuar nunca sea un esc\u00e1ndalo para los pobres de mi pueblo, ni una confusi\u00f3n con los poderosos de este mundo. De la tentaci\u00f3n de anunciarme a m\u00ed mismo, l\u00edbrame Se\u00f1or. Am\u00e9n\u201d.<\/p>\n<p align=\"justify\">\u201cQue esta sea su oraci\u00f3n por m\u00ed y que el Se\u00f1or me moldee, como vasija de barro que soy, a ser el pastor que esa Iglesia local merece, necesita y desea. Me despido de ustedes implorando su bendici\u00f3n y su oraci\u00f3n. Tu hermano. Juan Carlos\u201d.<\/p>\n<p align=\"justify\">Juan Carlos Bravo Salazar naci\u00f3 en El Pilar, estado Anzo\u00e1tegui, el 2 de noviembre de 1967. Complet\u00f3 sus estudios de filosof\u00eda con los Operarios Diocesanos y los de teolog\u00eda en el Seminario Santo Tom\u00e1s en la archidi\u00f3cesis de Saint Paul, Minneapolis, USA.<\/p>\n<p align=\"justify\">El 28 de noviembre de 1992 fue ordenado sacerdote, y a lo largo de su trayectoria profesional ha sido vicario diocesano para la pastoral, administrador apost\u00f3lico de la di\u00f3cesis de Ciudad Guayana, p\u00e1rroco de Nuestra Se\u00f1ora del Valle, en Puerto Ordaz, y tambi\u00e9n p\u00e1rroco de La Inmaculada Concepci\u00f3n, en San F\u00e9lix.<\/p>\n","protected":false},"excerpt":{"rendered":"<p>Por: Ram\u00f3n Antonio P\u00e9rez Este 24 de octubre, en el gimnasio \u201cHermanas Gonz\u00e1lez\u201d de Puerto Ordaz, estado Bol\u00edvar (Venezuela), se realiz\u00f3 la consagraci\u00f3n episcopal de Juan Carlos Bravo Salazar, quien fue nombrado por el papa Francisco como segundo obispo de la di\u00f3cesis Acarigua \u2013 Araure, el pasado 10 de agosto de este a\u00f1o. La ceremonia &hellip; <a href=\"https:\/\/www.biblia.work\/sermones\/que-es-lo-mas-importante-para-un-obispo\/\" class=\"more-link\">Continuar leyendo<span class=\"screen-reader-text\"> \u00ab\u00bfQu\u00e9 es lo m\u00e1s importante para un&nbsp;obispo?\u00bb<\/span><\/a><\/p>\n","protected":false},"author":1,"featured_media":0,"comment_status":"open","ping_status":"closed","sticky":false,"template":"","format":"standard","meta":{"footnotes":""},"categories":[1],"tags":[],"class_list":["post-33953","post","type-post","status-publish","format-standard","hentry","category-general"],"_links":{"self":[{"href":"https:\/\/www.biblia.work\/sermones\/wp-json\/wp\/v2\/posts\/33953","targetHints":{"allow":["GET"]}}],"collection":[{"href":"https:\/\/www.biblia.work\/sermones\/wp-json\/wp\/v2\/posts"}],"about":[{"href":"https:\/\/www.biblia.work\/sermones\/wp-json\/wp\/v2\/types\/post"}],"author":[{"embeddable":true,"href":"https:\/\/www.biblia.work\/sermones\/wp-json\/wp\/v2\/users\/1"}],"replies":[{"embeddable":true,"href":"https:\/\/www.biblia.work\/sermones\/wp-json\/wp\/v2\/comments?post=33953"}],"version-history":[{"count":0,"href":"https:\/\/www.biblia.work\/sermones\/wp-json\/wp\/v2\/posts\/33953\/revisions"}],"wp:attachment":[{"href":"https:\/\/www.biblia.work\/sermones\/wp-json\/wp\/v2\/media?parent=33953"}],"wp:term":[{"taxonomy":"category","embeddable":true,"href":"https:\/\/www.biblia.work\/sermones\/wp-json\/wp\/v2\/categories?post=33953"},{"taxonomy":"post_tag","embeddable":true,"href":"https:\/\/www.biblia.work\/sermones\/wp-json\/wp\/v2\/tags?post=33953"}],"curies":[{"name":"wp","href":"https:\/\/api.w.org\/{rel}","templated":true}]}}