{"id":33959,"date":"2016-06-13T18:09:51","date_gmt":"2016-06-13T23:09:51","guid":{"rendered":"http:\/\/www.biblia.work\/sermones\/el-regalo-mas-grande-para-el-obispo-kurtz-su-hermano-sindrome-down\/"},"modified":"2016-06-13T18:09:51","modified_gmt":"2016-06-13T23:09:51","slug":"el-regalo-mas-grande-para-el-obispo-kurtz-su-hermano-sindrome-down","status":"publish","type":"post","link":"https:\/\/www.biblia.work\/sermones\/el-regalo-mas-grande-para-el-obispo-kurtz-su-hermano-sindrome-down\/","title":{"rendered":"El regalo m\u00e1s grande para el obispo Kurtz: su hermano, s\u00edndrome&nbsp;Down"},"content":{"rendered":"<p><b>Por: Marinella Bandini<\/b><\/p>\n<p align=\"justify\">\u201cCuando alguno me pregunta c\u00f3mo ha sido la vida con mi hermano George, en primer lugar hablo de las cosas que \u00e9l me ha dado a m\u00ed\u201d. El que habla es monse\u00f1or Joseph Edward Kurtz, obispo de Louisville, presidente de la Conferencia episcopal estadounidense. Su hermano George, cinco a\u00f1os mayor, ten\u00eda s\u00edndrome de Down.<\/p>\n<p align=\"justify\">Siempre vivieron juntos, primero en la familia, y despu\u00e9s, tras la muerte de los padres, fue \u00e9l quien se ocup\u00f3 de George, tambi\u00e9n como tutor legal. \u201cTuvo verdaderamente una gran influencia en la atm\u00f3sfera calurosa de nuestra familia, en nuestra apertura y capacidad de acoger a otras personas\u201d.<\/p>\n<p align=\"justify\">El arzobispo viene de una peque\u00f1a ciudad minera del nordeste de Pennsylvania: \u201cDir\u00eda que mi familia es muy calurosa. Nac\u00ed en una familia de cinco hijos y yo soy el m\u00e1s peque\u00f1o\u201d, \u201cthe baby\u201d. La hermana mayor tiene 17 a\u00f1os m\u00e1s, \u201cy cuando empec\u00e9 a entender algo de la vida y de lo que me rodeaba, ella ya se hab\u00eda casado\u201d.<\/p>\n<p align=\"justify\">El m\u00e1s cercano, respecto a edad, es precisamente George: \u201cPienso que la presencia de mi hermano en nuestra familia, al tener s\u00edndrome de Down, fue una oportunidad y tambi\u00e9n un reto para mi mam\u00e1 y mi pap\u00e1\u201d.<\/p>\n<p align=\"justify\">Criarle \u201cfue siempre para m\u00ed una ocasi\u00f3n para aprender a acoger a personas discapacitadas o que necesitan una ayuda particular. Hay un lugar especial en mi coraz\u00f3n para las familias en las que hay personas discapacitadas\u201d.<\/p>\n<p align=\"justify\">La vida con George marc\u00f3 desde siempre la experiencia de monse\u00f1or Kurtz como ni\u00f1o, como hombre, y despu\u00e9s como sacerdote y obispo. \u201cAprend\u00ed muy velozmente que cuando alguien tiene una discapacidad, no significa que no tenga incluso un don a\u00fan m\u00e1s grande\u201d.<\/p>\n<p align=\"justify\">Un episodio que le gusta contar es cuando los dos hermanos llegaban a una calle con mucho tr\u00e1fico, que atravesaba la ciudad: \u201c\u00c9l extend\u00eda su mano para que la tomara, porque no quer\u00eda cruzar la calle solo. Los adultos, que quieren ser independientes, necesitan m\u00e1s tiempo para pedir ayuda. En cambio, viendo a George que lo hac\u00eda con facilidad, tambi\u00e9n los de alrededor pensaban: quiz\u00e1s yo tambi\u00e9n podr\u00eda pedir ayuda a alguien. Por tanto, \u00e9l de verdad cambiaba a mejor todo lo que pasaba en nuestra familia, y en el pueblo, todos conoc\u00edan a George\u201d.<\/p>\n<p align=\"justify\">El obispo Kurtz y su hermano vivieron juntos en dos casas parroquiales y despu\u00e9s en la casa del obispo durante doce a\u00f1os, tras la muerte de sus padres. \u201cNunca imagin\u00e9 que mi hermano y yo vivir\u00edamos en una casa parroquial solos, sin implicar a otras personas, de hecho nunca ha sucedido porque viv\u00edamos con otros curas, hasta seis en la \u00faltima parroquia\u201d.<\/p>\n<p align=\"justify\">\u201c\u00a1A prop\u00f3sito de familia! Mi hermano transform\u00f3 la vida de la casa parroquial en una vida mucho m\u00e1s familiar: dio a cada uno un sobrenombre, todas esas peque\u00f1as cosas, \u201cbromitas\u201d, que suceden en una familia. Fue verdaderamente saludable para nuestra vida\u201d.<\/p>\n<p align=\"justify\">George muri\u00f3 en 2002, ten\u00eda casi 61 a\u00f1os, y como sucede a menudo a las personas afectadas por s\u00edndrome de Down, hab\u00eda empezado a desarrollar Alzheimer. \u201cTen\u00eda momentos de confusi\u00f3n en los \u00faltimos a\u00f1os de su vida, pero vivi\u00f3 una vida plena y bella y tuvo una gran influencia sobre much\u00edsimas personas\u201d.<\/p>\n<p align=\"justify\">Despu\u00e9s est\u00e1n las tres hermanas mayores, todas casadas y con hijos, \u201cHe podido ver, observar, como t\u00edo, lo que significa crecer para los ni\u00f1os y para las familias a trav\u00e9s de experiencias como la muerte, en nuestra familia experimentamos tambi\u00e9n el fracaso de un matrimonio, muchas situaciones en las que creo que un obispo necesita ser cercano\u201d.<\/p>\n<p align=\"justify\">Para monse\u00f1or Kurtz estas situaciones han sido \u201cla lecci\u00f3n m\u00e1s grande\u201d, una ayuda para acoger a otras personas. Como obispo, \u201cel reto m\u00e1s grande es que las personas reaccionan al frenes\u00ed de la vida, pero no fijan sus prioridades. Acabo de leer un libro de David Brooks, \u2018The Road to Character\u2019 en el que habla de las cualidades personales mostradas en los curr\u00edculos y en las que aparecen en los elogios f\u00fanebres. Debemos pensar en lo que queremos que se recuerde de nosotros\u201d.<\/p>\n<p align=\"justify\">\u201cTambi\u00e9n en familia, empezar a pensar: \u00bfqu\u00e9 es lo m\u00e1s importante? Como alguien ha dicho: \u00bfqu\u00e9 querr\u00eda que se escribiera en mi l\u00e1pida? No que he faltado a alguna reuni\u00f3n\u2026 algo m\u00e1s profundo, algo que tenga que ver con mi persona y el compromiso en la construcci\u00f3n de la comunidad. Espero que el S\u00ednodo, y mi ministerio como obispo, alienten a las parejas y las familias que escuchan\u201d.<\/p>\n<p align=\"justify\">&nbsp;<\/p>\n","protected":false},"excerpt":{"rendered":"<p>Por: Marinella Bandini \u201cCuando alguno me pregunta c\u00f3mo ha sido la vida con mi hermano George, en primer lugar hablo de las cosas que \u00e9l me ha dado a m\u00ed\u201d. El que habla es monse\u00f1or Joseph Edward Kurtz, obispo de Louisville, presidente de la Conferencia episcopal estadounidense. Su hermano George, cinco a\u00f1os mayor, ten\u00eda s\u00edndrome &hellip; <a href=\"https:\/\/www.biblia.work\/sermones\/el-regalo-mas-grande-para-el-obispo-kurtz-su-hermano-sindrome-down\/\" class=\"more-link\">Continuar leyendo<span class=\"screen-reader-text\"> \u00abEl regalo m\u00e1s grande para el obispo Kurtz: su hermano, s\u00edndrome&nbsp;Down\u00bb<\/span><\/a><\/p>\n","protected":false},"author":1,"featured_media":0,"comment_status":"open","ping_status":"closed","sticky":false,"template":"","format":"standard","meta":{"footnotes":""},"categories":[1],"tags":[],"class_list":["post-33959","post","type-post","status-publish","format-standard","hentry","category-general"],"_links":{"self":[{"href":"https:\/\/www.biblia.work\/sermones\/wp-json\/wp\/v2\/posts\/33959","targetHints":{"allow":["GET"]}}],"collection":[{"href":"https:\/\/www.biblia.work\/sermones\/wp-json\/wp\/v2\/posts"}],"about":[{"href":"https:\/\/www.biblia.work\/sermones\/wp-json\/wp\/v2\/types\/post"}],"author":[{"embeddable":true,"href":"https:\/\/www.biblia.work\/sermones\/wp-json\/wp\/v2\/users\/1"}],"replies":[{"embeddable":true,"href":"https:\/\/www.biblia.work\/sermones\/wp-json\/wp\/v2\/comments?post=33959"}],"version-history":[{"count":0,"href":"https:\/\/www.biblia.work\/sermones\/wp-json\/wp\/v2\/posts\/33959\/revisions"}],"wp:attachment":[{"href":"https:\/\/www.biblia.work\/sermones\/wp-json\/wp\/v2\/media?parent=33959"}],"wp:term":[{"taxonomy":"category","embeddable":true,"href":"https:\/\/www.biblia.work\/sermones\/wp-json\/wp\/v2\/categories?post=33959"},{"taxonomy":"post_tag","embeddable":true,"href":"https:\/\/www.biblia.work\/sermones\/wp-json\/wp\/v2\/tags?post=33959"}],"curies":[{"name":"wp","href":"https:\/\/api.w.org\/{rel}","templated":true}]}}