{"id":33961,"date":"2016-06-13T18:09:54","date_gmt":"2016-06-13T23:09:54","guid":{"rendered":"http:\/\/www.biblia.work\/sermones\/eres-tu-de-los-que-siempre-dice-no-me-alcanza-el-tiempo\/"},"modified":"2016-06-13T18:09:54","modified_gmt":"2016-06-13T23:09:54","slug":"eres-tu-de-los-que-siempre-dice-no-me-alcanza-el-tiempo","status":"publish","type":"post","link":"https:\/\/www.biblia.work\/sermones\/eres-tu-de-los-que-siempre-dice-no-me-alcanza-el-tiempo\/","title":{"rendered":"\u00bfEres t\u00fa de los que siempre dice: &#8220;No me alcanza el&nbsp;tiempo&#8221;?"},"content":{"rendered":"<p><b>Por: Centro de Estudios Cat\u00f3licos<\/b><\/p>\n<p align=\"justify\">Qu\u00e9 fugaz esta existencia nuestra. Los d\u00edas parecen correr m\u00e1s apurados que nosotros mismos. Entre las obligaciones, la movilizaci\u00f3n de un lugar a otro o los plazos que tenemos vamos recorriendo este camino humano. \u201cNo me alcanza el tiempo\u201d es algo muy pronunciado por nosotros. Parece que estamos en lucha contra el tiempo.<\/p>\n<p align=\"justify\"><strong>\u00bfEs algo propio de la modernidad? \u00bfEl tiempo se acort\u00f3 con la llegada de la sociedad industrial? Las veinticuatro horas son las mismas ayer y hoy<\/strong>. No sabemos si ma\u00f1ana tambi\u00e9n, pues el juicio puede llegar en cualquier momento. La sociedad industrial y sus derivados han introducido en nuestra vida muchas actividades y preocupaciones propias de un modelo donde el centro no va siendo la persona humana, sino la producci\u00f3n econ\u00f3mica o el beneficio.<\/p>\n<p align=\"justify\"><strong>Sin embargo en la antigua Grecia tambi\u00e9n se padec\u00eda por la falta de tiempo. O, mejor dicho, por la impotencia ante el avance indefectible del tiempo.<\/strong> La mitolog\u00eda nos ha dejado el recuerdo de Cronos, devorador de sus hijos, insensible ante el dolor que esto pudiera ocasionar. Cronos era un tirano. Cronos era tan due\u00f1o del mundo que pod\u00eda comer a sus propias criaturas y seguir viviendo. Es buena esa percepci\u00f3n del tiempo como consumidor voraz que no se detiene ni ante su propia obra. Algo de esa angustia padecemos hoy cuando vemos que el tiempo no nos alcanza, que parece ser el principal consumidor y a quien ni el mejor de los tributos satisface. Eso se ha contagiado hasta en los modelos de vida: se tiene como un valor parecer m\u00e1s joven, \u201cj\u00f3venes\u201d de 60 quieren aparentar ser \u201ccriaturas\u201d de 30\u2026 y as\u00ed sucesivamente.<\/p>\n<p align=\"justify\"><strong>\u00bfC\u00f3mo se ubica un cristiano ante el tiempo?<\/strong> No somos servidores de Cronos. Somos hechos en el tiempo, pero con vocaci\u00f3n de eternidad. Debemos juzgar el hoy desde lo eterno. Tomar nuestras decisiones con peso de eternidad, no de la coyuntura. <strong>El cristiano sabe que Cristo ha asumido el tiempo y es llamado \u201cAlfa y Omega\u201d, principio y final. Cristo no nos consume. No nos apura.<\/strong> No devora nuestro sagrado tiempo: lo comparte con nosotros, lo santifica y nos lo llena de vida. Sin Cristo el tiempo es el desalmado Cronos. Con Cristo el tiempo es \u201ckair\u00f3s\u201d: momento de salvaci\u00f3n. Todo tiempo cristiano est\u00e1 lleno del amor de Dios y es invitaci\u00f3n permanente a acoger su gracia y compartirla.<\/p>\n<p align=\"justify\"><strong>Un cristiano vive en permanente tiempo de salvaci\u00f3n.<\/strong> Su vida cotidiana se desarrolla en medio del don de la salvaci\u00f3n tra\u00edda por Cristo: sea que haya pecado o est\u00e9 en gracia. \u00bfY qu\u00e9 decir de las \u201choras muertas\u201d? Desde la perspectiva de la producci\u00f3n o eficiencia son muertas. Desde la perspectiva de la fe est\u00e1n llenas de sentido y no son muertas. Un tiempo en el metro, el bus, el auto o detenido en el tr\u00e1fico es tiempo de salvaci\u00f3n. Hacer una fila larga, estar con otra persona m\u00e1s tiempo del que hubiese querido son momentos en los que Cristo est\u00e1 presente. Debo aprender a advertir su presencia salvadora, as\u00ed como a aprender a ver a la otra persona del mismo modo como la ve el Se\u00f1or.<\/p>\n<p align=\"justify\">Afinemos un poco m\u00e1s: e<strong>l tiempo no alcanza para todo lo que quisiera hacer: a muchos, creo, nos pasa. Pero \u00bfme tengo que pelear con el tiempo y volverme lo m\u00e1s eficiente posible para hacer todo lo que debo?<\/strong> No estar\u00eda tan seguro. Creo que debemos partir del principio de que el tiempo es un don de Dios, del que nosotros somos administradores. Si las cosas son as\u00ed, entonces el tiempo ser\u00e1 un don del que yo soy administrador. Y perder el tiempo ser\u00e1 mal utilizar el don dado por Dios para mi salvaci\u00f3n y la de los dem\u00e1s. Un tiempo sin amorizarme ser\u00e1 tiempo perdido. Un tiempo sin poder llegar a realizar todo lo que hubiese querido porque tuve que distraer mi quehacer para vivir la caridad es tiempo ganado. El tiempo no es oro. El tiempo es eternidad de amor hecho carne en Cristo y compartido a nosotros, los hombres.<\/p>\n<p align=\"justify\">Rafael \u00cdsmodes Casc\u00f3n<\/p>\n<p align=\"justify\"><em>Art\u00edculo originalmente publicado por <a target=\"_blank\" href=\"http:\/\/cecglob.com\/cronos-y-kairos\/\">Centro de Estudios Cat\u00f3licos<\/a><\/em><\/p>\n","protected":false},"excerpt":{"rendered":"<p>Por: Centro de Estudios Cat\u00f3licos Qu\u00e9 fugaz esta existencia nuestra. Los d\u00edas parecen correr m\u00e1s apurados que nosotros mismos. Entre las obligaciones, la movilizaci\u00f3n de un lugar a otro o los plazos que tenemos vamos recorriendo este camino humano. \u201cNo me alcanza el tiempo\u201d es algo muy pronunciado por nosotros. Parece que estamos en lucha &hellip; <a href=\"https:\/\/www.biblia.work\/sermones\/eres-tu-de-los-que-siempre-dice-no-me-alcanza-el-tiempo\/\" class=\"more-link\">Continuar leyendo<span class=\"screen-reader-text\"> \u00ab\u00bfEres t\u00fa de los que siempre dice: &#8220;No me alcanza el&nbsp;tiempo&#8221;?\u00bb<\/span><\/a><\/p>\n","protected":false},"author":1,"featured_media":0,"comment_status":"open","ping_status":"closed","sticky":false,"template":"","format":"standard","meta":{"footnotes":""},"categories":[1],"tags":[],"class_list":["post-33961","post","type-post","status-publish","format-standard","hentry","category-general"],"_links":{"self":[{"href":"https:\/\/www.biblia.work\/sermones\/wp-json\/wp\/v2\/posts\/33961","targetHints":{"allow":["GET"]}}],"collection":[{"href":"https:\/\/www.biblia.work\/sermones\/wp-json\/wp\/v2\/posts"}],"about":[{"href":"https:\/\/www.biblia.work\/sermones\/wp-json\/wp\/v2\/types\/post"}],"author":[{"embeddable":true,"href":"https:\/\/www.biblia.work\/sermones\/wp-json\/wp\/v2\/users\/1"}],"replies":[{"embeddable":true,"href":"https:\/\/www.biblia.work\/sermones\/wp-json\/wp\/v2\/comments?post=33961"}],"version-history":[{"count":0,"href":"https:\/\/www.biblia.work\/sermones\/wp-json\/wp\/v2\/posts\/33961\/revisions"}],"wp:attachment":[{"href":"https:\/\/www.biblia.work\/sermones\/wp-json\/wp\/v2\/media?parent=33961"}],"wp:term":[{"taxonomy":"category","embeddable":true,"href":"https:\/\/www.biblia.work\/sermones\/wp-json\/wp\/v2\/categories?post=33961"},{"taxonomy":"post_tag","embeddable":true,"href":"https:\/\/www.biblia.work\/sermones\/wp-json\/wp\/v2\/tags?post=33961"}],"curies":[{"name":"wp","href":"https:\/\/api.w.org\/{rel}","templated":true}]}}