{"id":33963,"date":"2016-06-13T18:09:58","date_gmt":"2016-06-13T23:09:58","guid":{"rendered":"http:\/\/www.biblia.work\/sermones\/7-actitudes-que-la-virgen-maria-para-imitar-hoy-y-siempre\/"},"modified":"2016-06-13T18:09:58","modified_gmt":"2016-06-13T23:09:58","slug":"7-actitudes-que-la-virgen-maria-para-imitar-hoy-y-siempre","status":"publish","type":"post","link":"https:\/\/www.biblia.work\/sermones\/7-actitudes-que-la-virgen-maria-para-imitar-hoy-y-siempre\/","title":{"rendered":"7 actitudes que la Virgen Mar\u00eda para imitar hoy y&nbsp;siempre"},"content":{"rendered":"<p><b>Por: Catholic Link<\/b><\/p>\n<p align=\"justify\">Hoy celebramos a la Virgen Mar\u00eda, celebramos su s\u00ed, ese s\u00ed que trajo al mundo la salvaci\u00f3n. Hoy es un d\u00eda grande porque Ella nos ha ense\u00f1ado que gracias a la cooperaci\u00f3n humana se han abierto las puertas del cielo para nosotros. Hoy nos dejamos maravillar por el misterio de un Dios que quiso hacerse hombre en el seno de Mar\u00eda para darnos la vida.<\/p>\n<p align=\"justify\">De generaci\u00f3n en generaci\u00f3n sigue vivo el asombro ante este misterio inefable. San Agust\u00edn, imaginando que se dirig\u00eda al \u00e1ngel de la Anunciaci\u00f3n, pregunta: \u201c\u00bfDime, oh \u00e1ngel, por qu\u00e9 ha sucedido esto en Mar\u00eda?\u201d. La respuesta, dice el mensajero, est\u00e1 contenida en las mismas palabras del saludo: \u201cAl\u00e9grate, llena de gracia\u201d (cf. Sermo 291, 6). De hecho, el \u00e1ngel, \u201centrando en su presencia\u201d, no la llama por su nombre terreno, Mar\u00eda, sino por su nombre divino, tal como Dios la ve y la califica desde siempre: \u201cLlena de gracia (gratia plena)\u201d, y la gracia no es m\u00e1s que el amor de Dios; por eso, en definitiva, podr\u00edamos traducir esa palabra as\u00ed: \u201camada\u201d por Dios (cf. Lc 1, 28). Benedicto XVI.<\/p>\n<p align=\"justify\">Por eso hemos querido hacer una lista para pedirle a nuestra Madre, hoy que la celebramos, nos ayude a tener sus mismas actitudes para acoger con plena disponibilidad el misterio de Dios en nuestra vida y ser capaces de amar como Ella lo hizo.<\/p>\n<p align=\"justify\"><strong>1 Silencio en su interior<\/strong><\/p>\n<div id=\"0caac469-e27e-4300-b0de-44c1d5a3832d\" class=\"single_item_container\">\n<div class=\"item_inner\">\n<div class=\"item_assets_container\">\n<div class=\"item_assets question_has_media\">\n<div class=\"item_media_container\">\n<div class=\"media_inner\">\n<p align=\"justify\"><span class=\"item_image_wrapper 229612b6-f430-4a29-951d-bae8cc39fdb5\"> <img decoding=\"async\" class=\"i_image\" src=\"https:\/\/s0.wp.com\/wp-content\/themes\/vip\/plugins\/lazy-load\/images\/1x1.trans.gif\" data-lazy-src=\"http:\/\/cdn.playbuzz.com\/cdn\/a2c2b06c-e0e9-4ef2-817f-99db62dbc1f7\/229612b6-f430-4a29-951d-bae8cc39fdb5.jpg\" alt=\"Silencio en su interior\" \/><noscript><img decoding=\"async\" class=\"i_image\" src=\"http:\/\/cdn.playbuzz.com\/cdn\/a2c2b06c-e0e9-4ef2-817f-99db62dbc1f7\/229612b6-f430-4a29-951d-bae8cc39fdb5.jpg\" alt=\"Silencio en su interior\" \/><\/noscript><\/span><\/p>\n<p class=\"imageCredentials\" title=\"(c) Fra Angelico 1433-1432\/commons.wikimedia.org\">(c) Fra Angelico 1433-1432\/commons.wikimedia.org<\/p>\n<p class=\"imageCredentials\" title=\"(c) Fra Angelico 1433-1432\/commons.wikimedia.org\">Mar\u00eda se sobrecoge ante la visita del \u00e1ngel pero puede recibir y comprender el mensaje que \u00e9l le comunica por el profundo silencio que llena su interior. Ella est\u00e1 acostumbrada a meditar las palabras del Se\u00f1or, est\u00e1 acostumbrada al lenguaje Divino y lo capta con profundo recogimiento. Aprendamos de Mar\u00eda a tener ese silencio interior que nos permita estar en sinton\u00eda con El Se\u00f1or a\u00fan en medio de nuestras actividades cotidianas.<\/p>\n<\/div>\n<\/div>\n<\/div>\n<\/div>\n<p class=\"item_header_text\"><strong>2 Escucha atenta<\/strong><\/p>\n<\/div>\n<\/div>\n<div id=\"74840396-6d54-4344-b958-05f7f1ff161a\" class=\"single_item_container\">\n<div class=\"item_inner\">\n<div class=\"item_assets_container\">\n<div class=\"item_assets question_has_media\">\n<div class=\"item_media_container\">\n<div class=\"media_inner\">\n<p align=\"justify\"><span class=\"item_image_wrapper f615bb48-5b2f-420d-8acf-42c08178f3db\"><span class=\"item_image_wrapper f615bb48-5b2f-420d-8acf-42c08178f3db\"> <img decoding=\"async\" class=\"i_image\" src=\"https:\/\/s0.wp.com\/wp-content\/themes\/vip\/plugins\/lazy-load\/images\/1x1.trans.gif\" data-lazy-src=\"http:\/\/cdn.playbuzz.com\/cdn\/a2c2b06c-e0e9-4ef2-817f-99db62dbc1f7\/f615bb48-5b2f-420d-8acf-42c08178f3db.jpg\" alt=\"Escucha atenta\" \/><noscript><img decoding=\"async\" class=\"i_image\" src=\"http:\/\/cdn.playbuzz.com\/cdn\/a2c2b06c-e0e9-4ef2-817f-99db62dbc1f7\/f615bb48-5b2f-420d-8acf-42c08178f3db.jpg\" alt=\"Escucha atenta\" \/><\/noscript><\/span><\/span><\/p>\n<p class=\"imageCredentials\" title=\"(c)Vierge au jardinet, Ma\u00eetre rh\u00e9nan anonyme, Mus\u00e9e de l'Oeuvre Notre-Dame\/commons.wikimedia.org\">(c)Vierge au jardinet, Ma\u00eetre rh\u00e9nan anonyme, Mus\u00e9e de l&#8217;Oeuvre Notre-Dame\/commons.wikimedia.org<\/p>\n<p class=\"imageCredentials\" title=\"(c)Vierge au jardinet, Ma\u00eetre rh\u00e9nan anonyme, Mus\u00e9e de l'Oeuvre Notre-Dame\/commons.wikimedia.org\">Mar\u00eda escucha reverentemente al \u00e1ngel. No est\u00e1 pensando en ella misma, ni en lo que tiene que hacer, ni en qu\u00e9 cosas va a tener que dejar para ser la Madre de Jes\u00fas. Ella se dispone, escucha, se deja tocar por las palabras y las medita en su coraz\u00f3n. Aprendamos de Mar\u00eda a escuchar a Dios en el silencio y en medio de las circunstancias concretas de nuestra vida, y pid\u00e1mosle que nos ayude a mantener nuestro coraz\u00f3n abierto a su palabra.<\/p>\n<p class=\"imageCredentials\" title=\"(c)Vierge au jardinet, Ma\u00eetre rh\u00e9nan anonyme, Mus\u00e9e de l'Oeuvre Notre-Dame\/commons.wikimedia.org\"><strong>3 Acogida generosa<\/strong><\/p>\n<\/div>\n<\/div>\n<\/div>\n<\/div>\n<\/div>\n<\/div>\n<div id=\"12ccb3a5-706b-49bf-8b91-5c5f517d7483\" class=\"single_item_container\">\n<div class=\"item_inner\">\n<div class=\"item_assets_container\">\n<div class=\"item_assets question_has_media\">\n<div class=\"item_media_container\">\n<div class=\"media_inner\">\n<p align=\"justify\"><span class=\"item_image_wrapper c76a5811-a27f-4564-a5bb-3735d03f5e26\"><span class=\"item_image_wrapper c76a5811-a27f-4564-a5bb-3735d03f5e26\"> <img decoding=\"async\" class=\"i_image\" src=\"https:\/\/s0.wp.com\/wp-content\/themes\/vip\/plugins\/lazy-load\/images\/1x1.trans.gif\" data-lazy-src=\"http:\/\/cdn.playbuzz.com\/cdn\/a2c2b06c-e0e9-4ef2-817f-99db62dbc1f7\/c76a5811-a27f-4564-a5bb-3735d03f5e26.jpg\" alt=\"Acogida generosa\" \/><noscript><img decoding=\"async\" class=\"i_image\" src=\"http:\/\/cdn.playbuzz.com\/cdn\/a2c2b06c-e0e9-4ef2-817f-99db62dbc1f7\/c76a5811-a27f-4564-a5bb-3735d03f5e26.jpg\" alt=\"Acogida generosa\" \/><\/noscript><\/span><\/span><\/p>\n<p class=\"imageCredentials\" title=\"(c)Fra Filippo Lippi-Annunciation\/commons.wikimedia.org\">(c)Fra Filippo Lippi-Annunciation\/commons.wikimedia.org<\/p>\n<p class=\"imageCredentials\" title=\"(c)Fra Filippo Lippi-Annunciation\/commons.wikimedia.org\">Mar\u00eda despu\u00e9s de escuchar acoge. Las palabras dan fruto en su interior, no pasan como el viento sino que se quedan y echan ra\u00edces en su coraz\u00f3n. Aprendamos de Mar\u00eda a vivir una acogida humilde del Plan de Dios en nuestra vida. Que ella nos ense\u00f1e a aceptar con amor los designios Divinos y a no querer otra para nuestra vida.<\/p>\n<\/div>\n<\/div>\n<\/div>\n<\/div>\n<div class=\"item_header_text\"><strong>4 B\u00fasqueda<\/strong><\/div>\n<\/div>\n<\/div>\n<div id=\"ee7732e0-03f8-4468-9acd-e7c935e68a89\" class=\"single_item_container\">\n<div class=\"item_inner\">\n<div class=\"item_header_wrapper \"><\/div>\n<div class=\"item_assets_container\">\n<div class=\"item_assets question_has_media\">\n<div class=\"item_media_container\">\n<div class=\"media_inner\">\n<p align=\"justify\"><span class=\"item_image_wrapper facf2ed4-19d0-4ce0-8e7e-d99c1ab99827\"><span class=\"item_image_wrapper facf2ed4-19d0-4ce0-8e7e-d99c1ab99827\"> <img decoding=\"async\" class=\"i_image\" src=\"https:\/\/s0.wp.com\/wp-content\/themes\/vip\/plugins\/lazy-load\/images\/1x1.trans.gif\" data-lazy-src=\"http:\/\/cdn.playbuzz.com\/cdn\/a2c2b06c-e0e9-4ef2-817f-99db62dbc1f7\/facf2ed4-19d0-4ce0-8e7e-d99c1ab99827.jpg\" alt=\"B\u00fasqueda \" \/><noscript><img decoding=\"async\" class=\"i_image\" src=\"http:\/\/cdn.playbuzz.com\/cdn\/a2c2b06c-e0e9-4ef2-817f-99db62dbc1f7\/facf2ed4-19d0-4ce0-8e7e-d99c1ab99827.jpg\" alt=\"B\u00fasqueda \" \/><\/noscript><\/span><\/span><\/p>\n<p class=\"imageCredentials\" title=\"(c) Lorenzo Costa Annunciation\/commons.wikimedia.org\">(c) Lorenzo Costa Annunciation\/commons.wikimedia.org<\/p>\n<\/div>\n<\/div>\n<\/div>\n<\/div>\n<p class=\"item_header_text\">Esta actitud es la que lleva a Mar\u00eda a preguntarse sobre el sentido profundo de las palabras del Mensajero de Dios en el momento de la Anunciaci\u00f3n: \u201c\u00bfC\u00f3mo ser\u00e1 esto, puesto que no conozco var\u00f3n?\u201d. Y su pregunta no es fruto de la duda, sino fruto de un anhelo de mayor luz para poder descubrir la profundidad del su misi\u00f3n. En ella esta el deseo de responder con mayor fidelidad y generosidad. Aprendamos de Mar\u00eda a tener un coraz\u00f3n inquieto que no descanse hasta dar gloria a Dios con nuestra vida.<\/p>\n<div class=\"item_header_text\">\u00a0<strong>5 Disponibilidad al Plan de Dios<\/strong><\/div>\n<\/div>\n<\/div>\n<div id=\"637332b9-0ff3-47c7-83e6-c803a0eed3e4\" class=\"single_item_container\">\n<div class=\"item_inner\">\n<div class=\"item_header_wrapper \"><\/div>\n<div class=\"item_assets_container\">\n<div class=\"item_assets question_has_media\">\n<div class=\"item_media_container\">\n<div class=\"media_inner\">\n<p align=\"justify\"><span class=\"item_image_wrapper 6b303885-22d3-4782-9224-232f5fe7a8e7\"><span class=\"item_image_wrapper 6b303885-22d3-4782-9224-232f5fe7a8e7\"> <img decoding=\"async\" class=\"i_image\" src=\"https:\/\/s0.wp.com\/wp-content\/themes\/vip\/plugins\/lazy-load\/images\/1x1.trans.gif\" data-lazy-src=\"http:\/\/cdn.playbuzz.com\/cdn\/a2c2b06c-e0e9-4ef2-817f-99db62dbc1f7\/6b303885-22d3-4782-9224-232f5fe7a8e7.jpg\" alt=\"Disponibilidad al Plan de Dios\" \/><noscript><img decoding=\"async\" class=\"i_image\" src=\"http:\/\/cdn.playbuzz.com\/cdn\/a2c2b06c-e0e9-4ef2-817f-99db62dbc1f7\/6b303885-22d3-4782-9224-232f5fe7a8e7.jpg\" alt=\"Disponibilidad al Plan de Dios\" \/><\/noscript><\/span><\/span><\/p>\n<p class=\"imageCredentials\" title=\"(c)ghirlandaio_visitation\">(c)ghirlandaio_visitation<\/p>\n<p class=\"imageCredentials\" title=\"(c)ghirlandaio_visitation\">Mar\u00eda se muestra totalmente disponible para hacer lo que Dios le pide. Esta actitud es la de un coraz\u00f3n que se ha educado en decir s\u00ed en cada cosa peque\u00f1a, un coraz\u00f3n que se ha educado en pensar primero en los dem\u00e1s que en s\u00ed mismo. Aprendamos de Mar\u00eda a tener esa apertura, esa generosidad sin medida que se entrega por completo y por amor a Dios y a los dem\u00e1s.<\/p>\n<\/div>\n<\/div>\n<\/div>\n<\/div>\n<p class=\"item_header_text\"><strong>6 Confianza en Dios y en sus promesas<\/strong><\/p>\n<\/div>\n<\/div>\n<div id=\"3d8a4c50-0071-4bf0-8c91-169750c430c6\" class=\"single_item_container\">\n<div class=\"item_inner\">\n<div class=\"item_assets_container\">\n<div class=\"item_assets question_has_media\">\n<div class=\"item_media_container\">\n<div class=\"media_inner\">\n<p align=\"justify\"><span class=\"item_image_wrapper 233db86a-7cd1-4f08-8a30-8fc1af80f34f\"><span class=\"item_image_wrapper 233db86a-7cd1-4f08-8a30-8fc1af80f34f\"> <img decoding=\"async\" class=\"i_image\" src=\"https:\/\/s0.wp.com\/wp-content\/themes\/vip\/plugins\/lazy-load\/images\/1x1.trans.gif\" data-lazy-src=\"http:\/\/cdn.playbuzz.com\/cdn\/a2c2b06c-e0e9-4ef2-817f-99db62dbc1f7\/233db86a-7cd1-4f08-8a30-8fc1af80f34f.jpg\" alt=\"Confianza en Dios y en sus promesas\" \/><noscript><img decoding=\"async\" class=\"i_image\" src=\"http:\/\/cdn.playbuzz.com\/cdn\/a2c2b06c-e0e9-4ef2-817f-99db62dbc1f7\/233db86a-7cd1-4f08-8a30-8fc1af80f34f.jpg\" alt=\"Confianza en Dios y en sus promesas\" \/><\/noscript><\/span><\/span><\/p>\n<p class=\"imageCredentials\" title=\"(c) Andrea Mantegna - Virgin Mary\/commons.wikimedia.org\">(c) Andrea Mantegna &#8211; Virgin Mary\/commons.wikimedia.org<\/p>\n<p class=\"imageCredentials\" title=\"(c) Andrea Mantegna - Virgin Mary\/commons.wikimedia.org\">Mar\u00eda ha meditado desde peque\u00f1a las promesas hechas por Dios al pueblo de Israel. Ella las conoce y sabe que \u00c9l siempre ha sido fiel a pesar de la debilidad del pueblo. Su confianza no es ciega, est\u00e1 basada en las acciones de Dios. Ella ha dejado que \u00c9l sea el centro de su vida, se ha abierto a su amor. En ella est\u00e1n representados los anhelos y las luchas de un pueblo que aunque fr\u00e1gil ha cre\u00eddo en Dios. Aprendamos de Mar\u00eda a confiar en que Dios siempre cumple sus promesas y que con nosotros no va a hacer una excepci\u00f3n porque \u00c9l es infinitamente Bueno y fiel.<\/p>\n<\/div>\n<\/div>\n<\/div>\n<\/div>\n<div class=\"item_header_text\"><strong>7 Valent\u00eda<\/strong><\/div>\n<\/div>\n<\/div>\n<div id=\"fe70bc6d-3337-4212-853f-3bc1ed25226a\" class=\"single_item_container\">\n<div class=\"item_inner\">\n<div class=\"item_header_wrapper \"><\/div>\n<div class=\"item_assets_container\">\n<div class=\"item_assets question_has_media\">\n<div class=\"item_media_container\">\n<div class=\"media_inner\">\n<p align=\"justify\"><span class=\"item_image_wrapper 329d1c4b-d92a-4955-8faf-36098385cea8\"><span class=\"item_image_wrapper 329d1c4b-d92a-4955-8faf-36098385cea8\"> <img decoding=\"async\" class=\"i_image\" src=\"https:\/\/s0.wp.com\/wp-content\/themes\/vip\/plugins\/lazy-load\/images\/1x1.trans.gif\" data-lazy-src=\"http:\/\/cdn.playbuzz.com\/cdn\/a2c2b06c-e0e9-4ef2-817f-99db62dbc1f7\/329d1c4b-d92a-4955-8faf-36098385cea8.jpg\" alt=\"Valent\u00eda\" \/><noscript><img decoding=\"async\" class=\"i_image\" src=\"http:\/\/cdn.playbuzz.com\/cdn\/a2c2b06c-e0e9-4ef2-817f-99db62dbc1f7\/329d1c4b-d92a-4955-8faf-36098385cea8.jpg\" alt=\"Valent\u00eda\" \/><\/noscript><\/span><\/span><\/p>\n<p class=\"item_freetext\">(c) jose vergara- la piedad<\/p>\n<p class=\"item_freetext\">Mar\u00eda no se achica frente a la misi\u00f3n excepcionalmente grande que le anuncia el \u00e1ngel. Tiene miedo s\u00ed, pero se lanza con valent\u00eda a cumplir el Plan de Dios. Aunque sea una ni\u00f1a, ella conf\u00eda profundamente en la gracia de Dios que agiganta sus peque\u00f1os esfuerzos y es capaz de reconocer el valor de su s\u00ed, el valor que Dios le da a la entrega libre de nuestra humanidad. Aprendamos de Mar\u00eda a confiar en que Dios puede hacer cosas grandes con nuestra peque\u00f1ez cuando se la entregamos totalmente.<\/p>\n<\/div>\n<\/div>\n<\/div>\n<\/div>\n<div class=\"item_freetext\"><em>Art\u00edculo originalmente publicado por <a target=\"_blank\" href=\"http:\/\/catholic-link.com\/2015\/03\/25\/7-actitudes-virgen-fiesta-anunciacion-encarnacion\/?utm_content=buffer75891&amp;utm_medium=social&amp;utm_source=facebook.com&amp;utm_campaign=buffer\">Catholic Link<\/a><\/em><\/div>\n<\/div>\n<\/div>\n<div class=\"item_freetext\"><\/div>\n","protected":false},"excerpt":{"rendered":"<p>Por: Catholic Link Hoy celebramos a la Virgen Mar\u00eda, celebramos su s\u00ed, ese s\u00ed que trajo al mundo la salvaci\u00f3n. Hoy es un d\u00eda grande porque Ella nos ha ense\u00f1ado que gracias a la cooperaci\u00f3n humana se han abierto las puertas del cielo para nosotros. Hoy nos dejamos maravillar por el misterio de un Dios &hellip; <a href=\"https:\/\/www.biblia.work\/sermones\/7-actitudes-que-la-virgen-maria-para-imitar-hoy-y-siempre\/\" class=\"more-link\">Continuar leyendo<span class=\"screen-reader-text\"> \u00ab7 actitudes que la Virgen Mar\u00eda para imitar hoy y&nbsp;siempre\u00bb<\/span><\/a><\/p>\n","protected":false},"author":1,"featured_media":0,"comment_status":"open","ping_status":"closed","sticky":false,"template":"","format":"standard","meta":{"footnotes":""},"categories":[1],"tags":[],"class_list":["post-33963","post","type-post","status-publish","format-standard","hentry","category-general"],"_links":{"self":[{"href":"https:\/\/www.biblia.work\/sermones\/wp-json\/wp\/v2\/posts\/33963","targetHints":{"allow":["GET"]}}],"collection":[{"href":"https:\/\/www.biblia.work\/sermones\/wp-json\/wp\/v2\/posts"}],"about":[{"href":"https:\/\/www.biblia.work\/sermones\/wp-json\/wp\/v2\/types\/post"}],"author":[{"embeddable":true,"href":"https:\/\/www.biblia.work\/sermones\/wp-json\/wp\/v2\/users\/1"}],"replies":[{"embeddable":true,"href":"https:\/\/www.biblia.work\/sermones\/wp-json\/wp\/v2\/comments?post=33963"}],"version-history":[{"count":0,"href":"https:\/\/www.biblia.work\/sermones\/wp-json\/wp\/v2\/posts\/33963\/revisions"}],"wp:attachment":[{"href":"https:\/\/www.biblia.work\/sermones\/wp-json\/wp\/v2\/media?parent=33963"}],"wp:term":[{"taxonomy":"category","embeddable":true,"href":"https:\/\/www.biblia.work\/sermones\/wp-json\/wp\/v2\/categories?post=33963"},{"taxonomy":"post_tag","embeddable":true,"href":"https:\/\/www.biblia.work\/sermones\/wp-json\/wp\/v2\/tags?post=33963"}],"curies":[{"name":"wp","href":"https:\/\/api.w.org\/{rel}","templated":true}]}}