{"id":33979,"date":"2016-06-13T18:10:39","date_gmt":"2016-06-13T23:10:39","guid":{"rendered":"http:\/\/www.biblia.work\/sermones\/como-son-las-cartas-de-los-santos-a-sus-amigos-imperdonable-no-leer\/"},"modified":"2016-06-13T18:10:39","modified_gmt":"2016-06-13T23:10:39","slug":"como-son-las-cartas-de-los-santos-a-sus-amigos-imperdonable-no-leer","status":"publish","type":"post","link":"https:\/\/www.biblia.work\/sermones\/como-son-las-cartas-de-los-santos-a-sus-amigos-imperdonable-no-leer\/","title":{"rendered":"\u00bfC\u00f3mo son las cartas de los santos a sus amigos? (imperdonable no&nbsp;leer)"},"content":{"rendered":"<p><b>Por: Catholic Link<\/b><\/p>\n<p align=\"justify\">Escribir cartas siempre me ha parecido una costumbre muy linda que no deber\u00edamos perder. Recuerdo que cuando era peque\u00f1a me llegaban cartas de mis abuelos o mis t\u00edos en mi cumplea\u00f1os o postales cuando estaban de viaje. Era tan emocionante ver los sellos, el papel bonito que ol\u00eda bien, la dedicaci\u00f3n con la que estaban escritas\u2026<\/p>\n<p align=\"justify\">Entre amigas tambi\u00e9n nos escrib\u00edamos cartas para hablar de esas cosas que no ten\u00edamos oportunidad de compartir porque est\u00e1bamos en clase o no pod\u00edamos vernos \u2212cosas que no se dec\u00edan por tel\u00e9fono\u2013 porque, \u201c\u00a1el tel\u00e9fono es para acortar distancias, no para hacer visitas!\u201d, como repet\u00edan nuestras madres. En fin, tantas cosas buenas que podemos hablar de lo que significaba recibir o mandar una buena carta.<\/p>\n<p align=\"justify\">Los santos escrib\u00edan muchas. <strong>En su \u00e9poca no ten\u00edan internet<\/strong> para comunicarse con los que estaban lejos. Varios de ellos cuando descubrieron su vocaci\u00f3n se lo dijeron a sus familiares y amigos por este medio, otros como el Padre P\u00edo, recib\u00edan muchas cartas de sus fieles y dedicaban largas horas de su d\u00eda a responderlas y otros simplemente, lo hac\u00edan por la necesidad de comunicarse y exponer su coraz\u00f3n, en medio de la rigurosidad y el silencio del claustro.<\/p>\n<p align=\"justify\">Creo que <strong>leer algunas de estas cartas nos ayudar\u00e1 mucho en nuestro crecimiento interior<\/strong>, nos har\u00e1 aprender de los santos a expresar nuestros sentimientos con sinceridad y a valorar los detalles. \u00a1Compartamos estas sencillas pero profundas cartas, y anim\u00e9monos a escribirle a nuestros amigos y familiares que est\u00e1n lejos!<img decoding=\"async\" width='16' height='16' class='wp-smiley emoji' draggable='false' alt=':)' src=\"https:\/\/s0.wp.com\/wp-content\/themes\/vip\/plugins\/lazy-load\/images\/1x1.trans.gif\" data-lazy-src=\"http:\/\/s1.wp.com\/wp-content\/mu-plugins\/wpcom-smileys\/simple-smile.svg\" style='height: 1em; max-height: 1em;' \/><noscript><img decoding=\"async\" width='16' height='16' class='wp-smiley emoji' draggable='false' alt=':)' src=\"http:\/\/s1.wp.com\/wp-content\/mu-plugins\/wpcom-smileys\/simple-smile.svg\" style='height: 1em; max-height: 1em;' \/><\/noscript><\/p>\n<p align=\"justify\"><img loading=\"lazy\" decoding=\"async\" class=\"alignnone\" src=\"https:\/\/s0.wp.com\/wp-content\/themes\/vip\/plugins\/lazy-load\/images\/1x1.trans.gif\" data-lazy-src=\"http:\/\/catholic-link.com\/wp-content\/uploads\/2015\/10\/Adrian-Clark.jpg\" alt=\"\" width=\"877\" height=\"548\" \/><noscript><img loading=\"lazy\" decoding=\"async\" class=\"alignnone\" src=\"http:\/\/catholic-link.com\/wp-content\/uploads\/2015\/10\/Adrian-Clark.jpg\" alt=\"\" width=\"877\" height=\"548\" \/><\/noscript><\/p>\n<p align=\"justify\">Adrian Clark\u00a9 Adrian Clark\/Flickr<\/p>\n<p align=\"justify\"><strong>Carta de santa Teresa de los Andes a su hermano Miguel<\/strong><\/p>\n<p align=\"justify\">Mi querido hermano:<\/p>\n<p align=\"justify\">Antes de partir he querido dejarte estas l\u00edneas que te han de manifestar el inmenso cari\u00f1o que te he profesado toda mi vida. He sentido por ti, al mismo tiempo que mucho cari\u00f1o, mucha compasi\u00f3n. Comprendo, aunque t\u00fa nunca me lo has manifestado, que sufres; que llevas el alma destrozada.<\/p>\n<p align=\"justify\">Sin embargo, <strong>muchas veces he querido penetrar hasta esa herida, pero tu car\u00e1cter reservado me la ha ocultado. \u00bfQu\u00e9 hacer sino callar y rezar por ti? Si t\u00fa pudieras comprender lo mucho que he llorado yo por ti, me oir\u00edas todo lo que mi alma te querr\u00eda decir.<\/strong><\/p>\n<p align=\"justify\">Pero quiz\u00e1s no querr\u00e1s o\u00edr los consejos de una monja. S\u00ed, <strong>monja ser\u00e9, pero siempre tendr\u00e9 coraz\u00f3n de hermana para ti.<\/strong> Siempre velar\u00e9 desde el convento y te acompa\u00f1ar\u00e9 a todas partes con mis pobres oraciones.<\/p>\n<p align=\"justify\">Que jam\u00e1s, Miguel querido, pierdas la fe. <strong>Antes prefiero morir y ofrecer mi vida que tu alma sea extraviada.<\/strong> Prom\u00e9teme que todos los d\u00edas vas a rezar un Ave Mar\u00eda a la Sant\u00edsima Virgen para que te d\u00e9 la salvaci\u00f3n, y que ese crucifijo lo conservar\u00e1s y llevar\u00e1s siempre contigo hasta la muerte, como recuerdo de tu hermana.<\/p>\n<p align=\"justify\">Siempre lo he llevado yo conmigo. Siento la pena m\u00e1s inmensa al separarme, pero Dios me sostiene y me da fuerzas para romper los lazos m\u00e1s estrechos que existen sobre la tierra.<\/p>\n<p align=\"justify\">Cr\u00e9eme que <strong>mi vida entera ser\u00e1 una continua inmolaci\u00f3n por ti<\/strong>, para que seas buen cristiano. Acu\u00e9rdate de tu hermana carmelita. Cuando las pasiones, los amigos te quieran sumergir en el abismo, ella al pie del santo altar estar\u00e1 pidiendo para ti la fuerza. Acu\u00e9rdate que, mientras t\u00fa te entregas a los placeres, ella tras las rejas de su claustro someter\u00e1 su cuerpo a las m\u00e1s rudas penitencias.<\/p>\n<p align=\"justify\">S\u00ed, Miguel, te quiero con locura y, si es necesario que yo pierda mi vida porque t\u00fa vuelvas sobre tus pasos y comiences la verdadera vida cristiana, aqu\u00ed la tiene Dios. <strong>Aun el martirio, con tal que, cuando pasen estos cuatro d\u00edas del destierro, nos encontremos reunidos para siempre en Dios.<\/strong><\/p>\n<p align=\"justify\">Adi\u00f3s, hermanito querido. Perd\u00f3name todo lo que te he hecho sufrir. No ha sido con intenci\u00f3n. No te olvides de tu hermana que tanto te quiere.<\/p>\n<p align=\"justify\">Juana F., Hija de Mar\u00eda.<\/p>\n<p align=\"justify\">Pd: Te ruego que no dejes de cumplir con la Iglesia. S\u00e9 bueno con mi pap\u00e1 y mam\u00e1. Escr\u00edbeme.<\/p>\n<p align=\"justify\">&nbsp;<\/p>\n<p align=\"justify\"><strong>Carta del Padre Alberto Hurtado a un amigo<\/strong><\/p>\n<p align=\"justify\">3 de junio de 1945.<\/p>\n<p align=\"justify\">Mi querido\u2026<\/p>\n<p align=\"justify\">Esta ma\u00f1ana, al leer en la santa Misa el Evangelio de hoy, <strong>me ha venido un fuerte deseo de escribirte para decirte algo que tengo atravesado entre el pecho y la espalda desde hace tiempo, y que jam\u00e1s me atrev\u00eda a dec\u00edrtelo<\/strong>, a pesar de la confianza que me has dado, por respetar en forma total tu libertad, como t\u00fa has visto que lo he hecho siempre\u2026.<\/p>\n<p align=\"justify\">Si recuerdas el santo Evangelio de hoy (S. Lucas 14,16-24), el Se\u00f1or hizo una cena y los llamados comienzan a excusarse con los pretextos m\u00e1s f\u00fatiles desairando as\u00ed a quien generosamente los hab\u00eda invitado.<\/p>\n<p align=\"justify\">Esta lectura me trajo a la mente tu recuerdo, pues, si quieres que te diga francamente mi impresi\u00f3n, \u00e9sta es que t\u00fa querr\u00edas servir a Cristo, ser generoso con \u00c9l, pero que no acabas nunca de decidirte a cortar las amarras, porque \u00e9stas son fuertes, justas, santas, bellas, las m\u00e1s bellas en el orden de lo l\u00edcito: las del hogar donde uno ha nacido, y en un caso como el tuyo, de un hogar donde todo el cari\u00f1o se reconcentra en el hijo \u00fanico.<\/p>\n<p align=\"justify\">Yo debo pensar en los que el Se\u00f1or ha confiado a mis cuidados y <strong>muchas veces he pensado que tu inconsciente lucha muy fuertemente contra el llamamiento del Se\u00f1or que te dice HOY, y t\u00fa le dices: MA\u00d1ANA\u2026<\/strong> y yo me temo que ese \u201cma\u00f1ana\u201d, pueda equivaler a \u201cnunca\u201d, como ha resultado verdad para tantos amigos nuestros, incluso para otros que, en el mismo puesto que t\u00fa ocupas en la A. C., sintieron un d\u00eda el llamamiento de Cristo y hoy van por otro camino, honesto, l\u00edcito, pero que no es el que ellos creyeron en un primer momento, y en el que yo siempre he pensado que habr\u00edan dado m\u00e1s gloria a Dios, si a tiempo hubiesen marchado generosamente.<\/p>\n<p align=\"justify\">Despu\u00e9s, los o\u00eddos se endurecen, los ojos no tienen la finura para percibir y llega uno a creerse no llamado.<\/p>\n<p align=\"justify\">T\u00fa has reaccionado violentamente contra una actitud semejante, pero <strong>te pido, V\u00edctor, que delante de Nuestro Se\u00f1or, ante su Cruz pienses si eres sincero con \u00c9l al esperar a\u00fan m\u00e1s; o si no ser\u00eda mejor afrontar la dificultad en la forma m\u00e1s valiente que sea posible: fijarte una fecha, hablar con tus padres, quemar las naves y echarte al agua, esto es, en los brazos de Cristo<\/strong> para trabajar por su gloria y por la salvaci\u00f3n de las almas.<\/p>\n<p align=\"justify\">Si t\u00fa en tu conciencia crees que la conducta debe ser otra, ten por no dichos mis consejos, pero si la voz de Cristo persiste, t\u00fa que has \u201cpuesto la mano al arado no vuelvas los ojos atr\u00e1s\u201d, porque ese \u201cno es apto para el Reino de los cielos\u201d. \u201cEl Reino de los cielos padece violencia y s\u00f3lo los esforzados lo arrebatan\u201d. \u201cEl que ama su alma la perder\u00e1 y el que la perdiere por m\u00ed la hallar\u00e1\u201d. \u201cEl que quiera venir en pos de M\u00ed, ni\u00e9guese, tome su cruz y s\u00edgame\u201d. [cf. Lc 9,62; 16,16; 17,33; 9,23].<\/p>\n<p align=\"justify\">Quiz\u00e1s el Se\u00f1or espera para bendecir a la Acci\u00f3n Cat\u00f3lica y a otras vocaciones en germen, tu sacrificio. <strong>No dudes en hacer en cada momento, hoy mismo, lo que creas delante de Dios que debas hacer. El ma\u00f1ana es muy peligroso.<\/strong><\/p>\n<p align=\"justify\">Esta carta es s\u00f3lo para ti, y tu confianza para con tu ex-asesor y (actual) director espiritual es la que me ha dado fuerzas para escribirla. Ruega a Jes\u00fas que yo tambi\u00e9n no ponga obst\u00e1culos a sus designios sobre m\u00ed.<\/p>\n<p align=\"justify\">Afect\u00edsimo amigo y hermano en Cristo.<\/p>\n<p align=\"justify\">Alberto Hurtado C. s.j.<\/p>\n<p align=\"justify\">&nbsp;<\/p>\n<p align=\"justify\"><strong>Carta del Padre P\u00edo a un hermano de comunidad<\/strong><\/p>\n<p align=\"justify\">San Giovanni Rotondo, 3-9-1918.<\/p>\n<p align=\"justify\">Querid\u00edsimo:<\/p>\n<p align=\"justify\">Que Jes\u00fas te conforte y est\u00e9 siempre contigo.<\/p>\n<p align=\"justify\"><strong>Recibo tu carta en la que me describes tus imperfecciones y tus penas, y querr\u00eda poder aliviarte y enviarte alg\u00fan remedio a tu enfermedad.<\/strong> Pero, hijo m\u00edo, siento no poder hacerlo como seria mi deseo, porque ni el tiempo me lo permite ni me acompa\u00f1an las fuerzas ni f\u00edsicas ni morales.<\/p>\n<p align=\"justify\">Me encuentro muy mal y me doy cuenta de haber llegado a ser superlativamente pesado a m\u00ed mismo. La mayor parte de lo que me dices y de lo que silencias no necesita, de ordinario, m\u00e1s remedio que el paso del tiempo y de los ejercicios practicados seg\u00fan la regla bajo la cual se vive.<\/p>\n<p align=\"justify\">Hay igualmente algunas enfermedades f\u00edsicas cuya curaci\u00f3n no se consigue tomando medicamentos y s\u00ed, con modo id\u00f3neo de vivir. <strong>El amor propio, la propia estima, la falsa libertad de esp\u00edritu, son ra\u00edces que no pueden arrancarse del coraz\u00f3n f\u00e1cilmente; pero puede impedirse que produzcan sus frutos<\/strong>, que son los pecados.<\/p>\n<p align=\"justify\">Porque sus brotes y salidas, o sea las primeras sacudidas y primeros movimientos, no pueden impedirse del todo mientras estamos en este mundo; pero se puede, y en esto debemos poner todo nuestro cuidado, <strong>moderar y disminuir su \u00edmpetu y manera con la pr\u00e1ctica asidua de la virtud contraria y particularmente de la humildad, de la obediencia y del amor a Dios.<\/strong><\/p>\n<p align=\"justify\"><strong>Hay que tener paciencia,<\/strong> pues, y no desanimarse por cualquier imperfecci\u00f3n o porque se cae en ella frecuentemente sin quererlo. Quisiera tener un buen martillo para romper la punta de tu esp\u00edritu, que es demasiado sutil en los pensamientos de tu avanzar espiritual. Pero te lo he dicho muchas veces, querido, y te lo repito otra m\u00e1s: en la vida espiritual hay que caminar con gran confianza.<\/p>\n<p align=\"justify\">Si obras bien, alaba y dale gracias al Se\u00f1or por ello; si te acaece obrar mal, hum\u00edllate, sonr\u00f3jate ante Dios de tu infidelidad, pero sin desanimarte; pide perd\u00f3n, haz prop\u00f3sito, vuelve al buen camino y tira derecho con mayor vigilancia. Ya s\u00e9 muy bien que no quieres obrar mal d\u00e1ndote cuenta; y las faltas que cometes inadvertidamente s\u00f3lo deben servirte para adquirir humildad.<\/p>\n<p align=\"justify\">No temas y no te angusties con las dudas de tu conciencia, porque ya sabes que <strong>obrando con diligencia y haciendo t\u00fa cuanto puedas, s\u00f3lo te queda pedirle a Dios su amor, ya que El no desea otra cosa que el tuyo.<\/strong><\/p>\n<p align=\"justify\">Practica cuanto has aprendido de m\u00ed y otros; no temas y <strong>procura cultivar con tu amor, con diligencia, la suavidad y la humildad interior.<\/strong><\/p>\n<p align=\"justify\">Hab\u00eda prometido ir ah\u00ed a pasar unos meses y poder veros a todos y deciros cosas hermosas de Jes\u00fas; y confortaros y confirmaros en las santas resoluciones; pero conviene renunciar, aun sinti\u00e9ndolo mucho, por ahora, a causa del motivo arriba expresado. Por ahora, Jes\u00fas no me lo permite y <em>fiat<\/em>! Cumplir\u00e9 la promesa en cuanto el Se\u00f1or lo quiera.<\/p>\n<p align=\"justify\">Pido continua y ardientemente al cielo mil bendiciones para ti y para nuestros hermanos, y sobre todo para que seas humilde y manso de coraz\u00f3n, y para que aproveches de las pruebas a que piadosamente te somete el Se\u00f1or, recibi\u00e9ndolas amorosamente por amor a quien por el nuestro toler\u00f3 tant\u00edsimas.<\/p>\n<p align=\"justify\">Sal\u00fadame a todos, os abrazo a todos. Sal\u00fadame a Fray Marcelino y dile que recib\u00ed su tarjeta y se lo agradezco de coraz\u00f3n, y si necesita algo de m\u00ed antes de que vaya yo ah\u00ed, que me escriba tan solo.<\/p>\n<p align=\"justify\">P\u00edo.<\/p>\n<p align=\"justify\"><img loading=\"lazy\" decoding=\"async\" class=\"alignnone\" src=\"https:\/\/s0.wp.com\/wp-content\/themes\/vip\/plugins\/lazy-load\/images\/1x1.trans.gif\" data-lazy-src=\"http:\/\/catholic-link.com\/wp-content\/uploads\/2015\/10\/Pimthida.jpg\" alt=\"\" width=\"877\" height=\"547\" \/><noscript><img loading=\"lazy\" decoding=\"async\" class=\"alignnone\" src=\"http:\/\/catholic-link.com\/wp-content\/uploads\/2015\/10\/Pimthida.jpg\" alt=\"\" width=\"877\" height=\"547\" \/><\/noscript><\/p>\n<p align=\"justify\">\u00a9 Pimthida\/Flickr<\/p>\n<p align=\"justify\"><strong>Carta de Gianna Beretta Molla a su esposo Pietro (antes de casarse)<\/strong><\/p>\n<p align=\"justify\">\u2026Pietro,<strong> si pudiera decirte todo lo que siento por vos! pero no soy capaz<\/strong> -compl\u00e9talo tu-. El Se\u00f1or me quiere mucho: t\u00fa eres el hombre que deseaba encontrar, pero no te puedo negar que <strong>varias veces me pregunto: \u00bfser\u00e9 digna de ti?<\/strong>\u00a0S\u00ed, de ti, Pietro, porque me siento una nada, incapaz de hacer nada, que a pesar que desea hacerte tan feliz, tengo miedo de no conseguirlo.<\/p>\n<p align=\"justify\"><strong>Y es entonces que le pido al Se\u00f1or: Se\u00f1or, T\u00fa que ves mis sentimientos y mi buena voluntad, ay\u00fadame a ser una esposa y madre como T\u00fa quieres, y pienso que Pietro lo querr\u00e1 as\u00ed tambi\u00e9n. \u00bfEsta bien as\u00ed Pietro?<\/strong><\/p>\n<p align=\"justify\">Con tanto tanto afecto, te saluda,<\/p>\n<p align=\"justify\">Tu Gianna.<\/p>\n<p align=\"justify\">&nbsp;<\/p>\n<p align=\"justify\"><strong>Carta de san Rafael Arnaiz a sus t\u00edos<\/strong><\/p>\n<p align=\"justify\">12 de enero de 1934 \u2013 viernes<\/p>\n<p align=\"justify\">A sus t\u00edos los Duques de Maqueda, desde Oviedo<\/p>\n<p align=\"justify\">Querid\u00edsimos t\u00edos: Dos letras nada m\u00e1s para que salga esta carta hoy.<\/p>\n<p align=\"justify\">Nada os tengo que decir, pues mis palabras son pocas para expresarlo todo, y lo \u00fanico que puedo deciros es que yo no he hecho nada, pues Dios nuestro Se\u00f1or lo ha hecho todo, absolutamente todo. <strong>\u00a1Si vosotros supierais c\u00f3mo me quiere y de qu\u00e9 manera me ha sostenido y me est\u00e1 sosteniendo!, ni nada le pedir\u00edais, ni nada le ofrecer\u00edais. Todo se reducir\u00eda a alabarle<\/strong> sin cesar, a bendecirle y ensalzarle y a entonar continuamente un glorioso canto de acci\u00f3n de gracias y de agradecimiento.<\/p>\n<p align=\"justify\">\u00a1Se\u00f1or, Se\u00f1or, nada os pido, porque ya lo tengo todo que sois Vos!; solamente permitidme unirme al coro de los \u00e1ngeles, arc\u00e1ngeles y querubines y a toda la milicia celestial, y que mi coraz\u00f3n aqu\u00ed en la tierra se remonte al cielo y cante el \u201cGloria a Dios en las alturas y paz en la tierra a los hombres de buena voluntad\u201d.<\/p>\n<p align=\"justify\">Si vierais qu\u00e9 contento estoy al ver que Dios acepta lo que le he ofrecido; no lo que le he ofrecido yo, que eso poco vale, sino lo que le han ofrecido tan generosamente mis padres\u2026 \u00a1Qu\u00e9 almas m\u00e1s grandes!<\/p>\n<p align=\"justify\">\u00a1Qu\u00e9 gran responsabilidad he contra\u00eddo! \u00a1Pero <strong>la Sant\u00edsima Virgen me ayuda de una manera, que casi materialmente la experimento.<\/strong><\/p>\n<p align=\"justify\">Quisiera volcarme, pero es tan grande todo lo que tengo dentro, que no puedo, pues si grande es mi alegr\u00eda, grande, muy grande es mi dolor, pero mucho m\u00e1s grande es mi amor a Dios, si no, no seria posible. No les puedo decir cu\u00e1ndo me marchar\u00e9, pues estoy esperando carta de mi buen Padre Abad.<\/p>\n<p align=\"justify\">Las cosas han ido por el camino que me indic\u00f3 el Sr. Nuncio; mi padre, no solamente me da el permiso, sino que \u00e9l mismo va a ofrecerme; yo no salgo huido de mi casa, sino que me despedir\u00e9 de mi madre\u2026 Cuento, no con mis fuerzas, ni con las de mis padres\u2026; cuento con el auxilio de la Virgen, y con las fuerzas que da un Dios, como el nuestro.<\/p>\n<p align=\"justify\">Me acuerdo de las palabras del Sr. Nuncio: \u201cHay que hacer las vocaciones, no solamente agradables a los ojos de Dios, sino suaves y dulces a los ojos de los hombres, es decir, sin violencias, ni convulsiones, sino todo lo contrario, agradables\u201d. Cuando esto es posible como en mi caso, hay que hacerlo as\u00ed. <strong>Quiz\u00e1s se sufra m\u00e1s, no digo que no, pero a los ojos de Dios es m\u00e1s meritorio, \u00bfno les parece?<\/strong><\/p>\n<p align=\"justify\">Bueno, ya les escribir\u00e9 cuando est\u00e9 en mi monasterio.<\/p>\n<p align=\"justify\">Mando para la abuela el papelito adjunto, y te los mando a ustedes porque no s\u00e9 si la abuela est\u00e1 en Madrid. No vayan a creer que las he robado \u00a1eh!, cuidadito; es que me dio la t\u00eda unas pesetas, por si ten\u00eda que reparar alguna necesidad, y entre otras personas lo primero que pens\u00e9 fue en la abuela y en vosotros\u2026<\/p>\n<p align=\"justify\">Si todav\u00eda est\u00e1 con vosotros, la dais un abrazo muy fuerte de mi parte, y para vosotros, querid\u00edsimos t\u00edos, <strong>nada, pues nada os puedo mandar como no sea mucho cari\u00f1o de vuestro sobrino.<\/strong><\/p>\n<p align=\"justify\">Rafael.<\/p>\n<p align=\"justify\">&nbsp;<\/p>\n<p align=\"justify\"><strong>Carta de santa Teresita a su hermana Celina<\/strong><\/p>\n<p align=\"justify\">Jes\u00fas + El Carmelo, 20 de octubre de 1888.<\/p>\n<p align=\"justify\">Mi querida Celina:<\/p>\n<p align=\"justify\">\u00a1As\u00ed que ma\u00f1ana es tu santo! Pero<strong> si no es posible, puedo hacerlo al menos en mi coraz\u00f3n. \u00bfQu\u00e9 quieres que te regale para tu santo?<\/strong><\/p>\n<p align=\"justify\">Si escuchase a m\u00ed coraz\u00f3n, le pedir\u00eda a Jes\u00fas que me enviase a m\u00ed todas las penas, todas las tristezas, todos los problemas de la vida de mi querida Celina; pero, ya ves, no lo escucho, porque tengo miedo a que Jes\u00fas me diga que soy una ego\u00edsta, pues entonces querr\u00eda que me diese a m\u00ed lo mejor que \u00e9l tiene, sin dejar ni siquiera un poco para su prometida, a quien tanto ama.<\/p>\n<p align=\"justify\">Si le hace sentir la separaci\u00f3n pedirle eso a Jes\u00fas. Y, adem\u00e1s, \u00e9l es tan rico, tan rico, que tiene de sobra para enriquecernos a las dos\u2026 \u00a1Y pensar que, si Dios nos diese el universo entero con todos sus tesoros, eso no ser\u00eda comparable con el m\u00e1s ligero sufrimiento!<\/p>\n<p align=\"justify\"><strong>\u00a1Qu\u00e9 gracia tan grande cuando por la ma\u00f1ana nos sentimos sin \u00e1nimo y sin fuerzas para practicar la virtud!<\/strong> Ese es el momento de poner el hacha a la ra\u00edz del \u00e1rbol reunir unas pocas pepitas de oro, extraemos diamantes, \u00a1y qu\u00e9 ganancia al final de la jornada\u2026!<\/p>\n<p align=\"justify\">Es cierto que a veces nos despreocupamos durante algunos instantes de acumular nuestros tesoros. Ese es un momento peligroso, pues se ve una tentada de mandarlo todo a paseo; pero con un acto de amor, aun no gustado, todo queda reparado, y con creces: <strong>Jes\u00fas sonr\u00ede, nos ayuda sin parecer que lo hace, y nuestro y d\u00e9bil amor enjuga las l\u00e1grimas que los malos le hacen derramar<\/strong>.<\/p>\n<p align=\"justify\">El amor todo lo puede: las cosas m\u00e1s imposibles no le parecen dif\u00edciles, mira tanto la grandeza de las obras, ni siquiera su dificultad, cuanto el amor con que se hacen.<\/p>\n<p align=\"justify\">Hace alg\u00fan tiempo encontr\u00e9 una frase que me parece muy hermosa. Es \u00e9sta, creo que te va a gustar: &#8220;La resignaci\u00f3n es todav\u00eda distinta de la aceptaci\u00f3n de la voluntad [2vo] de Dios; existe entre ellas la misma diferencia que entre la uni\u00f3n y la unidad. <strong>En la uni\u00f3n hay todav\u00eda dos, en la unidad no hay m\u00e1s que uno&#8221;.<\/strong><\/p>\n<p align=\"justify\">\u00a1Seamos m\u00e1s que uno con Jes\u00fas! Despreciemos todo lo que es pasajero. Nuestros pensamientos deben dirigirse al cielo, pues all\u00ed est\u00e1 la morada de Jes\u00fas.<\/p>\n<p align=\"justify\">Pensaba hace unos d\u00edas que <strong>no debemos apegarnos a lo que nos rodea<\/strong>, pues podr\u00edamos vivir en otro lugar distinto de \u00e9ste en que vivimos, y entonces nuestros afectos y nuestros deseos ya no ser\u00edan los mismos\u2026 No s\u00e9 explicarte mi pensamiento, soy demasiado torpe para hacerlo, pero cuando te vea te lo dir\u00e9 de palabra.<\/p>\n<p align=\"justify\">\u00bfPor qu\u00e9 te habr\u00e9 dicho todas estas cosas que t\u00fa sabes mucho mejor que yo? Perd\u00f3name. Necesitaba tener contigo una conversaci\u00f3n como las que ten\u00edamos anta\u00f1o. Pero ese tiempo no pas\u00f3, <strong>seguimos siendo las dos una misma alma, y nuestros pensamientos siguen siendo los mismos que eran en las ventanas del mirador. Me llena de alegr\u00eda pensar que un d\u00eda celebraremos tu santo en la ciudad celestial.<\/strong><\/p>\n<p align=\"justify\">Tu hermanita,<\/p>\n<p align=\"justify\">Teresa del Ni\u00f1o Jes\u00fas.<\/p>\n","protected":false},"excerpt":{"rendered":"<p>Por: Catholic Link Escribir cartas siempre me ha parecido una costumbre muy linda que no deber\u00edamos perder. Recuerdo que cuando era peque\u00f1a me llegaban cartas de mis abuelos o mis t\u00edos en mi cumplea\u00f1os o postales cuando estaban de viaje. Era tan emocionante ver los sellos, el papel bonito que ol\u00eda bien, la dedicaci\u00f3n con &hellip; <a href=\"https:\/\/www.biblia.work\/sermones\/como-son-las-cartas-de-los-santos-a-sus-amigos-imperdonable-no-leer\/\" class=\"more-link\">Continuar leyendo<span class=\"screen-reader-text\"> \u00ab\u00bfC\u00f3mo son las cartas de los santos a sus amigos? (imperdonable no&nbsp;leer)\u00bb<\/span><\/a><\/p>\n","protected":false},"author":1,"featured_media":0,"comment_status":"open","ping_status":"closed","sticky":false,"template":"","format":"standard","meta":{"footnotes":""},"categories":[1],"tags":[],"class_list":["post-33979","post","type-post","status-publish","format-standard","hentry","category-general"],"_links":{"self":[{"href":"https:\/\/www.biblia.work\/sermones\/wp-json\/wp\/v2\/posts\/33979","targetHints":{"allow":["GET"]}}],"collection":[{"href":"https:\/\/www.biblia.work\/sermones\/wp-json\/wp\/v2\/posts"}],"about":[{"href":"https:\/\/www.biblia.work\/sermones\/wp-json\/wp\/v2\/types\/post"}],"author":[{"embeddable":true,"href":"https:\/\/www.biblia.work\/sermones\/wp-json\/wp\/v2\/users\/1"}],"replies":[{"embeddable":true,"href":"https:\/\/www.biblia.work\/sermones\/wp-json\/wp\/v2\/comments?post=33979"}],"version-history":[{"count":0,"href":"https:\/\/www.biblia.work\/sermones\/wp-json\/wp\/v2\/posts\/33979\/revisions"}],"wp:attachment":[{"href":"https:\/\/www.biblia.work\/sermones\/wp-json\/wp\/v2\/media?parent=33979"}],"wp:term":[{"taxonomy":"category","embeddable":true,"href":"https:\/\/www.biblia.work\/sermones\/wp-json\/wp\/v2\/categories?post=33979"},{"taxonomy":"post_tag","embeddable":true,"href":"https:\/\/www.biblia.work\/sermones\/wp-json\/wp\/v2\/tags?post=33979"}],"curies":[{"name":"wp","href":"https:\/\/api.w.org\/{rel}","templated":true}]}}