{"id":33981,"date":"2016-06-13T18:10:44","date_gmt":"2016-06-13T23:10:44","guid":{"rendered":"http:\/\/www.biblia.work\/sermones\/es-bello-ser-hijo-de-padres-santos\/"},"modified":"2016-06-13T18:10:44","modified_gmt":"2016-06-13T23:10:44","slug":"es-bello-ser-hijo-de-padres-santos","status":"publish","type":"post","link":"https:\/\/www.biblia.work\/sermones\/es-bello-ser-hijo-de-padres-santos\/","title":{"rendered":"Es bello ser hijo de padres&nbsp;santos"},"content":{"rendered":"<p><b>Por: La Nuova Bussola<\/b><\/p>\n<p align=\"justify\">Comenzado el s\u00ednodo sobre la familia, invito a los amigos lectores a rezar por esta importante celebraci\u00f3n de la Iglesia cat\u00f3lica. Deseo solo contar mi experiencia de haber nacido de padres santos (el juicio pertenece naturalmente a la Iglesia), que ha hecho mi vida y la de mis hermanos serena y tambi\u00e9n alegre.<\/p>\n<p align=\"justify\">En nosotros, ni\u00f1os, <strong>la fe entr\u00f3 naturalmente como la lengua<\/strong> italiana. Rosetta y Giovanni eran verdaderamente creyentes e imitadores de Jesucristo. Uno de los recuerdos m\u00e1s bellos que tengo de ellos es cuando, despu\u00e9s de cenar (se come a las 12 y se cena a las 19, como muchos en Tronzano en aquella \u00e9poca), <strong>rez\u00e1bamos juntos el Rosario sentados alrededor de la mesa de la cocina.<\/strong><\/p>\n<p align=\"justify\">Pap\u00e1 y mam\u00e1 nos ayudaban a rezar el Avemar\u00eda, a unir las manos. Y poco despu\u00e9s nos llevaban a dormir. En el cuarto matrimonial hab\u00eda un bello cuadro de Mar\u00eda con el peque\u00f1o Jes\u00fas en brazos, <strong>nos arrodill\u00e1bamos todos ante el cuadro y rez\u00e1bamos juntos la oraci\u00f3n de la noche.<\/strong><\/p>\n<p align=\"justify\">Rosetta y Giovanni <strong>se casaron por amor, quer\u00edan doce hijos,<\/strong> (\u00a1uno m\u00e1s que la abuela Anna!), aunque <strong>viv\u00edan en una situaci\u00f3n econ\u00f3mica precaria. \u00a1Se fiaban de la Providencia de Dios!<\/strong><\/p>\n<p align=\"justify\">Eran \u201cesposos para siempre\u201d. Giovanni perdi\u00f3 a Rosetta a los 34 a\u00f1os (ella ten\u00eda 32) y le fue fiel, aunque en Tronzano era un personaje muy querido como presidente de la Acci\u00f3n Cat\u00f3lica de los j\u00f3venes y tuvo muchas ocasiones de volver a casarse. Pero \u00e9l dec\u00eda: \u201c<strong>Quise tanto a Rosetta que no podr\u00eda querer tanto a otra mujer<\/strong>\u201d.<\/p>\n<p align=\"justify\">El 26 de octubre de 1934, mam\u00e1 Rosetta muere de pulmon\u00eda y de parto con dos gemelos de siete meses (que murieron tambi\u00e9n con ella). Pap\u00e1 Giovanni y nosotros, los tres ni\u00f1os, nos unimos a la familia de la abuela Anna y de la t\u00eda Adelaida, la hermana mayor de pap\u00e1 y directora did\u00e1ctica de las escuelas de Tronzano.<\/p>\n<p align=\"justify\">Pap\u00e1 era top\u00f3grafo y durante el d\u00eda trabajaba mucho visitando las granjas y los pueblos cercanos con la bici, pero durante el d\u00eda <strong>nos despertaba a las cinco de la ma\u00f1ana para llevarnos a la primera misa<\/strong> de la parroquia que se celebraba a las seis.<\/p>\n<p align=\"justify\">Recuerdo que pap\u00e1 estaba en el coro tras el altar y yo ayudaba en la misa y <strong>me encargaba, si \u00e9l no ven\u00eda cuando el sacerdote distribu\u00eda la comuni\u00f3n, de ir hacia \u00e9l para avisarle de que viniera y a veces \u00a1lo encontraba dormido!<\/strong><\/p>\n<p align=\"justify\">Querido papa, trabajabas todo el d\u00eda y por la noche estabas despierto hasta las diez o las once de la noche para hacer las cuentas y dise\u00f1ar tus trabajos. Pero por la ma\u00f1ana pon\u00edas el despertador a las cinco para no perderte la misa. <strong>Son estos lo ejemplos que permanecen en nuestra memoria de hijos y nos educan todav\u00eda en la fe y la vida cristiana.<\/strong><\/p>\n<p align=\"justify\"><strong>Nuestros padres se abr\u00edan al pr\u00f3jimo.<\/strong> <strong>Mam\u00e1, maestra de primaria, de jovencita se dedicaba gratuitamente a los ni\u00f1os en la guarder\u00eda y en la escuela primaria y por la tarde daba clase a los adultos analfabetos.<\/strong><\/p>\n<p align=\"justify\">Nos ense\u00f1aba a nosotros a repartir la mitad los regalos\u00a0del Ni\u00f1o Jes\u00fas con los ni\u00f1os que viv\u00edan cerca de nosotros y que no ten\u00edan familias econ\u00f3micamente bien situadas como el padre y las hermanas de mam\u00e1 Rosetta. <strong>Nuestra casa estaba abierta a los pobres y a veces se les invitaba a comer.<\/strong><\/p>\n<p align=\"justify\">A pap\u00e1 lo llamaban \u201cel pacificador\u201d porque <strong>cuando hab\u00eda familias que peleaban lo llamaban para que mediase<\/strong>. Sab\u00eda hablar de paz y de perd\u00f3n y era convincente. No ten\u00eda ning\u00fan encargo oficial, pero restablec\u00eda la comuni\u00f3n a familias divididas haci\u00e9ndoles rezar juntas y resolviendo sus problemas de herencias de casas y terrenos.<\/p>\n<p align=\"justify\">Lo llamaban tambi\u00e9n \u201cel top\u00f3grafo de los pobres\u201d porque <strong>trabajaba gratis o por poco dinero para los pobres y para el Asilo de las Hermanitas.<\/strong><\/p>\n<p align=\"justify\">Mam\u00e1 Roseta y pap\u00e1 Juan <strong>nos transmitieron una gran confianza en Dios<\/strong>, en su amor y su Providencia. Recuerdo bien que pap\u00e1 nos dec\u00eda a menudo: \u201cDeb\u00e9is quereros mucho y estar siempre de acuerdo\u201d. Expresiones que repet\u00edan constantemente: \u201cLo m\u00e1s importante es hacer la Voluntad de Dios\u201d (mam\u00e1 Rosetta). \u201cEstamos siempre en las manos de Dios\u201d (Giovanni).<\/p>\n<p align=\"justify\">En su lecho de muerte, el marido le dec\u00eda: \u201cSi te curas lo haremos de otra manera porque todos estos hijos te han debilitado\u201d, Rosetta le respond\u00eda: \u201cGiovanni, <strong>haremos siempre la voluntad de Dios<\/strong>\u201d.<\/p>\n<p align=\"justify\">Ciertamente pap\u00e1 sufri\u00f3 mucho la muerte prematura de mama (su matrimonio dur\u00f3 solo seis a\u00f1os, de 1928-1934), pero <strong>ten\u00eda un car\u00e1cter que educaba sin hablar. <\/strong><\/p>\n<p align=\"justify\"><strong>Estaba siempre tranquilo, alegre, abierto a los dem\u00e1s, sab\u00eda jugar con nosotros despu\u00e9s de cenar, concluido el rezo del Rosario, nos preguntaba siempre, uno por uno, c\u00f3mo hab\u00eda ido el d\u00eda:<\/strong> la escuela, el oratorio, los amigos\u2026<\/p>\n<p align=\"justify\">En las cartas escritas desde la URSS, nunca parec\u00eda triste o desanimado, solo lleno de esperanza por volver a casa, en esas situaciones tan tr\u00e1gicas, a 20 o 30 bajo cero y las bombas enemigas. Pero \u00e9l dec\u00eda que era un fr\u00edo seco que se soportaba bien.<\/p>\n<p align=\"justify\">No quiso ir a la guerra por su condici\u00f3n de viudo y padre de tres hijos menores, pero lo mandaron a primera l\u00ednea en Rusia, porque nunca se inscribi\u00f3 al Partido Fascista, no participaba en las manifestaciones patri\u00f3ticas y ayudaba a los perseguidos por el r\u00e9gimen encontr\u00e1ndoles trabajo.<\/p>\n<p align=\"justify\"><strong>Termin\u00f3 su vida con un gesto que recuerda al de san Maximiliano Kolbe en Auschwitz: se qued\u00f3 con los heridos que no pod\u00edan ser trasladados, mandando a casa a su subteniente m\u00e1s joven.<\/strong> Ofrece su vida por \u00e9l, que despu\u00e9s se convirti\u00f3 en el alcalde democristiano de Vercelli dos veces.<\/p>\n<p align=\"justify\">Rosetta y Giovanni demuestran que se puede vivir el Evangelio en una vida como la de los dem\u00e1s, pero vivida de una forma extraordinaria. Todos los que creen en Cristo est\u00e1n llamados a la santidad, es decir a la imitaci\u00f3n de Cristo en la vida normal cotidiana. \u201cEsta es la voluntad de Dios, vuestra santificaci\u00f3n\u201d, escrib\u00eda San Pablo a los Tesalonicenses (1Ts 4,3).<\/p>\n<p align=\"justify\">No quiero resumir la biograf\u00eda de pap\u00e1 y mam\u00e1 en estas dos p\u00e1ginas pero pap\u00e1, que vivi\u00f3 con nosotros en Tronzano hasta 1940 cuando se fue a la guerra, nos dio ejemplos de mortificaci\u00f3n porque dec\u00eda: \u201c<strong>es necesario mortificarse en las cosas l\u00edcitas para poder resistir en las il\u00edcitas\u201d.<\/strong><\/p>\n<p align=\"justify\">No fumaba, no beb\u00eda vino (salvo en alg\u00fan brindis en las comidas), no jugaba a la loter\u00eda ni a los juegos de azar (tan comunes en esa \u00e9poca) y nos recordaba las virtudes y mortificaciones (florecillas) de mam\u00e1 Rosetta.<\/p>\n<p align=\"justify\">El arzobispo de Vercelli, Enrico Masseroni, comunic\u00e1ndome su decisi\u00f3n de comenzar la causa de canonizaci\u00f3n (el 18 de febrero de 2006 en Tronzano) me dijo (texto registrado): \u201cLa causa de beatificaci\u00f3n de tus padres me interesa mucho y la pongo en las manos de Dios. Yo mismo tuve un pap\u00e1 extraordinario y considero que el tuyo es ejemplar, porque representa el tipo de hombre de la Acci\u00f3n Cat\u00f3lica. Tambi\u00e9n mi padre fue a la guerra. Y me gusta que las figuras de tus padres sean puestas como modelo en un tiempo como el nuestro donde nos faltan modelos, un tiempo de \u201c\u00e1urea mediocridad\u201d. Tambi\u00e9n soy de la opini\u00f3n de que la llamada de todos a la santidad debe ser documentada con ejemplos concretos. Recordamos y honramos a tus padres para recordar tambi\u00e9n a muchos otros\u201d.<\/p>\n<p align=\"justify\">Doy gracias al Se\u00f1or de ser el hijo primog\u00e9nito de Rosetta Franzi y Giovanni Gheddo y recomiendo a todos los amigos lectores que recen por esta causa de beatificaci\u00f3n, que la Iglesia cree \u00fatil como ejemplo del Evangelio vivido por una pareja normal de esposos.<\/p>\n<p align=\"justify\">&nbsp;<\/p>\n<p align=\"justify\"><em>Por Piero Gheddo<\/em><\/p>\n<p align=\"justify\"><em><a target=\"_blank\" href=\"http:\/\/www.lanuovabq.it\/it\/articoli-e-bello-essere-figli-di-santi-genitori-14049.htm\"><strong>Art\u00edculo<\/strong><\/a> publicado originalmente por La Nuova Bussola Quotidiana<\/em><\/p>\n","protected":false},"excerpt":{"rendered":"<p>Por: La Nuova Bussola Comenzado el s\u00ednodo sobre la familia, invito a los amigos lectores a rezar por esta importante celebraci\u00f3n de la Iglesia cat\u00f3lica. Deseo solo contar mi experiencia de haber nacido de padres santos (el juicio pertenece naturalmente a la Iglesia), que ha hecho mi vida y la de mis hermanos serena y &hellip; <a href=\"https:\/\/www.biblia.work\/sermones\/es-bello-ser-hijo-de-padres-santos\/\" class=\"more-link\">Continuar leyendo<span class=\"screen-reader-text\"> \u00abEs bello ser hijo de padres&nbsp;santos\u00bb<\/span><\/a><\/p>\n","protected":false},"author":1,"featured_media":0,"comment_status":"open","ping_status":"closed","sticky":false,"template":"","format":"standard","meta":{"footnotes":""},"categories":[1],"tags":[],"class_list":["post-33981","post","type-post","status-publish","format-standard","hentry","category-general"],"_links":{"self":[{"href":"https:\/\/www.biblia.work\/sermones\/wp-json\/wp\/v2\/posts\/33981","targetHints":{"allow":["GET"]}}],"collection":[{"href":"https:\/\/www.biblia.work\/sermones\/wp-json\/wp\/v2\/posts"}],"about":[{"href":"https:\/\/www.biblia.work\/sermones\/wp-json\/wp\/v2\/types\/post"}],"author":[{"embeddable":true,"href":"https:\/\/www.biblia.work\/sermones\/wp-json\/wp\/v2\/users\/1"}],"replies":[{"embeddable":true,"href":"https:\/\/www.biblia.work\/sermones\/wp-json\/wp\/v2\/comments?post=33981"}],"version-history":[{"count":0,"href":"https:\/\/www.biblia.work\/sermones\/wp-json\/wp\/v2\/posts\/33981\/revisions"}],"wp:attachment":[{"href":"https:\/\/www.biblia.work\/sermones\/wp-json\/wp\/v2\/media?parent=33981"}],"wp:term":[{"taxonomy":"category","embeddable":true,"href":"https:\/\/www.biblia.work\/sermones\/wp-json\/wp\/v2\/categories?post=33981"},{"taxonomy":"post_tag","embeddable":true,"href":"https:\/\/www.biblia.work\/sermones\/wp-json\/wp\/v2\/tags?post=33981"}],"curies":[{"name":"wp","href":"https:\/\/api.w.org\/{rel}","templated":true}]}}