{"id":34020,"date":"2016-06-13T18:12:12","date_gmt":"2016-06-13T23:12:12","guid":{"rendered":"http:\/\/www.biblia.work\/sermones\/tus-palabras-matan-o-dan-vida\/"},"modified":"2016-06-13T18:12:12","modified_gmt":"2016-06-13T23:12:12","slug":"tus-palabras-matan-o-dan-vida","status":"publish","type":"post","link":"https:\/\/www.biblia.work\/sermones\/tus-palabras-matan-o-dan-vida\/","title":{"rendered":"\u00bfTus palabras &#8220;matan&#8221; o dan&nbsp;vida?"},"content":{"rendered":"<p><b>Por: Carlos Padilla Esteban<\/b><\/p>\n<p align=\"justify\">Mi conducta, mis palabras, mis incoherencias, mis pecados, pueden da\u00f1ar la inocencia de aquellos que me miran.\u00a0No escandalicemos a nadie con nuestras palabras o con nuestras acciones. Que mi conducta no sea causa de esc\u00e1ndalo para otros. Creo que el esc\u00e1ndalo es el peor da\u00f1o que podemos causar a otros.<\/p>\n<p align=\"justify\">El esc\u00e1ndalo viene provocado por nuestra incoherencia de vida, por nuestro pecado. Muchas veces <strong>escandalizamos con nuestras palabras cuando juzgamos, criticamos, condenamos<\/strong>.<\/p>\n<p align=\"justify\">Creo que <strong>somos motivo de esc\u00e1ndalo cuando nuestros juicios carecen de caridad. \u00a1Qu\u00e9 importante cuidar siempre lo que decimos y a qui\u00e9n se lo decimos!<\/strong><\/p>\n<p align=\"justify\">No tenemos que decirlo todo. No tenemos que opinar sobre todo. <strong>A veces lo hacemos para quedar nosotros por encima, para hacer ver nuestra bondad, nuestra belleza, resaltando la maldad y la fealdad de los otros<\/strong>.<\/p>\n<p align=\"justify\">Escrib\u00eda san Juan XXIII: \u201c<em>S\u00f3lo por hoy no criticar\u00e9 a nadie y no pretender\u00e9 mejorar o disciplinar a nadie, sino a m\u00ed mismo<\/em>\u201d.<\/p>\n<p align=\"justify\">La cr\u00edtica, la difamaci\u00f3n, los comentarios llenos de maldad, da\u00f1an al que lo escucha y al que es ofendido. \u00bfC\u00f3mo son mis palabras y mis juicios? \u00bfEscandalizo cuando hablo?<\/p>\n<p align=\"justify\"><strong>Hay personas a las que les gusta provocar.<\/strong> Tratan de atacar principios sagrados para otras personas. Hieren con sus palabras. \u00bfNo lo hacemos a veces nosotros mismos?<\/p>\n<p align=\"justify\">Nuestra lengua puede ser fuente de esc\u00e1ndalo. \u00a1Qu\u00e9 dif\u00edcil callarse tantas veces! \u00a1Qu\u00e9 f\u00e1cil hablar m\u00e1s de la cuenta sobre los otros! <strong>Mi lengua puede envenenar los corazones que escuchan. En lugar de edificar destruye.<\/strong> En lugar de levantar derriba.<\/p>\n<p align=\"justify\">Mis palabras pueden ser hirientes. Mis palabras pueden provocar desconcierto. <strong>Si lo que estoy pensando no edifica tal vez deber\u00eda callarme<\/strong>. Mi silencio es sagrado. Mis palabras muchas veces no son sagradas.<\/p>\n<p align=\"justify\">Comentaba el Papa Francisco a prop\u00f3sito del cansancio: \u201c<em>El demonio y sus secuaces no duermen y, como sus o\u00eddos no soportan la Palabra, trabajan incansablemente para acallarla o tergiversarla. No s\u00f3lo se trata de hacer el bien, con toda la fatiga que conlleva, sino que hay que defender al reba\u00f1o y defenderse uno mismo contra el mal<\/em>\u201d.<\/p>\n<p align=\"justify\"><strong>El mal de las palabras que enga\u00f1an, de mis palabras que da\u00f1an, de mis palabras que confunden<\/strong>.<\/p>\n<p align=\"justify\">\u00a1Cu\u00e1nto bien hacen las palabras que construyen! <strong>\u00a1Cu\u00e1nto bien hago al hablar bien de otros! <\/strong><\/p>\n<p align=\"justify\">Me gusta pensar en c\u00f3mo hablaba Jes\u00fas. Nunca hablaba mal de nadie. Lo que dice lo dice sin adornos. Pero sus palabras est\u00e1n llenas de luz, tienen vida eterna: \u201c<em>Su palabra se hace poes\u00eda. Invita a la gente a mirar la vida de manera nueva<\/em>\u201d<a href=\"#_ftn1\" name=\"_ftnref1\">[1]<\/a>.<\/p>\n<p align=\"justify\">Sus palabras construyen, crean, cambian la vida de los que escuchan. \u00bfY mis palabras? A veces son destructivas y envenenan. \u00a1Cu\u00e1nto tenemos que cuidar lo que decimos!<\/p>\n<p align=\"justify\">&nbsp;<\/p>\n<p align=\"justify\"><a href=\"#_ftnref1\" name=\"_ftn1\">[1]<\/a> Jos\u00e9 Antonio Pagola, <em>Jes\u00fas, aproximaci\u00f3n hist\u00f3rica<\/em><\/p>\n","protected":false},"excerpt":{"rendered":"<p>Por: Carlos Padilla Esteban Mi conducta, mis palabras, mis incoherencias, mis pecados, pueden da\u00f1ar la inocencia de aquellos que me miran.\u00a0No escandalicemos a nadie con nuestras palabras o con nuestras acciones. Que mi conducta no sea causa de esc\u00e1ndalo para otros. Creo que el esc\u00e1ndalo es el peor da\u00f1o que podemos causar a otros. El &hellip; <a href=\"https:\/\/www.biblia.work\/sermones\/tus-palabras-matan-o-dan-vida\/\" class=\"more-link\">Continuar leyendo<span class=\"screen-reader-text\"> \u00ab\u00bfTus palabras &#8220;matan&#8221; o dan&nbsp;vida?\u00bb<\/span><\/a><\/p>\n","protected":false},"author":1,"featured_media":0,"comment_status":"open","ping_status":"closed","sticky":false,"template":"","format":"standard","meta":{"footnotes":""},"categories":[1],"tags":[],"class_list":["post-34020","post","type-post","status-publish","format-standard","hentry","category-general"],"_links":{"self":[{"href":"https:\/\/www.biblia.work\/sermones\/wp-json\/wp\/v2\/posts\/34020","targetHints":{"allow":["GET"]}}],"collection":[{"href":"https:\/\/www.biblia.work\/sermones\/wp-json\/wp\/v2\/posts"}],"about":[{"href":"https:\/\/www.biblia.work\/sermones\/wp-json\/wp\/v2\/types\/post"}],"author":[{"embeddable":true,"href":"https:\/\/www.biblia.work\/sermones\/wp-json\/wp\/v2\/users\/1"}],"replies":[{"embeddable":true,"href":"https:\/\/www.biblia.work\/sermones\/wp-json\/wp\/v2\/comments?post=34020"}],"version-history":[{"count":0,"href":"https:\/\/www.biblia.work\/sermones\/wp-json\/wp\/v2\/posts\/34020\/revisions"}],"wp:attachment":[{"href":"https:\/\/www.biblia.work\/sermones\/wp-json\/wp\/v2\/media?parent=34020"}],"wp:term":[{"taxonomy":"category","embeddable":true,"href":"https:\/\/www.biblia.work\/sermones\/wp-json\/wp\/v2\/categories?post=34020"},{"taxonomy":"post_tag","embeddable":true,"href":"https:\/\/www.biblia.work\/sermones\/wp-json\/wp\/v2\/tags?post=34020"}],"curies":[{"name":"wp","href":"https:\/\/api.w.org\/{rel}","templated":true}]}}