{"id":34178,"date":"2016-06-13T18:18:05","date_gmt":"2016-06-13T23:18:05","guid":{"rendered":"http:\/\/www.biblia.work\/sermones\/viernes-santo-cristo-sangra-aun-con-la-muerte-de-los-21-cristianos-coptos-por-el-isis\/"},"modified":"2016-06-13T18:18:05","modified_gmt":"2016-06-13T23:18:05","slug":"viernes-santo-cristo-sangra-aun-con-la-muerte-de-los-21-cristianos-coptos-por-el-isis","status":"publish","type":"post","link":"https:\/\/www.biblia.work\/sermones\/viernes-santo-cristo-sangra-aun-con-la-muerte-de-los-21-cristianos-coptos-por-el-isis\/","title":{"rendered":"Viernes Santo: Cristo sangra a\u00fan con la muerte de los 21 cristianos c\u00f3ptos por el&nbsp;ISIS"},"content":{"rendered":"<p><b>Por: Ary Waldir Ramos D\u00edaz\/Aleteia Team<\/b><\/p>\n<p align=\"justify\"> El Papa Francisco ha presidido este <strong>Viernes Santo, 03 de abril,<\/strong> en la Bas&iacute;lica Vaticana la celebraci&oacute;n de la <strong>Pasi&oacute;n del Se&ntilde;or<\/strong>, cuando la Iglesia recuerda la muerte en la Cruz del hijo de Dios.&nbsp;<\/p>\n<blockquote class=\"twitter-tweet\" lang=\"es\">\n<p align=\"justify\">Empiezan los oficios de <a target=\"_blank\" href=\"https:\/\/twitter.com\/hashtag\/ViernesSanto?src=hash\">#ViernesSanto<\/a> con el <a target=\"_blank\" href=\"https:\/\/twitter.com\/hashtag\/PapaFrancisco?src=hash\">#PapaFrancisco<\/a>, no te pierdas la transmisi&oacute;n <a target=\"_blank\" href=\"http:\/\/t.co\/pbvCbKLafd\">http:\/\/t.co\/pbvCbKLafd<\/a> <a target=\"_blank\" href=\"http:\/\/t.co\/afMwZORb7u\">pic.twitter.com\/afMwZORb7u<\/a><\/p>\n<p align=\"justify\"> \u2014 Aleteia (@AleteiaES)<br \/>\n <a target=\"_blank\" href=\"https:\/\/twitter.com\/AleteiaES\/status\/584007578339958784\">abril 3, 2015<\/a>\n<\/p>\n<\/blockquote>\n<p align=\"justify\"> \u201c<strong>Los verdaderos m&aacute;rtires de Cristo no mueren con los pu&ntilde;os cerrados, sino con las manos unidas<\/strong>\u201d, dijo el predicador de la Casa Pontificia, padre Raniero Cantalamessa, durante la homil&iacute;a encomendada por el Pont&iacute;fice<br \/> &nbsp;<br \/> El predicador del Papa ha comentando conmovido la Pasi&oacute;n, diciendo que <strong>Jes&uacute;s perdon&oacute; a sus carn&iacute;fices y sigue sangrando en las heridas de todos los inocentes del mundo<\/strong>; hombres y mujeres, especialmente ni&ntilde;os.<br \/> &nbsp;<br \/> \u201cEs Dios quien a los 21 cristianos c&oacute;ptos asesinados por el ISIS en Libia el 22 de febrero pasado, les ha dado la fuerza de morir bajo los golpes, <strong>murmurando el nombre de Jes&uacute;s\u201d, record&oacute; <\/strong>teniendo como referencia el&nbsp;<strong>proceso de Jes&uacute;s frente a Pilato. &nbsp;<\/strong><\/p>\n<p align=\"justify\"> \u201c<a target=\"_blank\" href=\"http:\/\/aleteia-imported-es.vip.hmn.md\/2015\/02\/16\/dolor-del-papa-francisco-por-los-coptos-asesinados-por-el-isis\/\">Dec&iacute;an solamente: \u2018Jes&uacute;s, ay&uacute;dame\u2019. Fueron asesinados por el solo hecho de ser cristianos<\/a>&quot;,&nbsp;dijo el Papa al d&iacute;a siguiente de la masacre hecha por los yihadistas del autoproclamado Estado Isl&aacute;mico. &quot;La sangre de nuestros hermanos cristianos es un testimonio que grita\u201d, lament&oacute;.&nbsp;<\/p>\n<p align=\"justify\"><a target=\"_blank\" href=\"http:\/\/aleteia-imported-es.vip.hmn.md\/2015\/02\/18\/quienes-son-los-cristianos-coptos-y-por-que-21-de-ellos-fueron-degollados-cobardemente\/\"><strong>Leer tambi&eacute;n:&nbsp;&iquest;Qui&eacute;nes son los cristianos coptos y por qu&eacute; 21 de ellos fueron degollados cobardemente?<\/strong><\/a><\/p>\n<p align=\"justify\"> Mientras ayer, 147 j&oacute;venes cristianos han sido decapitados y martirizados en Kenia por fundamentalistas, al mismo tiempo que el Papa Francisco ha condenado tanta barbarie este 02 de abril a trav&eacute;s de un mensaje de cercan&iacute;a y p&eacute;same para las familias de las v&iacute;ctimas. (Los 21 m&aacute;rtires coptos, abajo en el cuadro del joven pintor egipcio Wael Mories).&nbsp;<\/p>\n<blockquote class=\"twitter-tweet\" lang=\"es\">\n<p align=\"justify\">Martirio de cristianos en Oriente y ceguera voluntaria en Occidente <a target=\"_blank\" href=\"http:\/\/t.co\/mwOTeBE1ZE\">http:\/\/t.co\/mwOTeBE1ZE<\/a> <a target=\"_blank\" href=\"http:\/\/t.co\/4s1Uut7JRG\">pic.twitter.com\/4s1Uut7JRG<\/a><\/p>\n<p align=\"justify\"> \u2014 Aleteia (@AleteiaES)<br \/>\n <a target=\"_blank\" href=\"https:\/\/twitter.com\/AleteiaES\/status\/568751881230675968\">febrero 20, 2015<\/a>\n<\/p>\n<\/blockquote>\n<p align=\"justify\"><strong>&iexcl;Aqu&iacute; hoy, el Cristo sangrante! <\/strong><br \/> &nbsp;<br \/> \u201cCristo agoniza hasta el final del mundo: no hay que dormir durante este tiempo\u201d, dijo padre Cantalamessa, citando al fil&oacute;sofo Blaise Pascal.<br \/> &nbsp;<br \/> \u201c<strong>Jes&uacute;s agoniza hasta el final del mundo en cada hombre y mujer sometido a sus mismos tormentos<\/strong>. \u2018&iexcl;Lo hab&eacute;is hecho a m&iacute;!\u2019 (Mt, 25, 40): esta palabra suya, no la ha dicho solo por los que creen en &Eacute;l; la ha <strong>dicho por cada hombre y mujer hambriento, desnudo, maltratado, encarcelado<\/strong>\u201d, rememora el predicador de la Casa pont&iacute;ficia.<br \/> &nbsp;<br \/> As&iacute; ha pedido de no \u2018pensar en categor&iacute;as\u2019 del dolor.&nbsp;<strong> \u201cPensamos m&aacute;s bien en el sufrimiento de los individuos<\/strong>, en las personas con un nombre y una identidad precisa\u201d, constat&oacute;.<\/p>\n<blockquote class=\"twitter-tweet\" lang=\"es\">\n<p align=\"justify\">Los mataron s&oacute;lo por ser cristianos, dolor <a target=\"_blank\" href=\"https:\/\/twitter.com\/hashtag\/PapaFrancisco?src=hash\">#PapaFrancisco<\/a> por coptos asesinados <a target=\"_blank\" href=\"http:\/\/t.co\/tV9BOpTYxu\">http:\/\/t.co\/tV9BOpTYxu<\/a> <a target=\"_blank\" href=\"http:\/\/t.co\/l0JmltJNF0\">pic.twitter.com\/l0JmltJNF0<\/a><\/p>\n<p align=\"justify\"> \u2014 Aleteia (@AleteiaES)<br \/>\n <a target=\"_blank\" href=\"https:\/\/twitter.com\/AleteiaES\/status\/567294201386512384\">febrero 16, 2015<\/a>\n<\/p>\n<\/blockquote>\n<p align=\"justify\"> &nbsp;<strong>Los perseguidos, pisoteados y desterrados por su fe <\/strong><br \/> &nbsp;<br \/> En la homil&iacute;a emerge la imagen actual de los cristianos perseguidos y el dolor de las minor&iacute;as &eacute;tnicas y religiosas; maltratadas, desplazadas, exterminadas en varios pa&iacute;ses: Siria, Irak, Nigeria, Kenia y en varias regiones: Oriente Medio y &Aacute;frica.<br \/> &nbsp;<br \/> \u201c&iexcl;<strong>Cu&aacute;ntos \u201cEcce homo\u201d en el mundo! &iexcl;Dios m&iacute;o, cu&aacute;ntos \u201cEcce homo<\/strong>\u201d! \u2013 continu&oacute; el predicador &#8211; Cu&aacute;ntos prisioneros que se encuentran en las mismas condiciones de Jes&uacute;s en el pretorio de Pilato: solos, esposados, torturados, a merced de militares &aacute;speros y llenos de odios, que se abandonan a todo tipo de crueldad f&iacute;sica y psicol&oacute;gica, divirti&eacute;ndose al ver sufrir. \u201c&iexcl;No hay que dormir, no hay que dejarles solos!\u201d.<br \/> &nbsp;<br \/><strong>La comunidad internacional se lava las manos como Pilatos<\/strong><br \/> En la homil&iacute;a \u2013 Cantalamessa explica que la exclamaci&oacute;n \u201c&iexcl;Ecce homo!\u201d no se aplica solo a las v&iacute;ctimas, sino tambi&eacute;n a los verdugos.&nbsp;Entretanto, denunci&oacute; la \u201c<\/p>\n","protected":false},"excerpt":{"rendered":"<p>Por: Ary Waldir Ramos D\u00edaz\/Aleteia Team El Papa Francisco ha presidido este Viernes Santo, 03 de abril, en la Bas&iacute;lica Vaticana la celebraci&oacute;n de la Pasi&oacute;n del Se&ntilde;or, cuando la Iglesia recuerda la muerte en la Cruz del hijo de Dios.&nbsp; Empiezan los oficios de #ViernesSanto con el #PapaFrancisco, no te pierdas la transmisi&oacute;n http:\/\/t.co\/pbvCbKLafd &hellip; <a href=\"https:\/\/www.biblia.work\/sermones\/viernes-santo-cristo-sangra-aun-con-la-muerte-de-los-21-cristianos-coptos-por-el-isis\/\" class=\"more-link\">Continuar leyendo<span class=\"screen-reader-text\"> \u00abViernes Santo: Cristo sangra a\u00fan con la muerte de los 21 cristianos c\u00f3ptos por el&nbsp;ISIS\u00bb<\/span><\/a><\/p>\n","protected":false},"author":1,"featured_media":0,"comment_status":"open","ping_status":"closed","sticky":false,"template":"","format":"standard","meta":{"footnotes":""},"categories":[1],"tags":[],"class_list":["post-34178","post","type-post","status-publish","format-standard","hentry","category-general"],"_links":{"self":[{"href":"https:\/\/www.biblia.work\/sermones\/wp-json\/wp\/v2\/posts\/34178","targetHints":{"allow":["GET"]}}],"collection":[{"href":"https:\/\/www.biblia.work\/sermones\/wp-json\/wp\/v2\/posts"}],"about":[{"href":"https:\/\/www.biblia.work\/sermones\/wp-json\/wp\/v2\/types\/post"}],"author":[{"embeddable":true,"href":"https:\/\/www.biblia.work\/sermones\/wp-json\/wp\/v2\/users\/1"}],"replies":[{"embeddable":true,"href":"https:\/\/www.biblia.work\/sermones\/wp-json\/wp\/v2\/comments?post=34178"}],"version-history":[{"count":0,"href":"https:\/\/www.biblia.work\/sermones\/wp-json\/wp\/v2\/posts\/34178\/revisions"}],"wp:attachment":[{"href":"https:\/\/www.biblia.work\/sermones\/wp-json\/wp\/v2\/media?parent=34178"}],"wp:term":[{"taxonomy":"category","embeddable":true,"href":"https:\/\/www.biblia.work\/sermones\/wp-json\/wp\/v2\/categories?post=34178"},{"taxonomy":"post_tag","embeddable":true,"href":"https:\/\/www.biblia.work\/sermones\/wp-json\/wp\/v2\/tags?post=34178"}],"curies":[{"name":"wp","href":"https:\/\/api.w.org\/{rel}","templated":true}]}}