{"id":34186,"date":"2016-06-13T18:18:16","date_gmt":"2016-06-13T23:18:16","guid":{"rendered":"http:\/\/www.biblia.work\/sermones\/de-toda-la-pasion-cual-fue-el-momento-que-mas-sufrio-jesus\/"},"modified":"2016-06-13T18:18:16","modified_gmt":"2016-06-13T23:18:16","slug":"de-toda-la-pasion-cual-fue-el-momento-que-mas-sufrio-jesus","status":"publish","type":"post","link":"https:\/\/www.biblia.work\/sermones\/de-toda-la-pasion-cual-fue-el-momento-que-mas-sufrio-jesus\/","title":{"rendered":"De toda la Pasi\u00f3n, \u00bfcu\u00e1l fue el momento que m\u00e1s sufri\u00f3&nbsp;Jes\u00fas?"},"content":{"rendered":"<p><b>Por: Manuel Bru<\/b><\/p>\n<p align=\"justify\">De todo el relato de la pasi&oacute;n que nos traen los evangelios, podr&iacute;amos preguntarnos: &iquest;Cu&aacute;l fue el momento en el que m&aacute;s sufri&oacute; Jes&uacute;s?\u2026<\/p>\n<p align=\"justify\"> Esta pregunta la hizo, siendo muy joven, con 22 a&ntilde;os, la sierva de Dios Chiara Lubich durante la II Guerra Mundial en 1943. En los refugios durante los bombardeos le&iacute;an el Evangelio. Hab&iacute;an descubierto que Dios-Amor es el &uacute;nico ideal que ninguna bomba puede destruir. Despu&eacute;s sal&iacute;an a buscar en los escombros a los fallecidos y a atender a los heridos.<\/p>\n<p align=\"justify\"> Una de ellas cayo gravemente enferma de contagio por las condiciones higi&eacute;nicas de los heridos. Llamaron al sacerdote que tampoco daba abasto, y Chiara, antes de que pasara a administrar el sacramento de la unci&oacute;n a aquella joven, le hizo esta pregunta: &iquest;Cu&aacute;l fue el momento en el que m&aacute;s sufri&oacute; Jes&uacute;s en su pasi&oacute;n?<\/p>\n<p align=\"justify\"> Y el sacerdote contest&oacute;: Yo creo que fue en su grito en la cruz: \u201cEl&iacute;, El&iacute;, Lama sabactani\u201d, es decir, \u201cDios m&iacute;o, Dios m&iacute;o, &iquest;porque me has abandonado?\u201d.<\/p>\n<p align=\"justify\"> Entonces, Chiara tom&oacute; a sus compa&ntilde;eras de la mano alrededor de la cama de la joven enferma, y las propuso esposarse con \u201cJes&uacute;s Abandonado\u201d, elegirle y amarle para siempre en todos los sufrimientos, en los propios y en los de toda la humanidad.<\/p>\n<p align=\"justify\"> Dec&iacute;a San Juan Pablo II que la experiencia humana del abandono de Jes&uacute;s en la cruz, cuando grita \u201cDios m&iacute;o Dios m&iacute;o porque me has ab abandonado\u201d, responde a un dolor compartido por las tres personas de la Sant&iacute;sima Trinidad: \u201csufrida por Dios Padre, que la permite por amor a los hombres, y por el Esp&iacute;ritu, que calla para que Jes&uacute;s pueda culminar la obra redentora, adem&aacute;s de por Jes&uacute;s: es el desagarro de Dios por amor a los hombres\u201d.<\/p>\n<p align=\"justify\"> Si. Jes&uacute;s, al menos en un instante, sinti&oacute; el abandono del Padre. Y no pod&iacute;a haber sido de otra manera, porque, como explica San Ireneo, Jes&uacute;s no redimi&oacute; lo que no asumi&oacute;. Si ha redimido a todos los hombres de todas los dolores, las injusticias, los tormentos, los desprecios, y del mismo sentimiento del abandono de Dios, es qu&eacute; &Eacute;l en la cruz las ha hecho suyas, las ha sufrido en su propia carne y en su propia alma.<\/p>\n<p align=\"justify\"> Por eso a Jes&uacute;s Crucificado y Abandonado no debemos s&oacute;lo verlo reflejado en las im&aacute;genes que nos hacemos de &eacute;l. Debemos verlo antes de nada en m&iacute;, cuando me sienta abandonado; y en el otro, cuando se sienta abandonado. Y podemos y debemos reconocerle y decirle: \u201ceres tu\u201d: El rechazado, marginado, olvidado, s&oacute;lo. El calumniado, apestado, maltratado, enga&ntilde;ado, burlado. El desesperado, entristecido, angustiado, anulado. Y abrazarle dici&eacute;ndole: \u201cte quiero as&iacute;\u201d. Y dar el salto, y ponernos a amar, a hacer la voluntad de Dios, y decirle: \u201cact&uacute;a en m&iacute;\u201d.<\/p>\n<p align=\"justify\"> Y podemos incluso, con nuestra vida, \u201cdar testimonio en el mundo de que Jes&uacute;s Crucificado y Abandonado ha acompa&ntilde;ado toda soledad, a iluminado toda tiniebla, ha llenado todo vac&iacute;o, ha anulado todo dolor, ha borrado todo pecado\u201d.<br \/> &nbsp;<\/p>\n","protected":false},"excerpt":{"rendered":"<p>Por: Manuel Bru De todo el relato de la pasi&oacute;n que nos traen los evangelios, podr&iacute;amos preguntarnos: &iquest;Cu&aacute;l fue el momento en el que m&aacute;s sufri&oacute; Jes&uacute;s?\u2026 Esta pregunta la hizo, siendo muy joven, con 22 a&ntilde;os, la sierva de Dios Chiara Lubich durante la II Guerra Mundial en 1943. En los refugios durante los &hellip; <a href=\"https:\/\/www.biblia.work\/sermones\/de-toda-la-pasion-cual-fue-el-momento-que-mas-sufrio-jesus\/\" class=\"more-link\">Continuar leyendo<span class=\"screen-reader-text\"> \u00abDe toda la Pasi\u00f3n, \u00bfcu\u00e1l fue el momento que m\u00e1s sufri\u00f3&nbsp;Jes\u00fas?\u00bb<\/span><\/a><\/p>\n","protected":false},"author":1,"featured_media":0,"comment_status":"open","ping_status":"closed","sticky":false,"template":"","format":"standard","meta":{"footnotes":""},"categories":[1],"tags":[],"class_list":["post-34186","post","type-post","status-publish","format-standard","hentry","category-general"],"_links":{"self":[{"href":"https:\/\/www.biblia.work\/sermones\/wp-json\/wp\/v2\/posts\/34186","targetHints":{"allow":["GET"]}}],"collection":[{"href":"https:\/\/www.biblia.work\/sermones\/wp-json\/wp\/v2\/posts"}],"about":[{"href":"https:\/\/www.biblia.work\/sermones\/wp-json\/wp\/v2\/types\/post"}],"author":[{"embeddable":true,"href":"https:\/\/www.biblia.work\/sermones\/wp-json\/wp\/v2\/users\/1"}],"replies":[{"embeddable":true,"href":"https:\/\/www.biblia.work\/sermones\/wp-json\/wp\/v2\/comments?post=34186"}],"version-history":[{"count":0,"href":"https:\/\/www.biblia.work\/sermones\/wp-json\/wp\/v2\/posts\/34186\/revisions"}],"wp:attachment":[{"href":"https:\/\/www.biblia.work\/sermones\/wp-json\/wp\/v2\/media?parent=34186"}],"wp:term":[{"taxonomy":"category","embeddable":true,"href":"https:\/\/www.biblia.work\/sermones\/wp-json\/wp\/v2\/categories?post=34186"},{"taxonomy":"post_tag","embeddable":true,"href":"https:\/\/www.biblia.work\/sermones\/wp-json\/wp\/v2\/tags?post=34186"}],"curies":[{"name":"wp","href":"https:\/\/api.w.org\/{rel}","templated":true}]}}