{"id":34207,"date":"2016-06-13T18:18:54","date_gmt":"2016-06-13T23:18:54","guid":{"rendered":"http:\/\/www.biblia.work\/sermones\/via-crucis-con-los-ojos-de-jesus-para-custodiar-el-amor-hasta-la-muerte\/"},"modified":"2016-06-13T18:18:54","modified_gmt":"2016-06-13T23:18:54","slug":"via-crucis-con-los-ojos-de-jesus-para-custodiar-el-amor-hasta-la-muerte","status":"publish","type":"post","link":"https:\/\/www.biblia.work\/sermones\/via-crucis-con-los-ojos-de-jesus-para-custodiar-el-amor-hasta-la-muerte\/","title":{"rendered":"V\u00eda Crucis con los ojos de Jes\u00fas para custodiar el amor hasta la&nbsp;muerte"},"content":{"rendered":"<p><b>Por: Ary Waldir Ramos D\u00edaz\/Aleteia Team<\/b><\/p>\n<p align=\"justify\">El obispo em&eacute;rito de Novara<strong>,<\/strong> Renato Corti, elegido por el Papa Francisco para escribir las meditaciones del Viernes Santo, explic&oacute; a Radio Vaticano cu&aacute;l ser&aacute; el sentido de los textos. Cuenta que se inspir&oacute; en la primera homil&iacute;a del Papa Francisco y que la Pasi&oacute;n se vivir&aacute; a trav&eacute;s de los ojos de Jes&uacute;s.<br \/>\n&nbsp;<br \/>\n&ldquo;La palabra clave para todas las meditaciones es &ldquo;<strong>custodiar<\/strong>&rdquo;, dijo el predicador elegido por el Papa este 7 de marzo.<br \/>\n&nbsp;<br \/>\n&ldquo;Me acord&eacute;, en particular, de ese pasaje en el que el Papa apenas elegido dec&iacute;a que <strong>la cruz es el eje luminoso del amor de Dios que nos custodia<\/strong>. Por ello me parece que tambi&eacute;n nosotros somos llamados a ser custodios por amor al hombre&quot;, dijo monse&ntilde;or Corti, que tambi&eacute;n hab&iacute;a hecho las predicaciones al final del pontificado de Juan Pablo II.<br \/>\n&nbsp;<br \/>\n<strong>Con los ojos de Jes&uacute;s<\/strong><\/p>\n<p align=\"justify\">&ldquo;Ser&aacute; una V&iacute;a Crucis especial&rdquo;, indic&oacute; el predicador, que propone <strong>una &lsquo;subjetiva&rsquo; visi&oacute;n de las catorce estaciones de la Pasi&oacute;n desde los ojos de Jes&uacute;s, que por ejemplo cae en la s&eacute;ptima &ldquo;estaci&oacute;n&rdquo; y se ve &ldquo;ensangrentado&rdquo;. <\/strong><\/p>\n<p align=\"justify\">En este sentido, subraya que la visi&oacute;n de &ldquo;Jes&uacute;s&rdquo; es la prioridad en la contemplaci&oacute;n de la &ldquo;predicaci&oacute;n&rdquo;. &ldquo;<strong>Es todo emp&aacute;tico, el lenguaje en primera persona&rdquo;. &iquest;Qu&eacute; sientes Jes&uacute;s?, &iquest;qu&eacute; siento yo?&quot;.<\/strong><br \/>\n&nbsp;<br \/>\n&ldquo;Recurr&iacute; a lo que san Pablo dice con respecto al amor de Dios y de sus dimensiones&rdquo;, explic&oacute; monse&ntilde;or Corti. &ldquo;De ah&iacute; conjugu&eacute; el t&eacute;rmino &ldquo;custodia&rdquo; para relacionarlo con diferentes realidades: la Palabra de Dios, la Eucarist&iacute;a, el perd&oacute;n&rdquo;.<br \/>\n&nbsp;<br \/>\n<strong>Oraci&oacute;n por la familia <\/strong><\/p>\n<p align=\"justify\">Tambi&eacute;n ha incluido en la predicaci&oacute;n una oraci&oacute;n<strong>&nbsp;por la familia<\/strong> para que el s&iacute;nodo est&eacute; acompa&ntilde;ado &ldquo;por la misericordia y la verdad&rdquo;. Asimismo, pide por el mundo y la sociedad contempor&aacute;nea, que &ldquo;van en direcci&oacute;n opuesta a la del custodiar&rdquo;.<br \/>\n&nbsp;<br \/>\nEn concreto recuerda el mal cometido &ldquo;contra los j&oacute;venes, el abandono de los pobres, el olvido de los pilares de la paz recordados por Juan XXIII (la verdad, la justicia, la libertad, el amor)&rdquo;.<br \/>\n&nbsp;<br \/>\n<strong>Implorar la abolici&oacute;n de la pena de muerte <\/strong><\/p>\n<p align=\"justify\">En temas a&uacute;n m&aacute;s espec&iacute;ficos, el prelado propone una oraci&oacute;n por las <strong>heridas abiertas del mundo<\/strong>: &ldquo;la pena de muerte que debe ser abolida, la tortura que debe ser cancelada, la inhumanidad con los inocentes y con la gente que es asesinada de forma b&aacute;rbara, el tr&aacute;fico de personas&rdquo;.<br \/>\n&nbsp;<br \/>\nEl predicador tambi&eacute;n busca la mirada de esperanza de Jesucristo que se expresa en las cosas positivas recordando: &ldquo;muchas experiencias hermosas de los que llevan esperanza: por ejemplo <strong>las misioneras<\/strong> que salvan a los ni&ntilde;os soldado y les vuelven a dar su dignidad&rdquo;.<br \/>\n&nbsp;<br \/>\n<strong>Por los cristianos perseguidos y los cristianos de &lsquo;etiqueta&rsquo;<\/strong><\/p>\n<p align=\"justify\">En el librito para la contemplaci&oacute;n tambi&eacute;n hay espacio para la reflexionar sobre la violencia y el fundamentalismo religioso.<\/p>\n<p align=\"justify\">&ldquo;Yo, en lo personal, siento esta experiencia espiritual, es decir, que <strong>esta situaci&oacute;n internacional tan dif&iacute;cil y oscura para el futuro nos lleva a comprender con mayor claridad, por parte de nosotros los cristianos, que el Evangelio, y haber encontrado a Jes&uacute;s, es una gran fortuna<\/strong>&rdquo;, indic&oacute;.<br \/>\n&nbsp;<br \/>\nMonse&ntilde;or Corti expres&oacute; esperanza en estos tiempos dif&iacute;ciles. Considerando a los cristianos que sufren en diferentes partes del mundo, los propone como ejemplo de &ldquo;testimonio de la fe, hasta el martirio&rdquo;.<\/p>\n<p align=\"justify\">&ldquo;Es un tiempo, pues, que nos permite a nosotros que vivimos en Europa despertar y decir: aqu&iacute; desperdiciamos los domingos y en &Aacute;frica la gente camina much&iacute;simos de kil&oacute;metros para ir a misa -dijo-. Aprendamos de ellos&rdquo;.<\/p>\n","protected":false},"excerpt":{"rendered":"<p>Por: Ary Waldir Ramos D\u00edaz\/Aleteia Team El obispo em&eacute;rito de Novara, Renato Corti, elegido por el Papa Francisco para escribir las meditaciones del Viernes Santo, explic&oacute; a Radio Vaticano cu&aacute;l ser&aacute; el sentido de los textos. Cuenta que se inspir&oacute; en la primera homil&iacute;a del Papa Francisco y que la Pasi&oacute;n se vivir&aacute; a trav&eacute;s &hellip; <a href=\"https:\/\/www.biblia.work\/sermones\/via-crucis-con-los-ojos-de-jesus-para-custodiar-el-amor-hasta-la-muerte\/\" class=\"more-link\">Continuar leyendo<span class=\"screen-reader-text\"> \u00abV\u00eda Crucis con los ojos de Jes\u00fas para custodiar el amor hasta la&nbsp;muerte\u00bb<\/span><\/a><\/p>\n","protected":false},"author":1,"featured_media":0,"comment_status":"open","ping_status":"closed","sticky":false,"template":"","format":"standard","meta":{"footnotes":""},"categories":[1],"tags":[],"class_list":["post-34207","post","type-post","status-publish","format-standard","hentry","category-general"],"_links":{"self":[{"href":"https:\/\/www.biblia.work\/sermones\/wp-json\/wp\/v2\/posts\/34207","targetHints":{"allow":["GET"]}}],"collection":[{"href":"https:\/\/www.biblia.work\/sermones\/wp-json\/wp\/v2\/posts"}],"about":[{"href":"https:\/\/www.biblia.work\/sermones\/wp-json\/wp\/v2\/types\/post"}],"author":[{"embeddable":true,"href":"https:\/\/www.biblia.work\/sermones\/wp-json\/wp\/v2\/users\/1"}],"replies":[{"embeddable":true,"href":"https:\/\/www.biblia.work\/sermones\/wp-json\/wp\/v2\/comments?post=34207"}],"version-history":[{"count":0,"href":"https:\/\/www.biblia.work\/sermones\/wp-json\/wp\/v2\/posts\/34207\/revisions"}],"wp:attachment":[{"href":"https:\/\/www.biblia.work\/sermones\/wp-json\/wp\/v2\/media?parent=34207"}],"wp:term":[{"taxonomy":"category","embeddable":true,"href":"https:\/\/www.biblia.work\/sermones\/wp-json\/wp\/v2\/categories?post=34207"},{"taxonomy":"post_tag","embeddable":true,"href":"https:\/\/www.biblia.work\/sermones\/wp-json\/wp\/v2\/tags?post=34207"}],"curies":[{"name":"wp","href":"https:\/\/api.w.org\/{rel}","templated":true}]}}