{"id":34367,"date":"2016-06-20T13:20:15","date_gmt":"2016-06-20T18:20:15","guid":{"rendered":"http:\/\/www.biblia.work\/sermones\/lucas-153-7-habra-mas-alegria-en-el-cielo\/"},"modified":"2016-06-20T13:20:15","modified_gmt":"2016-06-20T18:20:15","slug":"lucas-153-7-habra-mas-alegria-en-el-cielo","status":"publish","type":"post","link":"https:\/\/www.biblia.work\/sermones\/lucas-153-7-habra-mas-alegria-en-el-cielo\/","title":{"rendered":"Lucas 15,3-7 &#8211; habr\u00e1 m\u00e1s alegr\u00eda en el cielo"},"content":{"rendered":"<h2 style=\"text-align: justify;\">Texto del evangelio Lc 15,3-7 \u2013 habr\u00e1 m\u00e1s alegr\u00eda en el cielo<\/h2>\n<p style=\"text-align: justify;\"><span style=\"color: #333399;\"><em>03. Jes\u00fas les dijo entonces esta par\u00e1bola: <\/em><\/span><br \/>\n<span style=\"color: #333399;\"><em>04. \u00abSi alguien tiene cien ovejas y pierde una, \u00bfno deja acaso las noventa y nueve en el campo y va a buscar la que se hab\u00eda perdido, hasta encontrarla? <\/em><\/span><br \/>\n<span style=\"color: #333399;\"><em>05. Y cuando la encuentra, la carga sobre sus hombros, lleno de alegr\u00eda, <\/em><\/span><br \/>\n<span style=\"color: #333399;\"><em>06. y al llegar a su casa llama a sus amigos y vecinos, y les dice: &#8220;Al\u00e9grense conmigo, porque encontr\u00e9 la oveja que se me hab\u00eda perdido&#8221;. <\/em><\/span><br \/>\n<span style=\"color: #333399;\"><em>07. Les aseguro que, de la misma manera, habr\u00e1 m\u00e1s alegr\u00eda en el cielo por un solo pecador que se convierta, que por noventa y nueve justos que no necesitan convertirse\u00bb.<\/em><\/span><\/p>\n<h2 style=\"text-align: justify;\">Reflexi\u00f3n: Lc 15,3-7<\/h2>\n<p style=\"text-align: justify;\">\u00a1Qu\u00e9 distinta es la actitud del Se\u00f1or a la nuestra! En general estamos cuidando nuestros propios pellejos y estamos tan ocupados en ello que no tenemos tiempo para levantar la vista y ver lo que sucede con nuestros hermanos. El mundo nos ha hecho consentir que primero tenemos que velar por nosotros mismos. Incluso hemos o\u00eddo decir que quien no se ama a s\u00ed mismo, en primer lugar, est\u00e1 inhabilitado para amar a los dem\u00e1s. Y muchos de nosotros asentimos ante esta afirmaci\u00f3n, como si fuera l\u00f3gica y justa, aun reconoci\u00e9ndonos cristianos. Claro, es que las afirmaciones o creencias cristianas no sirven para la vida corriente. Vivimos como divididos, entre lo que creemos y la realidad, y as\u00ed, finalmente termina imponi\u00e9ndose la realidad y nos olvidamos de nuestra fe, que al final se convierte en algo amorfo e incomprensible, que guardamos para algunos pocos momentos privados, que no compartimos con nadie y que se desarrollan seg\u00fan nuestro buen criterio y entender, que normalmente es pobr\u00edsimo, como ha sido pobre el tiempo que hemos dedicado a la formaci\u00f3n y consolidaci\u00f3n de nuestros principios cristianos. Nos decimos cristianos, pero al final lo somos tanto como un pobre ancianito abandonado en un asilo puede ser hincha de un equipo de f\u00fatbol. \u00bfDe qu\u00e9 le sirve, si nunca sabe cu\u00e1ndo juega, si nadie le informa, si no conoce a sus jugadores, no sabe c\u00f3mo va en la tabla, ni cu\u00e1les son sus pr\u00f3ximos compromisos y mucho menos va al estadio? Dir\u00edamos que fue fan\u00e1tico de este equipo y que es parte de su biograf\u00eda, pero en realidad ello no significa nada. As\u00ed vivimos muchos nuestra fe, que tiene varios datos biogr\u00e1ficos interesantes como la fecha de nuestro bautizo, primera comuni\u00f3n, confirmaci\u00f3n y tal vez la de nuestro matrimonio. A diferencia de cualquier otra adscripci\u00f3n en nuestras vidas aquellas tuvieron la especial intervenci\u00f3n del Esp\u00edritu Santo, el que est\u00e1 buscando hacernos conscientes de su Infinito poder, pero depende de que nosotros lo invoquemos. Hoy es el mejor momento para reflexionar qu\u00e9 significa Dios en nuestra vidas; qu\u00e9 tan relevante es; qu\u00e9 tan determinante en lo que somos y hacemos. <em><strong>Les aseguro que, de la misma manera, habr\u00e1 m\u00e1s alegr\u00eda en el cielo por un solo pecador que se convierta, que por noventa y nueve justos que no necesitan convertirse\u00bb<\/strong><\/em><\/p>\n<p style=\"text-align: justify;\"><span id=\"more-992\"><\/span><\/p>\n<p style=\"text-align: justify;\">En general no acertamos en nuestros diagn\u00f3sticos, porque no nos enfocamos en las causas y no lo hacemos, porque hemos olvidado lo m\u00e1s importante: las razones para vivir, las razones para comportarnos de un modo. Hemos olvidado los principios que nos inculcaron nuestros padres cuando \u00e9ramos peque\u00f1os; hemos olvidado a Dios. Vivimos de espaldas a \u00c9l. Incluso nos da verg\u00fcenza confesarlo y poco a poco hemos permitido que crezca una corriente mundana que lo rechaza y cuenta con nuestra anuencia y silencio c\u00f3mplice. Cuesta admitirlo, pero gran parte de los problemas que vive nuestra sociedad tiene all\u00ed su origen y nosotros que deb\u00edamos tener las herramientas para hacerle frente, nos hemos apagado, nos hemos ocultado, hemos reducido nuestra presencia, para dejar el dominio a otras oscuras, enredadas y mal\u00e9volas que buscan imponerse por la fuerza, a sangre y fuego. Precisamente esta ma\u00f1ana le\u00eda en twitter la mala noticia que un profesor hab\u00eda abusado de 11 ni\u00f1as en un colegio en un distrito alejado de una de las provincias del Per\u00fa. Y ante tan desagradable y desgarradora noticia una periodista alzaba su voz para pedir que el estado elabore un protocolo para que por ning\u00fan motivo los ni\u00f1os pudieran quedarse a solas con sacerdotes o maestros. As\u00ed lo exig\u00eda textualmente: \u201cni sacerdotes, ni maestros\u201d. Es obvio que se estaba valiendo de este lamentable delito, cometido por un sujeto con nombre, apellido e historial, para involucrar a todos y especialmente a la Iglesia, como si todos en ella, bast\u00e1ndoles vestir sotana, fu\u00e9ramos unos depravados. Es la misma actitud que existe frente al aborto o a la uni\u00f3n homosexual. Se trata de atacar, condenar, corregir o consentir las consecuencias y no se va a las causas, que tienen su origen en el enorme deterioro moral en el que estamos viviendo, en que todo parece llano y parejo, precisamente porque hemos renegado de Dios, porque pretendemos vivir al margen de \u00c9l, ignorando sus mandatos y preceptos. No vamos al meollo del asunto, porque pretendemos alcanzar una respuesta, una soluci\u00f3n ignorando a Dios. Nos juzgamos muy razonables, avanzados y modernos y caemos en el pecado m\u00e1s antiguo, el de la soberbia. <strong><em>Les aseguro que, de la misma manera, habr\u00e1 m\u00e1s alegr\u00eda en el cielo por un solo pecador que se convierta, que por noventa y nueve justos que no necesitan convertirse\u00bb<\/em><\/strong><\/p>\n<p style=\"text-align: justify;\">Este mundo requiere ser convertido y nosotros los que nos reconocemos como cristianos tenemos una enorme responsabilidad en ello. No podemos darnos la vuelta como si no pasara nada. Tenemos que empezar por reconocer lo que ocurre y asumir la responsabilidad de involucrarnos. No podemos seguir indiferentes, cerrando los ojos a la realidad. Nosotros no nos salvaremos por mantenernos as\u00e9pticos, sino por actuar con amor y el amor exige compromiso, involucrarse y participar. Tal como nos propone hoy el Se\u00f1or, tenemos que salir a buscar a nuestros hermanos, especialmente a los extraviados, que es su conversi\u00f3n la que m\u00e1s alegra a Dios en el Cielo. Por eso, los que tenemos alguna posici\u00f3n en la Iglesia, en nuestra parroquias, en nuestros movimientos e instituciones debemos practicar la acogida con todos, pero sobre todo con aquellos que m\u00e1s dificultades tienen. No se trata de hacer un club de \u201cinmaculados\u201d sino, como dice el Papa Francisco de ensuciarnos, de enterrarnos por sacar a nuestros hermanos extraviados y devolverlos al redil. Tenemos que tener olor a oveja. Si estamos con Dios, si participamos en los sacramentos, especialmente en el de la Eucarist\u00eda, si oramos constantemente, no debemos tener temor a involucrarnos y arriesgarnos, incluso con aquellos hermanos que todo el mundo desprecia por uno u otro motivo. Lo que el mundo necesita es amor y si logramos rescatar para Dios a uno de estos hermanos o hermanas que por alg\u00fan motivo se alejaron de Dios, se armar\u00e1 una gran fiesta en el cielo, siendo nosotros los auspiciadores. \u00a1Qu\u00e9 mayor alegr\u00eda podr\u00edamos tener que alegrar a nuestro Se\u00f1or! Hoy, en el d\u00eda del Sagrado Coraz\u00f3n de Jes\u00fas, practiquemos la misericordia con nuestros hermanos. No seamos m\u00e1s papistas que el Papa, que donde hay amor, no puede haber mal, ni pecado. \u00a1Seamos misericordiosos! Recordemos que todo lo que tenemos es por Gracia de Dios y no por ning\u00fan m\u00e9rito nuestro. Seamos generosos. <em><strong>Les aseguro que, de la misma manera, habr\u00e1 m\u00e1s alegr\u00eda en el cielo por un solo pecador que se convierta, que por noventa y nueve justos que no necesitan convertirse\u00bb<\/strong><\/em><\/p>\n<h2 style=\"text-align: justify;\">Oremos:<\/h2>\n<p style=\"text-align: justify;\">Padre Santo, c\u00faranos de la indiferencia y propicia la ocasi\u00f3n para que podamos compartir amorosamente con nuestros hermanos, especialmente con los m\u00e1s necesitados\u2026Te lo pedimos por nuestro Se\u00f1or Jesucristo, que vive y reina contigo en unidad del Esp\u00edritu Santo y es Dios, por los siglos de los siglos\u2026Am\u00e9n.<\/p>\n<h1 style=\"text-align: justify;\">Roguemos al Se\u00f1or\u2026<\/h1>\n<h2 style=\"text-align: justify;\">Te lo pedimos Se\u00f1or.<\/h2>\n<p style=\"text-align: justify;\">(A\u00f1ade tus oraciones por las intenciones que desees, para que todos los que pasemos por aqu\u00ed tengamos oportunidad de unirnos a tus plegarias)<\/p>\n<h3 style=\"text-align: justify;\">San Francisco de Asis<\/h3>\n<p><iframe loading=\"lazy\" src=\"https:\/\/www.youtube.com\/embed\/JfYLywtoOVc?rel=0&amp;showinfo=0\" width=\"480\" height=\"360\" frameborder=\"0\" allowfullscreen=\"allowfullscreen\"><\/iframe><\/p>\n<h3 style=\"text-align: justify;\">Madre Teresa &#8211; La misericordia de Dios<\/h3>\n<p><iframe loading=\"lazy\" src=\"https:\/\/www.youtube.com\/embed\/Wiu5Oa2UkdU?rel=0&amp;showinfo=0\" width=\"480\" height=\"360\" frameborder=\"0\" allowfullscreen=\"allowfullscreen\"><\/iframe><\/p>\n<p class=\"bawpvc-ajax-counter\" data-id=\"992\"> (29) vistas<\/p>\n","protected":false},"excerpt":{"rendered":"<p>Texto del evangelio Lc 15,3-7 \u2013 habr\u00e1 m\u00e1s alegr\u00eda en el cielo 03. Jes\u00fas les dijo entonces esta par\u00e1bola: 04. \u00abSi alguien tiene cien ovejas y pierde una, \u00bfno deja acaso las noventa y nueve en el campo y va a buscar la que se hab\u00eda perdido, hasta encontrarla? 05. Y cuando la encuentra, la &hellip; <a href=\"https:\/\/www.biblia.work\/sermones\/lucas-153-7-habra-mas-alegria-en-el-cielo\/\" class=\"more-link\">Continuar leyendo<span class=\"screen-reader-text\"> \u00abLucas 15,3-7 &#8211; habr\u00e1 m\u00e1s alegr\u00eda en el cielo\u00bb<\/span><\/a><\/p>\n","protected":false},"author":1,"featured_media":0,"comment_status":"open","ping_status":"closed","sticky":false,"template":"","format":"standard","meta":{"footnotes":""},"categories":[1],"tags":[],"class_list":["post-34367","post","type-post","status-publish","format-standard","hentry","category-general"],"_links":{"self":[{"href":"https:\/\/www.biblia.work\/sermones\/wp-json\/wp\/v2\/posts\/34367","targetHints":{"allow":["GET"]}}],"collection":[{"href":"https:\/\/www.biblia.work\/sermones\/wp-json\/wp\/v2\/posts"}],"about":[{"href":"https:\/\/www.biblia.work\/sermones\/wp-json\/wp\/v2\/types\/post"}],"author":[{"embeddable":true,"href":"https:\/\/www.biblia.work\/sermones\/wp-json\/wp\/v2\/users\/1"}],"replies":[{"embeddable":true,"href":"https:\/\/www.biblia.work\/sermones\/wp-json\/wp\/v2\/comments?post=34367"}],"version-history":[{"count":0,"href":"https:\/\/www.biblia.work\/sermones\/wp-json\/wp\/v2\/posts\/34367\/revisions"}],"wp:attachment":[{"href":"https:\/\/www.biblia.work\/sermones\/wp-json\/wp\/v2\/media?parent=34367"}],"wp:term":[{"taxonomy":"category","embeddable":true,"href":"https:\/\/www.biblia.work\/sermones\/wp-json\/wp\/v2\/categories?post=34367"},{"taxonomy":"post_tag","embeddable":true,"href":"https:\/\/www.biblia.work\/sermones\/wp-json\/wp\/v2\/tags?post=34367"}],"curies":[{"name":"wp","href":"https:\/\/api.w.org\/{rel}","templated":true}]}}