{"id":34374,"date":"2016-06-20T13:20:32","date_gmt":"2016-06-20T18:20:32","guid":{"rendered":"http:\/\/www.biblia.work\/sermones\/legion-de-maria-en-la-iglesia-catolica\/"},"modified":"2016-06-20T13:20:32","modified_gmt":"2016-06-20T18:20:32","slug":"legion-de-maria-en-la-iglesia-catolica","status":"publish","type":"post","link":"https:\/\/www.biblia.work\/sermones\/legion-de-maria-en-la-iglesia-catolica\/","title":{"rendered":"Legi\u00f3n de Mar\u00eda en la Iglesia Cat\u00f3lica"},"content":{"rendered":"<h2 style=\"text-align: justify;\">Legi\u00f3n de Mar\u00eda organizaci\u00f3n apost\u00f3lica de laicos en la Iglesia Cat\u00f3lica<\/h2>\n<p style=\"text-align: justify;\"><strong><em><a href=\"http:\/\/www.legiondemaria.org\/\" target=\"_blank\">La Legi\u00f3n de Mar\u00eda<\/a><\/em><\/strong> es una organizaci\u00f3n apost\u00f3lica de laicos en la Iglesia Cat\u00f3lica que cuenta con m\u00e1s de 10 millones de miembros en el mundo y ha recibido el reconocimiento de numerosos Papas, incluyendo Juan Pablo II.<\/p>\n<p style=\"text-align: justify;\">La Legi\u00f3n de Mar\u00eda Comienza en un hogar de <strong><em>Dubl\u00edn (Irlanda)<\/em><\/strong>, el 7 de septiembre de <em><strong>1921<\/strong><\/em> cuando un grupo de adolescentes se re\u00fanen con <strong><em>Frank Duff<\/em><\/strong> (fundador), oran y se deciden a servir a los enfermos y llevar el evangelio a todo el mundo.<\/p>\n<p style=\"text-align: justify;\"><strong><em>El Nombre<\/em><\/strong> de <strong><em>Legi\u00f3n de Mar\u00eda<\/em><\/strong> obedece a que el esp\u00edritu de la organizaci\u00f3n quiere ser el mismo de la Virgen Santa Mar\u00eda. Ella es la reina de los Ap\u00f3stoles, porque fue la primera en presentar a Cristo ante los hombres.<\/p>\n<p style=\"text-align: justify;\">Tal como las legiones romanas del imperio se organizaban y luchaban para conquistar el mundo, los nuevos legionarios buscan conquistar el mundo para Cristo. Pero ahora las armas son espirituales y el amparo es la Reina de los Ap\u00f3stoles, la Virgen Mar\u00eda.<\/p>\n<p style=\"text-align: justify;\"><span id=\"more-852\"><\/span><br \/>\nLa Legi\u00f3n de Mar\u00eda est\u00e1 en \u00c1frica desde 1933, en China desde 1936, en Manila desde 1940&#8230; Es un gran Movimiento Mariano extendido por todo el mundo y ha demostrado ser escuela de santidad. La Legi\u00f3n tiene como patr\u00f3n a San Luis Mar\u00eda Grignon de Montfort.<\/p>\n<h2 style=\"text-align: justify;\">San Luis Mar\u00eda Grignon de Montfort patrono de la Legi\u00f3n de Mar\u00eda.<\/h2>\n<p style=\"text-align: justify;\">San Luis naci\u00f3 en Montfort, Francia el 31 de enero de 1673 de una familia muy numerosa, el siendo el mayor de 18 hermanos. Uno de ellos muri\u00f3 en su infancia, 3 fueron sacerdotes y 3 religiosas. San Luis sobresal\u00eda entre sus amigos por su habilidad y su extraordinaria fortaleza f\u00edsica. De car\u00e1cter era m\u00e1s bien t\u00edmido y prefer\u00eda la soledad. Desde joven, San Luis ten\u00eda una gran devoci\u00f3n a la Eucarist\u00eda y a la Virgen Mar\u00eda. Frecuentemente lo encontraban rezando por largo rato frente a una imagen de la Virgen.<\/p>\n<p style=\"text-align: justify;\">El 5 de junio de 1700, San Luis, de 27 a\u00f1os, fue ordenado sacerdote. Escogi\u00f3 como lema de su vida sacerdotal: &#8220;ser esclavo de Mar\u00eda&#8221;. Enseguida empezaron a surgir grandes cruces en su vida. Pero no se deten\u00eda a pensar en s\u00ed mismo sino que su gran sue\u00f1o era llegar a ser misionero y llevar la Palabra de Cristo a lugares muy distantes.<\/p>\n<p style=\"text-align: justify;\">Un a\u00f1o antes de su muerte, el Padre Montfort fund\u00f3 dos congregaciones &#8212; Las hermanas de la Sabidur\u00eda, dedicadas al trabajo de hospital y la instrucci\u00f3n de ni\u00f1as pobres, y la Compa\u00f1\u00eda de Mar\u00eda, misioneros. Hac\u00eda a\u00f1os que so\u00f1aba con estas fundaciones pero las circunstancias no le permit\u00edan. Humanamente hablando, en su lecho de muerte la obra parec\u00eda haber fracasado. Solo hab\u00eda cuatro hermanas y dos sacerdotes con unos pocos hermanos. Pero el Padre Montfort, quien ten\u00eda el don de profec\u00eda, sab\u00eda que el \u00e1rbol crecer\u00eda. Al comienzo del siglo XX las Hermanas de la Sabidur\u00eda eran cinco mil con cuarenta y cuatro casas, dando instrucci\u00f3n a 60,000 ni\u00f1os.<\/p>\n<h2 style=\"text-align: justify;\">La venerable Edel Mary Quinn de la Legi\u00f3n de Mar\u00eda<\/h2>\n<p style=\"text-align: justify;\">Naci\u00f3 el 14\/09\/1907 y falleci\u00f3 el 12\/05\/1944. Fue una misionera laica irlandesa, destacada miembro de la Legi\u00f3n de Mar\u00eda.<\/p>\n<p style=\"text-align: justify;\">Nacida en Kanturk, County Cork, Edel fue la hija mayor del oficial bancario Charles Quinn y de Louisa Burke Browne, de County Clare. Ella era biznieta de William Quinn, un nativo de Tyrone que se estableci\u00f3 en Tuam para construir la Catedral de Santa Mar\u00eda<\/p>\n<p style=\"text-align: justify;\">Durante su ni\u00f1ez, la carrera de su padre llev\u00f3 a la familia a varias ciudades de Irlanda, como Tralee y Co. Kerry, donde se coloc\u00f3 una placa en mayo de 2009, en el Banco Bank Of Ireland House, en Denny Street, conmemorando la residencia de Edel all\u00ed entre 1921 y 1924.<\/p>\n<p style=\"text-align: justify;\">Edel Quinn sinti\u00f3 el llamado a la vida religiosa a una edad temprana. Ella deseaba unirse a las Clarisas, pero fue impedido por una avanzada tuberculosis. Despu\u00e9s de pasar dieciocho meses en un sanatorio, su condici\u00f3n no cambiaba, y ella decidi\u00f3 participar activamente en la Legi\u00f3n de Mar\u00eda, a la que se incorpor\u00f3 en Dubl\u00edn a los 20 a\u00f1os. Se entreg\u00f3 por completo a su trabajo ayudando a los pobres en los suburbios de Dubl\u00edn. En 1936, a los 29 a\u00f1os y muriendo de tuberculosis, Quinn se convirti\u00f3 en una Enviada de la Legi\u00f3n de Mar\u00eda, una misionera muy activa para \u00c1frica Oriental y Central, partiendo en diciembre de 1936 para Mombasa. Hacia el estallido de la Segunda Guerra Mundial, ella estaba trabajando tan lejos como Dar es Salaam y Mauricio. Luchando contra su enfermedad, en siete a\u00f1os y medio estableci\u00f3 cientos de grupos y consejos de la Legi\u00f3n en las actuales Tanzania, Kenia, Uganda, Malaui y Mauricio.<\/p>\n<p style=\"text-align: justify;\">La causa de su beatificaci\u00f3n se introdujo en 1956. Fue declarada venerable por el Papa San Juan Pablo II el 15 de diciembre de 1994, y la campa\u00f1a por su beatificaci\u00f3n ha continuado desde entonces.<\/p>\n<h3 style=\"text-align: justify;\">\u00bfQui\u00e9nes pueden pertenecer a la Legi\u00f3n de Mar\u00eda?<\/h3>\n<p style=\"text-align: justify;\">Todo cat\u00f3lico que practique fielmente su religi\u00f3n y desee ser \u00fatil a la Iglesia y a la sociedad, y que est\u00e9 dispuesto a cumplir las normas funcionales de la asociaci\u00f3n.<br \/>\nLa Legi\u00f3n de Mar\u00eda no es privativa de tipos escogidos, sino que representa el aut\u00e9ntico catolicismo. Solo exige ganas de darse a los dem\u00e1s.<\/p>\n<h3 style=\"text-align: justify;\">\u00bfQu\u00e9 hace la Legi\u00f3n de Mar\u00eda?<\/h3>\n<ul>\n<li style=\"text-align: justify;\">Orar y trabajar apost\u00f3licamente. Funciona con reuniones semanales de grupo, donde se ora, se revisa la actividad apost\u00f3lica, y se estudian temas formativos para hacer m\u00e1s eficaz el apostolado.<\/li>\n<li style=\"text-align: justify;\">Los grupos son mixtos de unos 12 miembros dirigidos por 4 seglares y un sacerdote. Existen grupos para adultos a partir de los 18 a\u00f1os.<\/li>\n<\/ul>\n<h3 style=\"text-align: justify;\">Su Sistema es bien sencillo. Cada legionario activo debe:<\/h3>\n<ol>\n<li style=\"text-align: justify;\">Asistir puntual y semanalmente a la junta de su grupo, donde se mezclan \u00edntimamente la revisi\u00f3n del trabajo efectuado, la formaci\u00f3n espiritual y humano-apost\u00f3lica, con la oraci\u00f3n en com\u00fan.<\/li>\n<li style=\"text-align: justify;\">Rezar diariamente la Catena, que es el Magn\u00edficat de la Virgen, la oraci\u00f3n de los pobres y de los humildes.<\/li>\n<li style=\"text-align: justify;\">Realizar un trabajo apost\u00f3lico concreto cada semana, con duraci\u00f3n m\u00ednima de dos horas, acompa\u00f1ado de otro legionario.<\/li>\n<li style=\"text-align: justify;\">Mantener en secreto los asuntos discutidos en la Junta o conocidos en el ejercicio del trabajo legionario.<\/li>\n<\/ol>\n<h3>\u00bfC\u00f3mo se entra a la Legi\u00f3n de Mar\u00eda?<\/h3>\n<ul>\n<li>Basta que se nos invite.<\/li>\n<li>Para que Ud. conozca mejor la Legi\u00f3n, inf\u00f3rmate en alguna Parroquia.<\/li>\n<\/ul>\n<h3>Algunos enlaces de inter\u00e9s de la Legi\u00f3n de Mar\u00eda<\/h3>\n<ul>\n<li><a href=\"http:\/\/www.legiondemaria.org\/\" target=\"_blank\">Sitio web oficial de la Legi\u00f3n de Mar\u00eda<\/a><\/li>\n<li><a href=\"http:\/\/www.legiondemaria.org\/articulos\/joaquina_lucas\/origenes_de_la_legion_de_maria_en_el_peru.htm\" target=\"_blank\">La Legi\u00f3n de Mar\u00eda en el Per\u00fa<\/a><\/li>\n<li><a href=\"http:\/\/legiondemariabogota.org.co\/\" target=\"_blank\">La Legi\u00f3n de Mar\u00eda en Colombia<\/a><\/li>\n<li><a href=\"http:\/\/www.legiondemaria.es\/\" target=\"_blank\">La Legi\u00f3n de Mar\u00eda en Espa\u00f1a<\/a><\/li>\n<li><a href=\"http:\/\/www.corazones.org\/santos\/luis_montfort.htm\" target=\"_blank\">Biograf\u00eda completa de\u00a0San Luis Mar\u00eda Grignon de Montfort<\/a><\/li>\n<li><a href=\"https:\/\/es.wikipedia.org\/wiki\/Edel_Quinn\" target=\"_blank\">Biograf\u00eda completa de\u00a0la venerable Edel Mary Quinn<\/a><\/li>\n<\/ul>\n<h3>\u00a0Himno Legion de Maria<\/h3>\n<p><iframe loading=\"lazy\" src=\"https:\/\/www.youtube.com\/embed\/5eyH4wfrtUg?rel=0&amp;showinfo=0\" width=\"480\" height=\"360\" frameborder=\"0\" allowfullscreen=\"allowfullscreen\"><\/iframe><\/p>\n<h3>\u00a0\u00bfQu\u00e9 es la Legi\u00f3n de Mar\u00eda?<\/h3>\n<p><iframe loading=\"lazy\" src=\"https:\/\/www.youtube.com\/embed\/alpFG8posYo?rel=0&amp;showinfo=0\" width=\"480\" height=\"360\" frameborder=\"0\" allowfullscreen=\"allowfullscreen\"><\/iframe><\/p>\n<h3>\u00a0San Luis Mar\u00eda Grignion de Montfort<\/h3>\n<p><iframe loading=\"lazy\" src=\"https:\/\/www.youtube.com\/embed\/2gF-ptqRFEw?rel=0&amp;showinfo=0\" width=\"560\" height=\"315\" frameborder=\"0\" allowfullscreen=\"allowfullscreen\"><\/iframe><\/p>\n<p class=\"bawpvc-ajax-counter\" data-id=\"852\"> (16) vistas<\/p>\n","protected":false},"excerpt":{"rendered":"<p>Legi\u00f3n de Mar\u00eda organizaci\u00f3n apost\u00f3lica de laicos en la Iglesia Cat\u00f3lica La Legi\u00f3n de Mar\u00eda es una organizaci\u00f3n apost\u00f3lica de laicos en la Iglesia Cat\u00f3lica que cuenta con m\u00e1s de 10 millones de miembros en el mundo y ha recibido el reconocimiento de numerosos Papas, incluyendo Juan Pablo II. La Legi\u00f3n de Mar\u00eda Comienza en &hellip; <a href=\"https:\/\/www.biblia.work\/sermones\/legion-de-maria-en-la-iglesia-catolica\/\" class=\"more-link\">Continuar leyendo<span class=\"screen-reader-text\"> \u00abLegi\u00f3n de Mar\u00eda en la Iglesia Cat\u00f3lica\u00bb<\/span><\/a><\/p>\n","protected":false},"author":1,"featured_media":0,"comment_status":"open","ping_status":"closed","sticky":false,"template":"","format":"standard","meta":{"footnotes":""},"categories":[1],"tags":[],"class_list":["post-34374","post","type-post","status-publish","format-standard","hentry","category-general"],"_links":{"self":[{"href":"https:\/\/www.biblia.work\/sermones\/wp-json\/wp\/v2\/posts\/34374","targetHints":{"allow":["GET"]}}],"collection":[{"href":"https:\/\/www.biblia.work\/sermones\/wp-json\/wp\/v2\/posts"}],"about":[{"href":"https:\/\/www.biblia.work\/sermones\/wp-json\/wp\/v2\/types\/post"}],"author":[{"embeddable":true,"href":"https:\/\/www.biblia.work\/sermones\/wp-json\/wp\/v2\/users\/1"}],"replies":[{"embeddable":true,"href":"https:\/\/www.biblia.work\/sermones\/wp-json\/wp\/v2\/comments?post=34374"}],"version-history":[{"count":0,"href":"https:\/\/www.biblia.work\/sermones\/wp-json\/wp\/v2\/posts\/34374\/revisions"}],"wp:attachment":[{"href":"https:\/\/www.biblia.work\/sermones\/wp-json\/wp\/v2\/media?parent=34374"}],"wp:term":[{"taxonomy":"category","embeddable":true,"href":"https:\/\/www.biblia.work\/sermones\/wp-json\/wp\/v2\/categories?post=34374"},{"taxonomy":"post_tag","embeddable":true,"href":"https:\/\/www.biblia.work\/sermones\/wp-json\/wp\/v2\/tags?post=34374"}],"curies":[{"name":"wp","href":"https:\/\/api.w.org\/{rel}","templated":true}]}}