{"id":34381,"date":"2016-06-20T13:20:45","date_gmt":"2016-06-20T18:20:45","guid":{"rendered":"http:\/\/www.biblia.work\/sermones\/homilia-del-papa-francisco-en-corpus-christi\/"},"modified":"2016-06-20T13:20:45","modified_gmt":"2016-06-20T18:20:45","slug":"homilia-del-papa-francisco-en-corpus-christi","status":"publish","type":"post","link":"https:\/\/www.biblia.work\/sermones\/homilia-del-papa-francisco-en-corpus-christi\/","title":{"rendered":"Homil\u00eda del Papa Francisco en Corpus Christi"},"content":{"rendered":"<h2>El Papa Francisco en la festividad de Corpus Christi<\/h2>\n<p style=\"text-align: justify;\">\u2018Haced esto en memoria m\u00eda\u2019 (1Co 11,24.25). El ap\u00f3stol Pablo, escribiendo a la comunidad de Corinto, refiere por dos veces este mandato de Cristo en el relato de la instituci\u00f3n de la Eucarist\u00eda. Es el testimonio m\u00e1s antiguo de las palabras de Cristo en la \u00daltima Cena.<\/p>\n<p style=\"text-align: justify;\">\u00abHaced esto\u00bb. Es decir, tomad el pan, dad gracias y partidlo; tomad el c\u00e1liz, dad gracias y distribuidlo. Jes\u00fas manda repetir el gesto con el que instituy\u00f3 el memorial de su Pascua, por el que nos dio su Cuerpo y su Sangre. Y este gesto ha llegado hasta nosotros: es el \u00abhacer\u00bb la Eucarist\u00eda, que tiene siempre a Jes\u00fas como protagonista, pero que se realiza a trav\u00e9s de nuestras pobres manos ungidas de Esp\u00edritu Santo.<\/p>\n<p style=\"text-align: justify;\"><span id=\"more-703\"><\/span><\/p>\n<h2 style=\"text-align: justify;\">Jes\u00fas nos manda con la Autoridad del Padre<\/h2>\n<p style=\"text-align: justify;\">\u00abHaced esto\u00bb. Ya en otras ocasiones, Jes\u00fas hab\u00eda pedido a sus disc\u00edpulos que \u00abhicieran\u00bb lo que \u00e9l ten\u00eda claro en su esp\u00edritu, en obediencia a la voluntad del Padre. Lo acabamos de escuchar en el Evangelio. Ante una multitud cansada y hambrienta, Jes\u00fas dice a sus disc\u00edpulos: \u00abDadles vosotros de comer\u00bb (Lc 9,13). En realidad, Jes\u00fas es el que bendice y parte los panes, con el fin de satisfacer a todas esas personas, pero los cinco panes y los dos peces fueron aportados por los disc\u00edpulos, y Jes\u00fas quer\u00eda precisamente esto: que, en lugar de despedir a la multitud, ofrecieran lo poco que ten\u00edan.<\/p>\n<h2 style=\"text-align: justify;\">Hacer&#8230;<\/h2>\n<p style=\"text-align: justify;\">Hay adem\u00e1s otro gesto: los trozos de pan, partidos por las manos sagradas y venerables del Se\u00f1or, pasan a las pobres manos de los disc\u00edpulos para que los distribuyan a la gente. Tambi\u00e9n esto es \u00abhacer\u00bb con Jes\u00fas, es \u00abdar de comer\u00bb con \u00e9l. Es evidente que este milagro no va destinado s\u00f3lo a saciar el hambre de un d\u00eda, sino que es un signo de lo que Cristo est\u00e1 dispuesto a hacer para la salvaci\u00f3n de toda la humanidad ofreciendo su carne y su sangre (cf. Jn 6,48-58). Y, sin embargo, hay que pasar siempre a trav\u00e9s de esos dos peque\u00f1os gestos: ofrecer los pocos panes y peces que tenemos; recibir de manos de Jes\u00fas el pan partido y distribuirlo a todos.<\/p>\n<h2 style=\"text-align: justify;\">Partir&#8230;<\/h2>\n<p style=\"text-align: justify;\">Partir: esta es la otra palabra que explica el significado del \u00abhaced esto en memoria m\u00eda\u00bb. Jes\u00fas se ha dejado \u00abpartir\u00bb, se parte por nosotros. Y pide que nos demos, que nos dejemos partir por los dem\u00e1s. Precisamente este \u00abpartir el pan\u00bb se ha convertido en el icono, en el signo de identidad de Cristo y de los cristianos. Recordemos Ema\u00fas: lo reconocieron \u00abal partir el pan\u00bb (Lc 24,35). Recordemos la primera comunidad de Jerusal\u00e9n: \u00abPerseveraban [\u2026] en la fracci\u00f3n del pan\u00bb (Hch 2,42). Se trata de la Eucarist\u00eda, que desde el comienzo ha sido el centro y la forma de la vida de la Iglesia.<\/p>\n<p style=\"text-align: justify;\">Pero recordemos tambi\u00e9n a todos los santos y santas \u2013famosos o an\u00f3nimos\u2013, que se han dejado \u00abpartir\u00bb a s\u00ed mismos, sus propias vidas, para \u00abalimentar a los hermanos\u00bb. Cu\u00e1ntas madres, cu\u00e1ntos pap\u00e1s, junto con el pan de cada d\u00eda, cortado en la mesa de casa, se parten el pecho para criar a sus hijos, y criarlos bien. Cu\u00e1ntos cristianos, en cuanto ciudadanos responsables, se han desvivido para defender la dignidad de todos, especialmente de los m\u00e1s pobres, marginados y discriminados. \u00bfD\u00f3nde encuentran la fuerza para hacer todo esto? Precisamente en la Eucarist\u00eda: en el poder del amor del Se\u00f1or resucitado, que tambi\u00e9n hoy parte el pan para nosotros y repite: \u00abHaced esto en memoria m\u00eda\u00bb.<\/p>\n<p style=\"text-align: justify;\">Que el gesto de la procesi\u00f3n eucar\u00edstica, que dentro de poco vamos a hacer, responda tambi\u00e9n a este mandato de Jes\u00fas. Un gesto para hacer memoria de \u00e9l; un gesto para dar de comer a la muchedumbre actual; un gesto para \u00abpartir\u00bb nuestra fe y nuestra vida como signo del amor de Cristo por esta ciudad y por el mundo entero\u201d.<\/p>\n<hr \/>\n<h6 style=\"text-align: justify;\">N.R.: Los subt\u00edtulos a la homil\u00eda del Corpus Christi son nuestros<\/h6>\n<p class=\"bawpvc-ajax-counter\" data-id=\"703\"> (22) vistas<\/p>\n","protected":false},"excerpt":{"rendered":"<p>El Papa Francisco en la festividad de Corpus Christi \u2018Haced esto en memoria m\u00eda\u2019 (1Co 11,24.25). El ap\u00f3stol Pablo, escribiendo a la comunidad de Corinto, refiere por dos veces este mandato de Cristo en el relato de la instituci\u00f3n de la Eucarist\u00eda. Es el testimonio m\u00e1s antiguo de las palabras de Cristo en la \u00daltima &hellip; <a href=\"https:\/\/www.biblia.work\/sermones\/homilia-del-papa-francisco-en-corpus-christi\/\" class=\"more-link\">Continuar leyendo<span class=\"screen-reader-text\"> \u00abHomil\u00eda del Papa Francisco en Corpus Christi\u00bb<\/span><\/a><\/p>\n","protected":false},"author":1,"featured_media":0,"comment_status":"open","ping_status":"closed","sticky":false,"template":"","format":"standard","meta":{"footnotes":""},"categories":[1],"tags":[],"class_list":["post-34381","post","type-post","status-publish","format-standard","hentry","category-general"],"_links":{"self":[{"href":"https:\/\/www.biblia.work\/sermones\/wp-json\/wp\/v2\/posts\/34381","targetHints":{"allow":["GET"]}}],"collection":[{"href":"https:\/\/www.biblia.work\/sermones\/wp-json\/wp\/v2\/posts"}],"about":[{"href":"https:\/\/www.biblia.work\/sermones\/wp-json\/wp\/v2\/types\/post"}],"author":[{"embeddable":true,"href":"https:\/\/www.biblia.work\/sermones\/wp-json\/wp\/v2\/users\/1"}],"replies":[{"embeddable":true,"href":"https:\/\/www.biblia.work\/sermones\/wp-json\/wp\/v2\/comments?post=34381"}],"version-history":[{"count":0,"href":"https:\/\/www.biblia.work\/sermones\/wp-json\/wp\/v2\/posts\/34381\/revisions"}],"wp:attachment":[{"href":"https:\/\/www.biblia.work\/sermones\/wp-json\/wp\/v2\/media?parent=34381"}],"wp:term":[{"taxonomy":"category","embeddable":true,"href":"https:\/\/www.biblia.work\/sermones\/wp-json\/wp\/v2\/categories?post=34381"},{"taxonomy":"post_tag","embeddable":true,"href":"https:\/\/www.biblia.work\/sermones\/wp-json\/wp\/v2\/tags?post=34381"}],"curies":[{"name":"wp","href":"https:\/\/api.w.org\/{rel}","templated":true}]}}