{"id":34393,"date":"2016-06-20T13:21:15","date_gmt":"2016-06-20T18:21:15","guid":{"rendered":"http:\/\/www.biblia.work\/sermones\/marcos-938-40-esta-con-nosotros\/"},"modified":"2016-06-20T13:21:15","modified_gmt":"2016-06-20T18:21:15","slug":"marcos-938-40-esta-con-nosotros","status":"publish","type":"post","link":"https:\/\/www.biblia.work\/sermones\/marcos-938-40-esta-con-nosotros\/","title":{"rendered":"Marcos 9,38-40 &#8211; est\u00e1 con nosotros"},"content":{"rendered":"<h2>Texto del evangelio Mc 9,38-40 \u2013 est\u00e1 con nosotros<\/h2>\n<p style=\"text-align: justify;\"><span style=\"color: #333399;\"><em>38. Juan le dijo: \u00abMaestro, hemos visto a uno que expulsaba demonios en tu Nombre, y tratamos de imped\u00edrselo porque no es de los nuestros\u00bb. <\/em><\/span><br \/>\n<span style=\"color: #333399;\"><em>39. Pero Jes\u00fas les dijo: \u00abNo se lo impidan, porque nadie puede hacer un milagro en mi Nombre y luego hablar mal de m\u00ed. <\/em><\/span><br \/>\n<span style=\"color: #333399;\"><em>40. Y el que no est\u00e1 contra nosotros, est\u00e1 con nosotros.<\/em><\/span><\/p>\n<h2>Reflexi\u00f3n: Mc 9,38-40<\/h2>\n<p style=\"text-align: justify;\">Son necesarias muy pocas palabras para comunicar lo que es importante. As\u00ed de rica es la Palabra de Dios, que puede decirnos todo con una sola palabra, si es preciso. Hoy con solo tres vers\u00edculos nos manda a reflexionar en aquello que hemos venido meditando en d\u00edas anteriores: que solo hay un Camino, que es preciso escoger y que <strong><em>el que est\u00e1 con Dios no puede estar contra \u00c9l.<\/em><\/strong> Y lo contrario tambi\u00e9n es cierto: quien est\u00e1 contra Dios no puede estar con \u00c9l. Cuando nos adentramos en la meditaci\u00f3n de este mensaje, imbuidos en las ideas de nuestro mundo, que nos son transmitidas cotidianamente por todos los medios posibles, resulta dif\u00edcil comprender esta afirmaci\u00f3n, pues nos parece muy dr\u00e1stica. Y es que nuestra pr\u00e1ctica cotidiana, en lo que sea que hagamos nos machaca todo el tiempo que hay grados, niveles, matices en todo y que todos estos son aceptables, seg\u00fan el marchante, es decir, seg\u00fan las circunstancias, vivencias, formaci\u00f3n y otros aspectos que cada qui\u00e9n lleva como una mochila a cuestas. As\u00ed, lo que est\u00e1 bien para unos, no tiene que estar bien, necesariamente, para otros. Y esto muchos lo creemos as\u00ed, a raja tabla, porque es el mensaje del sistema. Todo es elegible y descartable: depende de cada qui\u00e9n. Lo que est\u00e1 bien para ti, no est\u00e1 bien para m\u00ed. Lo que a ti te parece correcto, a m\u00ed no. Hemos relativizado todo y por eso nos cuesta distinguir el bien del mal. Ya no sabemos qu\u00e9 est\u00e1 bien, ni qu\u00e9 est\u00e1 mal, porque pensamos que todo depende\u2026Depende de quien haya hecho tal o cual cosa, de qui\u00e9n lo diga, de en qu\u00e9 momento y a qui\u00e9n. Esta creencia ha llevado paulatinamente a derribar la murallas de los conceptos y tradiciones que parec\u00edan m\u00e1s s\u00f3lidas e inamovibles en nuestra sociedad, como el matrimonio: con el divorcio y el matrimonio homosexual; o la familia como la fuente de amor y vida, reduci\u00e9ndola a un pacto de conveniencia econ\u00f3mica que no crea, ni fomenta, ni profundiza los lazos de amor tan necesarios para la convivencia humana; o el amor conyugal, desvirtuado y banalizado al convertirlo en pr\u00e1ctica y ejercicio cotidiano en el que el amor ha quedado desterrado; y, luego, el desprecio por la vida, en todos los \u00e1mbitos, pero especialmente en el de la uni\u00f3n sexual de las parejas, para las que resulta un estorbo y un mal no deseado el fruto de estas, como son los hijos, a los que se descarta sin ning\u00fan escr\u00fapulo por todos los medios posibles, sin reparar en lo m\u00e1s m\u00ednimo en lo que se hace, por la raz\u00f3n m\u00e1s recurrida en nuestros d\u00edas: porque todos lo hacen. <strong><em>\u00abNo se lo impidan, porque nadie puede hacer un milagro en mi Nombre y luego hablar mal de m\u00ed. Y el que no est\u00e1 contra nosotros, est\u00e1 con nosotros.<\/em><\/strong><\/p>\n<p style=\"text-align: justify;\"><span id=\"more-515\"><\/span><\/p>\n<p style=\"text-align: justify;\">Hay situaciones emblem\u00e1ticas que nos permiten sustentar lo que observamos, reflexionamos y compartimos. No podemos dejar de pensar, por ejemplo, en la <strong><em><a href=\"http:\/\/www.periodicocentral.mx\/2015\/nacional-seccion\/pena-nieto-anuncia-reforma-para-reconocer-matrimonio-gay-en-todo-el-pais\" target=\"_blank\">iniciativa\u00a0de la ley del matrimonio homosexual<\/a><\/em><\/strong> que tan solo el d\u00eda de ayer suscrib\u00eda el Presidente de M\u00e9xico, el Sr. Pe\u00f1a Nieto. Nos cuesta creer que sea el mismo que con tanta devoci\u00f3n, aparentemente, <strong><em><a href=\"http:\/\/www.excelsior.com.mx\/especial\/papa-en-mexico#view-1\" target=\"_blank\">recib\u00eda hace tan solo unos meses al Papa Francisco.<\/a><\/em><\/strong> \u00bfC\u00f3mo puede ser tal incongruencia? \u00bfC\u00f3mo puede uno aceptar tama\u00f1a hipocres\u00eda? \u00bfEs que todo aquello no fue nada m\u00e1s que un show montado para recuperar popularidad? \u00bfQu\u00e9 respeto puede tenerle ese pueblo que vimos en las calles y plazas? \u00bfQu\u00e9 mensaje da este individuo a las personas, a los ni\u00f1os y j\u00f3venes? \u00bfNo est\u00e1 gritando que todo fue un vil enga\u00f1o y que eso es posible cuando uno es presidente, es decir, cuando uno tiene poder? Esto es lo que m\u00e1s da\u00f1o hace a nuestra sociedad, sin duda. Relativiza y echa por tierra valores morales y conceptos que deb\u00edan ser inamovibles, ense\u00f1ando que todo est\u00e1 permitido y que todo es posible, con tal de lograr lo que cada quien quiere. Nos sumerge en una sociedad individualista, en la que <em><strong><a href=\"https:\/\/es.wikipedia.org\/wiki\/Nicol%C3%A1s_Maquiavelo\" target=\"_blank\">Maquiavelo<\/a><\/strong><\/em> y su \u201cel fin justifica los medos\u201d gobierna y se impone. No es de extra\u00f1ar la creciente violencia que vive este hermano pa\u00eds, cuyo grueso de la poblaci\u00f3n mantiene ra\u00edces tan profundamente cat\u00f3licas. <strong><em>\u00abNo se lo impidan, porque nadie puede hacer un milagro en mi Nombre y luego hablar mal de m\u00ed. Y el que no est\u00e1 contra nosotros, est\u00e1 con nosotros.<\/em><\/strong><\/p>\n<p style=\"text-align: justify;\">Pero no nos vayamos tan lejos porque adem\u00e1s podr\u00edamos ser acusados, y no sin raz\u00f3n, de no ver la viga que tenemos en nuestro ojo. Efectivamente, en el Per\u00fa venimos protagonizando un fen\u00f3meno muy extra\u00f1o y contrario a aquellos s\u00f3lidos valores morales que deb\u00eda exhibir una sociedad mayoritariamente cat\u00f3lica y cristiana. Estamos en un proceso electoral que constituye la mayor C\u00e1tedra de inmoralidad, vicios y taras que puede exhibir una sociedad, que por la fuerza durante las \u00faltimas d\u00e9cadas ha sido sumergida en un lodo pestilente, que el mismo <strong><em><a href=\"http:\/\/elcomercio.pe\/politica\/gobierno\/ollanta-humala-dijo-que-fujimorismo-nacio-cloaca-noticia-1772660\" target=\"_blank\">Presidente Humala defin\u00eda como cloaca<\/a><\/em><\/strong>, aun cuando solo refiri\u00e9ndose a una parte del Congreso, donde se supone est\u00e1n los ciudadanos m\u00e1s representativos de nuestra sociedad, as\u00ed que podemos imaginarnos lo que ser\u00e1n lo dem\u00e1s. Estas palabras son duras y muchos podr\u00edan considerarlas ofensivas, pero ciertamente no hay nada que hacer que el Per\u00fa viene cayendo por un despe\u00f1adero parecido al de M\u00e9xico, en el que cada vez importa menos lo que se tenga que hacer con tal de lograr lo que queremos, sea lo que sea. Tenemos que traer a colaci\u00f3n las \u201cclases magistrales\u201d dadas desde la misma Presidencia de la Rep\u00fablica de c\u00f3mo, hasta d\u00f3nde y <strong><em><a href=\"https:\/\/www.youtube.com\/watch?v=no1Vv7y-J5U\" target=\"_blank\">con qu\u00e9 descaro se debe mentir para salvar tu pellejo<\/a><\/em><\/strong>, para no ser descubierto en tus delitos o en tus intrigas. No menos destacable es <strong><em><a href=\"http:\/\/elcomercio.pe\/opinion\/columnistas\/cambalache-pragmatico-carmen-mcevoy-noticia-1901794?flsm=1\" target=\"_blank\">la impunidad con que la Sra. Keiko Fujimori<\/a><\/em><\/strong>, que fuera Primera Dama de uno de los gobiernos m\u00e1s corruptos de la historia -como fue el gobierno de <strong><em><a href=\"http:\/\/elcomercio.pe\/politica\/gobierno\/balance-gobierno-fujimori-desaparecieron-mil-millones-dolares-arcas-estado-noticia-458481\" target=\"_blank\">Alberto Fujimori actualmente preso<\/a><\/em><\/strong>, a quien los c\u00e1lculos m\u00e1s modestos se\u00f1alan que desfalc\u00f3 m\u00e1s de 6mil millones de d\u00f3lares, qui\u00e9n huy\u00f3 del pa\u00eds cuando se destaparon sus delitos y renunci\u00f3 por fax-, hoy sea la candidata con mayor opci\u00f3n a la Presidencia, teniendo ya asegurada una mayor\u00eda aplastante en el Congreso. Esto resultar\u00eda sencillamente inexplicable si no somos capaces de ver en la causa de estos fen\u00f3menos la relativizaci\u00f3n de los valores \u00e9ticos y morales, por lo tanto el triunfo temporal y aparente de las tesis de Maquiavelo. Solo as\u00ed puede comprenderse que la Sra. Fujimori, quien fue capaz de <strong><a href=\"http:\/\/larepublica.pe\/impresa\/politica\/739640-susana-higuchi-al-congreso-si-senor-presidente-sufri-torturas-con-electroshock\" target=\"_blank\"><em>dejar torturar a su madre<\/em> <\/a><\/strong>y no tuvo ning\u00fan reparo en remplazarla como <em><strong><a href=\"http:\/\/www.latina.pe\/noticias\/la-noticia-rebelde\/keiko-fujimori-como-llego-a-ser-primera-dama-de-la-nacion-5167\/\" target=\"_blank\">Primera Dama del gobierno de su padre<\/a><\/strong><\/em>, bautizando a todo esto con el eufemismo de \u201cpesada mochila\u201d se presente haciendo los mismos juramentos que hizo su padre a principios de los noventa, que lo llevaron al sill\u00f3n presidencial, para despu\u00e9s cambiar por completo, olvidando todas las promesas y enfoc\u00e1ndose en una pol\u00edtica pragm\u00e1tica, en la que el principal beneficiario era \u00e9l, aun cuando alguna cosa buena le reconozca el pueblo. Y todo esto ocurre sobre el tel\u00f3n de fondo de la peor crisis de violencia y de inseguridad ciudadana que vie el pa\u00eds en su historia. La delincuencia se ha apoderado de las calles del pa\u00eds y la escuela a la que han asistido no solamente han sido las c\u00e1rceles, sino los gobiernos de turno, que se han encargado de mellar y corroer la moral del pueblo. Con tantas muertes en las calles y en las carreteras, parad\u00f3jicamente el Per\u00fa es cada vez m\u00e1s el pa\u00eds de los \u201cvivos\u201d. Y es que as\u00ed se reconoce coloquialmente a aquellos que no tienen ning\u00fan escr\u00fapulo para beneficiarse y vivir de los dem\u00e1s. <strong><em>\u00abNo se lo impidan, porque nadie puede hacer un milagro en mi Nombre y luego hablar mal de m\u00ed. Y el que no est\u00e1 contra nosotros, est\u00e1 con nosotros.<\/em><\/strong><\/p>\n<p style=\"text-align: justify;\">Estamos en una lucha frontal y permanente contra el mal. El Bien y el Amor para el que fuimos creados no nos debe permitir la mezquindad de reconocer a aquellos que, como nosotros, anhelan una sociedad distinta. En momentos en que parece que la violencia se apoderara del mundo, es cuando m\u00e1s debemos buscar la uni\u00f3n y solidaridad entre quienes creemos en <strong><em><a href=\"http:\/\/es.catholic.net\/op\/articulos\/56568\/2016-ano-santo-de-la-misericordia.html\" target=\"_blank\">Dios y en Su Misericordia<\/a><\/em><\/strong>. Tenemos que dejar de mirarnos el ombligo y salir a nuestras comunidades, con un nuevo vigor, con un nuevo empe\u00f1o. \u00a1Cristo ha vencido al mundo! Seguros de esta victoria, tendamos puentes entre nosotros y busquemos todo aquello que nos puede ayudar a construir el mundo de paz y amor que todos anhelamos. Luchemos por el amor, la verdad y la vida, pero hag\u00e1moslo como Cristo nos ha ense\u00f1ado: amando al pr\u00f3jimo. Sembremos amor. Por cada estropicio y disparate que vemos, sembremos amor. Es muy dif\u00edcil hacerlo cuando vemos tantos inocentes ni\u00f1os y j\u00f3venes muriendo en las calles, en manos de ampones. Pero el Se\u00f1or nos ense\u00f1a que no hay otro modo, que tenemos que cambiar y asumir el amor como bandera. Esto es lo que tenemos que proclamar en todas partes y sobre todo con nuestro ejemplo. Pidamos a Dios que nos conceda esta Gracia. No dejemos de orar incesantemente por el mundo, por los que sufren violencia y persecuci\u00f3n y tambi\u00e9n por todos los hermanos extraviados, que tentados por el Demonio se han dejado llevar por la violencia, el odio, el orgullo, la soberbia, el desenfreno, la codicia y la indolencia. No caigamos en estas garras; no nos dejemos arrastrar; no seamos indiferentes. Tom\u00e9monos de la mano y luchemos juntos por alcanzar las promesas de nuestro Se\u00f1or Jesucristo. <strong><em>\u00abNo se lo impidan, porque nadie puede hacer un milagro en mi Nombre y luego hablar mal de m\u00ed. Y el que no est\u00e1 contra nosotros, est\u00e1 con nosotros.<\/em><\/strong><\/p>\n<h2 style=\"text-align: justify;\">Oremos:<\/h2>\n<p style=\"text-align: justify;\">Padre Santo, danos coraje para enfrentar al mal, con las armas del amor. No permitas que caigamos en la tentaci\u00f3n de la fuerza, ni la violencia, ni la codicia. Danos un coraz\u00f3n sensible, solidario, paciente\u2026Te lo pedimos por nuestro Se\u00f1or Jesucristo, que vive y reina contigo en unidad del Esp\u00edritu Santo y es Dios, por los siglos de los siglos\u2026Am\u00e9n.<\/p>\n<h1 style=\"text-align: justify;\">Roguemos al Se\u00f1or\u2026<\/h1>\n<h2 style=\"text-align: justify;\">Te lo pedimos Se\u00f1or.<\/h2>\n<p style=\"text-align: justify;\">(A\u00f1ade tus oraciones por las intenciones que desees, para que todos los que pasemos por aqu\u00ed tengamos oportunidad de unirnos a tus plegarias)<\/p>\n<h3 style=\"text-align: justify;\">Los catolicos ignorantes se hacen protestantes<\/h3>\n<p><iframe loading=\"lazy\" src=\"https:\/\/www.youtube.com\/embed\/0LqyB9F0TdI?rel=0\" width=\"560\" height=\"315\" frameborder=\"0\" allowfullscreen=\"allowfullscreen\"><\/iframe><\/p>\n<h3 style=\"text-align: justify;\">El que no est\u00e1 conmigo, est\u00e1 contra m\u00ed<\/h3>\n<p><iframe loading=\"lazy\" src=\"https:\/\/www.youtube.com\/embed\/Dk0xyx9vltw?rel=0\" width=\"480\" height=\"360\" frameborder=\"0\" allowfullscreen=\"allowfullscreen\"><\/iframe><\/p>\n<p class=\"bawpvc-ajax-counter\" data-id=\"515\"> (39) vistas<\/p>\n","protected":false},"excerpt":{"rendered":"<p>Texto del evangelio Mc 9,38-40 \u2013 est\u00e1 con nosotros 38. Juan le dijo: \u00abMaestro, hemos visto a uno que expulsaba demonios en tu Nombre, y tratamos de imped\u00edrselo porque no es de los nuestros\u00bb. 39. Pero Jes\u00fas les dijo: \u00abNo se lo impidan, porque nadie puede hacer un milagro en mi Nombre y luego hablar &hellip; <a href=\"https:\/\/www.biblia.work\/sermones\/marcos-938-40-esta-con-nosotros\/\" class=\"more-link\">Continuar leyendo<span class=\"screen-reader-text\"> \u00abMarcos 9,38-40 &#8211; est\u00e1 con nosotros\u00bb<\/span><\/a><\/p>\n","protected":false},"author":1,"featured_media":0,"comment_status":"open","ping_status":"closed","sticky":false,"template":"","format":"standard","meta":{"footnotes":""},"categories":[1],"tags":[],"class_list":["post-34393","post","type-post","status-publish","format-standard","hentry","category-general"],"_links":{"self":[{"href":"https:\/\/www.biblia.work\/sermones\/wp-json\/wp\/v2\/posts\/34393","targetHints":{"allow":["GET"]}}],"collection":[{"href":"https:\/\/www.biblia.work\/sermones\/wp-json\/wp\/v2\/posts"}],"about":[{"href":"https:\/\/www.biblia.work\/sermones\/wp-json\/wp\/v2\/types\/post"}],"author":[{"embeddable":true,"href":"https:\/\/www.biblia.work\/sermones\/wp-json\/wp\/v2\/users\/1"}],"replies":[{"embeddable":true,"href":"https:\/\/www.biblia.work\/sermones\/wp-json\/wp\/v2\/comments?post=34393"}],"version-history":[{"count":0,"href":"https:\/\/www.biblia.work\/sermones\/wp-json\/wp\/v2\/posts\/34393\/revisions"}],"wp:attachment":[{"href":"https:\/\/www.biblia.work\/sermones\/wp-json\/wp\/v2\/media?parent=34393"}],"wp:term":[{"taxonomy":"category","embeddable":true,"href":"https:\/\/www.biblia.work\/sermones\/wp-json\/wp\/v2\/categories?post=34393"},{"taxonomy":"post_tag","embeddable":true,"href":"https:\/\/www.biblia.work\/sermones\/wp-json\/wp\/v2\/tags?post=34393"}],"curies":[{"name":"wp","href":"https:\/\/api.w.org\/{rel}","templated":true}]}}