{"id":34395,"date":"2016-06-20T13:21:18","date_gmt":"2016-06-20T18:21:18","guid":{"rendered":"http:\/\/www.biblia.work\/sermones\/marcos-914-29-ayudame-porque-tengo-poca-fe\/"},"modified":"2016-06-20T13:21:18","modified_gmt":"2016-06-20T18:21:18","slug":"marcos-914-29-ayudame-porque-tengo-poca-fe","status":"publish","type":"post","link":"https:\/\/www.biblia.work\/sermones\/marcos-914-29-ayudame-porque-tengo-poca-fe\/","title":{"rendered":"Marcos 9,14-29 &#8211; ay\u00fadame porque tengo poca fe"},"content":{"rendered":"<h2 style=\"text-align: justify;\">Texto del evangelio Mc 9,14-29 \u2013 ay\u00fadame porque tengo poca fe<\/h2>\n<p style=\"text-align: justify;\"><span style=\"color: #333399;\"><em>14. Cuando volvieron a donde estaban los otros disc\u00edpulos, los encontraron en medio de una gran multitud, discutiendo con algunos escribas. <\/em><\/span><br \/>\n<span style=\"color: #333399;\"><em>15. En cuanto la multitud distingui\u00f3 a Jes\u00fas, qued\u00f3 asombrada y corrieron a saludarlo. <\/em><\/span><br \/>\n<span style=\"color: #333399;\"><em>16. \u00c9l les pregunt\u00f3: \u00ab\u00bfSobre qu\u00e9 estaban discutiendo?\u00bb. <\/em><\/span><br \/>\n<span style=\"color: #333399;\"><em>17. Uno de ellos le dijo: \u00abMaestro, te he tra\u00eddo a mi hijo, que est\u00e1 pose\u00eddo de un esp\u00edritu mudo. <\/em><\/span><br \/>\n<span style=\"color: #333399;\"><em>18. Cuando se apodera de \u00e9l, lo tira al suelo y le hace echar espuma por la boca; entonces le crujen sus dientes y se queda r\u00edgido. Le ped\u00ed a tus disc\u00edpulos que lo expulsaran pero no pudieron\u00bb. <\/em><\/span><br \/>\n<span style=\"color: #333399;\"><em>19. \u00abGeneraci\u00f3n incr\u00e9dula, respondi\u00f3 Jes\u00fas, \u00bfhasta cu\u00e1ndo estar\u00e9 con ustedes? \u00bfHasta cu\u00e1ndo tendr\u00e9 que soportarlos? Tr\u00e1iganmelo\u00bb. <\/em><\/span><br \/>\n<span style=\"color: #333399;\"><em>20. Y ellos se lo trajeron. En cuanto vio a Jes\u00fas, el esp\u00edritu sacudi\u00f3 violentamente al ni\u00f1o, que cay\u00f3 al suelo y se revolcaba, echando espuma por la boca. <\/em><\/span><br \/>\n<span style=\"color: #333399;\"><em>21. Jes\u00fas le pregunt\u00f3 al padre: \u00ab\u00bfCu\u00e1nto tiempo hace que est\u00e1 as\u00ed?\u00bb. \u00abDesde la infancia, le respondi\u00f3, <\/em><\/span><br \/>\n<span style=\"color: #333399;\"><em>22. y a menudo lo hace caer en el fuego o en el agua para matarlo. Si puedes hacer algo, ten piedad de nosotros y ay\u00fadanos\u00bb. <\/em><\/span><br \/>\n<span style=\"color: #333399;\"><em>23. \u00ab\u00a1Si puedes&#8230;!\u00bb, respondi\u00f3 Jes\u00fas. \u00abTodo es posible para el que cree\u00bb. <\/em><\/span><br \/>\n<span style=\"color: #333399;\"><em>24. Inmediatamente el padre del ni\u00f1o exclam\u00f3: \u00abCreo, ay\u00fadame porque tengo poca fe \u00bb. <\/em><\/span><br \/>\n<span style=\"color: #333399;\"><em>25. Al ver que llegaba m\u00e1s gente, Jes\u00fas increp\u00f3 al esp\u00edritu impuro, dici\u00e9ndole: \u00abEsp\u00edritu mudo y sordo, yo te lo ordeno, sal de \u00e9l y no vuelvas m\u00e1s\u00bb. <\/em><\/span><br \/>\n<span style=\"color: #333399;\"><em>26. El demonio grit\u00f3, sacudi\u00f3 violentamente al ni\u00f1o y sali\u00f3 de \u00e9l, dej\u00e1ndolo como muerto, tanto que muchos dec\u00edan: \u00abEst\u00e1 muerto\u00bb. <\/em><\/span><br \/>\n<span style=\"color: #333399;\"><em>27. Pero Jes\u00fas, tom\u00e1ndolo de la mano, lo levant\u00f3, y el ni\u00f1o se puso de pie. <\/em><\/span><br \/>\n<span style=\"color: #333399;\"><em>28. Cuando entr\u00f3 a la casa y quedaron solos, los disc\u00edpulos le preguntaron: \u00ab\u00bfPor qu\u00e9 nosotros no pudimos expulsarlo?\u00bb. <\/em><\/span><br \/>\n<span style=\"color: #333399;\"><em>29. El les respondi\u00f3: \u00abEsta clase de demonios se expulsa s\u00f3lo con la oraci\u00f3n\u00bb.<\/em><\/span><\/p>\n<h2 style=\"text-align: justify;\">Reflexi\u00f3n: Mc 9,14-29<\/h2>\n<p style=\"text-align: justify;\">Leyendo y releyendo este texto extraemos muy r\u00e1pidamente cuatro\u00a0ideas muy n\u00edtidas para nuestra reflexi\u00f3n: la falta de fe, nada hay imposible para el que cree, la p\u00e9rdida de paciencia de Jes\u00fas y la oraci\u00f3n como la f\u00f3rmula para expulsar al demonio. Veamos en primer lugar al reto al que se enfrentan los disc\u00edpulos, y al que muchas veces nos estamos enfrentando nosotros. \u00bfAcaso no es cierto que muchas veces queremos resolver algunos asuntos graves al mismo estilo de Jes\u00fas, mediante un milagro? \u00bfCu\u00e1ntas veces tenemos que abandonar el intento derrotados y desanimados por el fracaso? En esta misma rid\u00edcula y vergonzosa situaci\u00f3n encontramos hoy a los disc\u00edpulos de Jes\u00fas. Podemos imaginarlos, rodeados de gente y tratando de curar como Jes\u00fas, sin ning\u00fan resultado. Si hab\u00edan curado y resuelto otros caso, no lo sabemos a ciencia cierta, pero es posible, porque de otro modo no lo hubieran intentado con este y no se estar\u00edan preguntando el porqu\u00e9 de su fracaso. Esto nos lleva a pensar que hay una gradualidad en la fe, que nunca la alcanzaremos en su plenitud, pero que no por eso debemos dejar de ejercerla, como lo hacen los disc\u00edpulos. No podemos sentarnos a esperar a que esta crezca lo suficiente para entonces dejarnos guiar por ella. Es preciso ponernos a actuar inmediatamente, teniendo en cuenta que <strong><em>\u201ctodo es posible para el que cree\u201d<\/em><\/strong>, tal como nos lo dice el Se\u00f1or. <strong><em>\u00ab\u00a1Si puedes&#8230;!\u00bb, respondi\u00f3 Jes\u00fas. \u00abTodo es posible para el que cree\u00bb. Inmediatamente el padre del ni\u00f1o exclam\u00f3: \u00abCreo, ay\u00fadame porque tengo poca fe \u00bb.<\/em><\/strong><\/p>\n<p style=\"text-align: justify;\"><span id=\"more-504\"><\/span><\/p>\n<p style=\"text-align: justify;\">Creer es fundamental. Es en ello que debemos concentrarnos. Pero hay dos coas respecto al creer que debemos reflexionar. La primera es que no se trata de un ejercicio mental de repetici\u00f3n de un mantra, sino del ejercicio pr\u00e1ctico de la fe en la vida cotidiana. En otras palabras, la fe la expresamos en nuestra forma de vida, en lo que hacemos. Dicho de otro modo, lo que hacemos trasluce nuestra fe y es, por lo tanto, en este accionar cotidiano que se ir\u00e1 notando la profundidad de nuestra fe y ser\u00e1 entonces que, tan gradualmente como optemos por creer, que los frutos ilimitados de la fe aflorar\u00e1n. Esa afirmaci\u00f3n de Jes\u00fas, \u201ctodo es posible para el que cree\u201d est\u00e1 referida a aqu\u00e9l que se ha entregado por completo a la fe, tal como nos lo reclama Jes\u00fas. Es precisa esta fe, que la tenemos o no en el arraigo, profundidad y determinaci\u00f3n requerida. Lo que entendemos que ocurre es que queremos creer, es cierto, pero no llegamos a creer, no al extremo de cambiar nuestras vidas, al extremo de dejarlo todo y seguirlo, como Jes\u00fas nos exige. Entonces, ocurre que somos buenos, en una variedad de matices que va desde el negro hasta el blanco, pasando por una infinidad de matices. Y eso, a lo que lamentablemente nos hemos acostumbrado, no es fe. No basta con ir los domingos a Misa, como la \u00fanica manifestaci\u00f3n de fe de nuestras vidas, como no puede bastar con las oraciones de la ma\u00f1ana o de la noche. No basta con vivir en una dicotom\u00eda, donde tenemos reservado un espacio para la fe y la oraci\u00f3n. No es suficiente. Es toda nuestra vida la que debe hablar de nuestra fe. TODA. Esto solo es posible si vivimos coherentemente nuestra fe, haciendo de alcanzar las promesas de Cristo el fin de nuestra existencia, lo cual implicar\u00e1 muchas veces cambiar totalmente nuestro modo de vida. Si no lo entendemos as\u00ed, es posible que sigamos haciendo papelones que solo evidenciar\u00e1n nuestra pobre fe. La impaciencia de Jes\u00fas es precisamente por eso, porque no llegamos a creer, porque en realidad no tenemos fe o es tan escasa, que jam\u00e1s tendremos el valor de proclamarla con decisi\u00f3n y valent\u00eda cuando debemos. Seguiremos viviendo como hasta ahora, una fe \u00edntima, privada, que no solo no se refleja en lo que hacemos, sino que no tiene manifestaci\u00f3n alguna en nuestro vestir, modo de hablar, costumbres, distracciones, lecturas, etc. Es tan privada que solo nosotros sabemos que la profesamos, porque hacemos todo exactamente como los dem\u00e1s, sin dar el menor indicio de diferencia. Solo as\u00ed es posible imaginar un colectivo de mujeres que se dicen cat\u00f3licas y que est\u00e1 a favor del aborto, por ejemplo. O el caso m\u00e1s penoso y notable del <strong><em><a href=\"https:\/\/es.wikipedia.org\/wiki\/Sodalicio_de_Vida_Cristiana\" target=\"_blank\">Sodalicio<\/a><\/em><\/strong> actualmente en desarrollo e investigaci\u00f3n en el Per\u00fa, instituci\u00f3n religiosa cat\u00f3lica cuya actividad es extraordinaria y que sin embargo tiene entre sus fundadores \u2013uno de los cuales era voceado para ser considerado a la santidad- acusados de abusos contra menores, con denuncias realmente estremecedoras. <strong><em>\u00ab\u00a1Si puedes&#8230;!\u00bb, respondi\u00f3 Jes\u00fas. \u00abTodo es posible para el que cree\u00bb. Inmediatamente el padre del ni\u00f1o exclam\u00f3: \u00abCreo, ay\u00fadame porque tengo poca fe \u00bb.<\/em><\/strong><\/p>\n<p style=\"text-align: justify;\">Con estos lamentables comportamientos en el mundo entero, auspiciados por supuestos seguidores de Cristo, es comprensible que el Se\u00f1or pierda la paciencia. Sabemos que su Misericordia es infinita, que no somos nadie para juzgar y que Dios nos ha dado la libertad de escoger entre Dios o el Dinero y que son muchos los que escogen el Dinero y con ello su condenaci\u00f3n. Pero tambi\u00e9n son innumerables los casos de santidad verdadera, de cuyas vidas tenemos evidencias que estuvieron dedicadas al amor a Dios y al pr\u00f3jimo y han sido bendecidas con frutos innumerables. Estos son los ejemplos que debemos seguir, los que nos deben servir de inspiraci\u00f3n en nuestra vida cotidiana, teniendo en cuenta que \u201ctodo es posible para el que cree\u201d. Pero para alcanzar la fe que requiere enfrentar cristianamente este mundo, es necesaria la oraci\u00f3n, tal como nos lo dice el Se\u00f1or. Para hacer todo posible, tenemos que orar, porque no est\u00e1 en nuestras manos hacerlo, sino en las de Dios. Se trata de una Gracia que debemos pedir incansablemente. Lo hemos dicho varias veces, creer no es el resultado de un ejercicio de razonamiento, sino de la piedad. Para creer es imprescindible estar unidos a Jes\u00fas, lo que implica esforzarnos por cambiar muchas de nuestras actitudes cotidianas, aquellas que pretendemos justificar obligando a los dem\u00e1s que nos acepten como somos, como si no fu\u00e9ramos capaces de cambiar, sobre todo cuando sabemos que estamos equivocados, que somos caprichosos y soberbios. Hemos de practicar la humildad, pedir perd\u00f3n y esforzarnos por cambiar. Pero no solo deben cambiar nuestras actitudes, sino tambi\u00e9n nuestras acciones. Debemos dejar de hacer lo mismo de siempre, para darle espacio al amor y la caridad, aun a costa de sacrificios. No habr\u00e1 otra forma de configurarnos con Cristo si no nos esforzamos por amar a Dios y a nuestro pr\u00f3jimo, lo que debe evidenciarse en nuestra vida cotidiana de modo concreto, trabajando por los dem\u00e1s, dedicando nuestro tiempo y atenci\u00f3n a los que m\u00e1s sufren. <strong><em>\u00ab\u00a1Si puedes&#8230;!\u00bb, respondi\u00f3 Jes\u00fas. \u00abTodo es posible para el que cree\u00bb. Inmediatamente el padre del ni\u00f1o exclam\u00f3: \u00abCreo, ay\u00fadame porque tengo poca fe \u00bb.<\/em><\/strong><\/p>\n<h2 style=\"text-align: justify;\">Oremos:<\/h2>\n<p style=\"text-align: justify;\">Padre Santo, danos el valor de seguirte decididamente, confiando plenamente en Tu Gracia y Misericordia\u2026Te lo pedimos por nuestro Se\u00f1or Jesucristo, que vive y reina contigo en unidad del Esp\u00edritu Santo y es Dios, por los siglos de los siglos\u2026Am\u00e9n.<\/p>\n<h1 style=\"text-align: justify;\">Roguemos al Se\u00f1or\u2026<\/h1>\n<h2 style=\"text-align: justify;\">Te lo pedimos Se\u00f1or.<\/h2>\n<p style=\"text-align: justify;\">(A\u00f1ade tus oraciones por las intenciones que desees, para que todos los que pasemos por aqu\u00ed tengamos oportunidad de unirnos a tus plegarias)<\/p>\n<h3 style=\"text-align: justify;\">P Jorge Loring S J La Fe y el ate\u00edsmo<\/h3>\n<p><iframe loading=\"lazy\" src=\"https:\/\/www.youtube.com\/embed\/w3oCYFvbV9Y?rel=0\" width=\"480\" height=\"360\" frameborder=\"0\" allowfullscreen=\"allowfullscreen\"><\/iframe><\/p>\n<p class=\"bawpvc-ajax-counter\" data-id=\"504\"> (53) vistas<\/p>\n","protected":false},"excerpt":{"rendered":"<p>Texto del evangelio Mc 9,14-29 \u2013 ay\u00fadame porque tengo poca fe 14. Cuando volvieron a donde estaban los otros disc\u00edpulos, los encontraron en medio de una gran multitud, discutiendo con algunos escribas. 15. En cuanto la multitud distingui\u00f3 a Jes\u00fas, qued\u00f3 asombrada y corrieron a saludarlo. 16. \u00c9l les pregunt\u00f3: \u00ab\u00bfSobre qu\u00e9 estaban discutiendo?\u00bb. 17. &hellip; <a href=\"https:\/\/www.biblia.work\/sermones\/marcos-914-29-ayudame-porque-tengo-poca-fe\/\" class=\"more-link\">Continuar leyendo<span class=\"screen-reader-text\"> \u00abMarcos 9,14-29 &#8211; ay\u00fadame porque tengo poca fe\u00bb<\/span><\/a><\/p>\n","protected":false},"author":1,"featured_media":0,"comment_status":"open","ping_status":"closed","sticky":false,"template":"","format":"standard","meta":{"footnotes":""},"categories":[1],"tags":[],"class_list":["post-34395","post","type-post","status-publish","format-standard","hentry","category-general"],"_links":{"self":[{"href":"https:\/\/www.biblia.work\/sermones\/wp-json\/wp\/v2\/posts\/34395","targetHints":{"allow":["GET"]}}],"collection":[{"href":"https:\/\/www.biblia.work\/sermones\/wp-json\/wp\/v2\/posts"}],"about":[{"href":"https:\/\/www.biblia.work\/sermones\/wp-json\/wp\/v2\/types\/post"}],"author":[{"embeddable":true,"href":"https:\/\/www.biblia.work\/sermones\/wp-json\/wp\/v2\/users\/1"}],"replies":[{"embeddable":true,"href":"https:\/\/www.biblia.work\/sermones\/wp-json\/wp\/v2\/comments?post=34395"}],"version-history":[{"count":0,"href":"https:\/\/www.biblia.work\/sermones\/wp-json\/wp\/v2\/posts\/34395\/revisions"}],"wp:attachment":[{"href":"https:\/\/www.biblia.work\/sermones\/wp-json\/wp\/v2\/media?parent=34395"}],"wp:term":[{"taxonomy":"category","embeddable":true,"href":"https:\/\/www.biblia.work\/sermones\/wp-json\/wp\/v2\/categories?post=34395"},{"taxonomy":"post_tag","embeddable":true,"href":"https:\/\/www.biblia.work\/sermones\/wp-json\/wp\/v2\/tags?post=34395"}],"curies":[{"name":"wp","href":"https:\/\/api.w.org\/{rel}","templated":true}]}}