{"id":34398,"date":"2016-06-20T13:21:28","date_gmt":"2016-06-20T18:21:28","guid":{"rendered":"http:\/\/www.biblia.work\/sermones\/juan-2115-19-apacienta-mis-ovejas\/"},"modified":"2016-06-20T13:21:28","modified_gmt":"2016-06-20T18:21:28","slug":"juan-2115-19-apacienta-mis-ovejas","status":"publish","type":"post","link":"https:\/\/www.biblia.work\/sermones\/juan-2115-19-apacienta-mis-ovejas\/","title":{"rendered":"Juan 21,15-19 &#8211; Apacienta mis ovejas"},"content":{"rendered":"<h2 style=\"text-align: justify;\">Texto del evangelio Jn 21,15-19 \u2013 Apacienta mis ovejas<\/h2>\n<p style=\"text-align: justify;\"><span style=\"color: #333399;\"><em>15. Despu\u00e9s de comer, Jes\u00fas dijo a Sim\u00f3n Pedro: \u00abSim\u00f3n, hijo de Juan, \u00bfme amas m\u00e1s que estos?\u00bb. \u00c9l le respondi\u00f3: \u00abS\u00ed, Se\u00f1or, t\u00fa sabes que te quiero\u00bb. Jes\u00fas le dijo: \u00abApacienta mis corderos\u00bb. <\/em><\/span><br \/>\n<span style=\"color: #333399;\"><em>16. Le volvi\u00f3 a decir por segunda vez: \u00abSim\u00f3n, hijo de Juan, \u00bfme amas?\u00bb. \u00c9l le respondi\u00f3: \u00abS\u00ed, Se\u00f1or, sabes que te quiero\u00bb. Jes\u00fas le dijo: \u00abApacienta mis ovejas\u00bb. 17. Le pregunt\u00f3 por tercera vez: \u00abSim\u00f3n, hijo de Juan, \u00bfme quieres?\u00bb. Pedro se entristeci\u00f3 de que por tercera vez le preguntara si lo quer\u00eda, y le dijo: \u00abSe\u00f1or, t\u00fa lo sabes todo; sabes que te quiero\u00bb. Jes\u00fas le dijo: \u00ab Apacienta mis ovejas. <\/em><\/span><br \/>\n<span style=\"color: #333399;\"><em>18. Te aseguro que cuando eras joven t\u00fa mismo te vest\u00edas e ibas a donde quer\u00edas. Pero cuando seas viejo, extender\u00e1s tus brazos, y otro te atar\u00e1 y te llevar\u00e1 a donde no quieras\u00bb. <\/em><\/span><br \/>\n<span style=\"color: #333399;\"><em>19. De esta manera, indicaba con qu\u00e9 muerte Pedro deb\u00eda glorificar a Dios. Y despu\u00e9s de hablar as\u00ed, le dijo: \u00abS\u00edgueme\u00bb.<\/em><\/span><\/p>\n<h2 style=\"text-align: justify;\">Reflexi\u00f3n: Jn 21,15-19<\/h2>\n<p style=\"text-align: justify;\">El amor a Dios ha de expresarse en obras. Estas obras han de ser de amor. El que ama al Se\u00f1or y le oye, ha de hacer la Voluntad de Dios y esta es llevar paz y uni\u00f3n, como dec\u00edamos ayer. Hoy el Se\u00f1or nos habla de paz, que ha de ser el ingrediente fundamental de la vida cristiana, ingrediente que nosotros somos responsables de promover y crear. No se trata de confrontar, ni acusar, ni inquietar, ni mortificar, sino de llevar paz. Una paz nacida de la esperanza, del saberse protegidos y acogidos. La paz de quienes conf\u00edan y esperan en el Buen Pastor, aquel que da Su vida por sus ovejas, aquel que las llama por su nombre y que no permite que una sola se pierda. Esa es la paz que Jes\u00fas le pide a Pedro que infunda y con \u00e9l, a todos nosotros. Esta ha de ser nuestra tarea si como decimos, le amamos. No hay otra. No hay atajos, ni sin\u00f3nimos, ni nada que interpretar, ni relativizar. Hay que ser capaces de llevar paz. Esa debe ser nuestra principal ocupaci\u00f3n, nuestra principal inquietud, incluso por encima de nuestros errores, temores y debilidades. Qu\u00e9 importa lo que hiciste; ya est\u00e1 perdonado. Importa lo que hagas de aqu\u00ed en adelante, aseg\u00farate de haberlo comprendido. Por eso el Se\u00f1or se lo repite hasta tres veces a Pedro, porque es muy f\u00e1cil decir que s\u00ed, pero otra muy distinta llevarlo a la pr\u00e1ctica. Para ello hemos de reconocer primero nuestras debilidades, nuestros fracasos, nuestros temores, para superarlos. No sea que como antes digamos una cosa y luego terminemos haciendo lo contrario y ech\u00e1ndolo todo a perder. Sabemos que no basta responder a la ligera, es preciso hacer un acto de contrici\u00f3n y un verdadero prop\u00f3sito de enmienda, sino, otra vez volveremos a las andadas y en un d\u00eda o dos, estaremos nuevamente lamentando no haber hecho lo que deb\u00edamos. Es preciso tomar conciencia, para no volver a caer. Es cierto, podemos caer y el Se\u00f1or lo sabe, pero debemos esforzarnos por evitarlo, proponi\u00e9ndonos siempre llevar paz. Ese es el mandato de Jes\u00fas, el Buen Pastor. <strong><em>Le pregunt\u00f3 por tercera vez: \u00abSim\u00f3n, hijo de Juan, \u00bfme quieres?\u00bb. Pedro se entristeci\u00f3 de que por tercera vez le preguntara si lo quer\u00eda, y le dijo: \u00abSe\u00f1or, t\u00fa lo sabes todo; sabes que te quiero\u00bb. Jes\u00fas le dijo: \u00ab Apacienta mis ovejas.<\/em><\/strong><\/p>\n<p style=\"text-align: justify;\"><span id=\"more-486\"><\/span><\/p>\n<p style=\"text-align: justify;\">Hemos de ser portadores de la Buena Nueva y esta debe llevar y transmitir paz. Qu\u00e9 importante para distinguir lo que viene de Dios de aquello que viene del demonio, aunque est\u00e9 disfrazado de evangelio. Si no somos constructores de paz, si renunciamos a ello, definitivamente no estamos haciendo lo que el Se\u00f1or nos manda y tenemos que detenernos a reflexionar en qu\u00e9 estamos fallando. Si hay algo que nos hace perder la paz f\u00e1cilmente, si por m\u00e1s buenos prop\u00f3sitos que nos hacemos, terminamos violentando al mundo entero o neg\u00e1ndolo todo con tal de huir; si no somos capaces de dialogar y presentar la Buena Nueva en paz y promoviendo la paz, debemos detenernos a reflexionar y orar, porque en algo estamos fallando. Nuestro deber es apacentar las ovejas del Se\u00f1or. All\u00ed tenemos que estar, con ellas y llev\u00e1ndoles la paz. \u00bfC\u00f3mo podremos llevar paz si nuestros corazones se encuentran alborotados y confusos? La paz es obra de Dios. Hemos de recurrir a \u00c9l, de dos modos: oyendo su Palabra que es Vida y por lo tanto tiene el poder de transformarnos y orando incansablemente, pidiendo esta Gracia. No estamos librados a nuestra suerte. Como lo dec\u00edamos en otra ocasi\u00f3n, no es un asunto que depende de nuestra capacidad, ni de nuestro voluntarismo. Es la Misi\u00f3n de Cristo, a la cual nos unimos y que no podremos cumplir sin \u00c9l. Pidamos la Gracia de mantenernos siempre unidos a \u00c9l, por la oraci\u00f3n y la frecuencia en los Sacramentos, especialmente el de la Sant\u00edsima Eucarist\u00eda. Si Jesucristo ha querido quedarse como verdadera comida y verdadera bebida para nosotros, para fortalecernos, no lo despreciemos y acudamos con toda la frecuencia que sea necesaria a pedir su auxilio, que \u00c9l jam\u00e1s nos defraudar\u00e1. <strong><em>Le pregunt\u00f3 por tercera vez: \u00abSim\u00f3n, hijo de Juan, \u00bfme quieres?\u00bb. Pedro se entristeci\u00f3 de que por tercera vez le preguntara si lo quer\u00eda, y le dijo: \u00abSe\u00f1or, t\u00fa lo sabes todo; sabes que te quiero\u00bb. Jes\u00fas le dijo: \u00ab Apacienta mis ovejas.<\/em><\/strong><\/p>\n<p style=\"text-align: justify;\">Finalmente, siendo hoy un d\u00eda tan especial para la Iglesia, pidamos la intercesi\u00f3n de la Sant\u00edsima Virgen Mar\u00eda, nuestra Madre, para alcanzar las promesas de nuestro Se\u00f1or Jesucristo. Ella, como cualquiera de nosotros, pero especialmente como madre, puede comprender nuestras debilidades y flaquezas, e implorar de m\u00e1s cerca el auxilio del Se\u00f1or para nuestras vidas, para que podamos superarnos, defendi\u00e9ndonos de las tretas y estratagemas del Demonio, que se van haciendo m\u00e1s sutiles y enga\u00f1osas, mientras m\u00e1s avanzamos. No nos descuidemos ni cantemos victoria, que no podemos darle la menor ventaja. Tal como el term\u00f3metro nos indica la presencia de fiebre y esta a su vez la de alguna enfermedad o mal que nos aqueja f\u00edsicamente, la paz ha de ser el instrumento que nos permita detectar cuan bien estamos haciendo las cosas, cuan apegadas al mandato de nuestro Se\u00f1or. La asidua oraci\u00f3n a la Virgen Mar\u00eda pidiendo su intercesi\u00f3n a trav\u00e9s del Rosario es un medio extraordinario en nuestra lucha contra las tentaciones del Demonio. En tal sentido, hoy que celebramos a la Virgen de F\u00e1tima que se apareci\u00f3 a aquellos pastorcillos de Portugal, debemos proponernos incorporar a nuestra vida de piedad esta oraci\u00f3n, d\u00e1ndole un espacio especial y, tal como recomienda el Padre Loreing, rez\u00e1ndolo en familia o con otros, en comunidad y ya, si no se puede, rez\u00e1ndolo ante el Sant\u00edsimo en cualquier templo. Si reconocemos que es la ayuda de Dios la \u00fanica que nos permitir\u00e1 cumplir el mandato del Se\u00f1or, hemos d acudir a \u00c9l frecuentemente por todos los medios a nuestro alcance y el Rosario, despu\u00e9s de la Eucarist\u00eda constituye una palanca extraordinaria, que adem\u00e1s nos ayudar\u00e1 a protegernos de las tentaciones del Maligno. No subestimemos el poder de este cachudo enemigo, que te coge donde menos esperas y aprovech\u00e1ndose de tus debilidades, que son sus fortalezas, echa por tierra todos tus buenos prop\u00f3sitos. \u00a1No lo permitamos! \u00a1Tenemos todas las armaduras necesarias para mantener la Victoria del Se\u00f1or sobre la mentira, las sombras y la muerte! \u00a1No las dejemos! \u00a1Us\u00e9moslas! <strong><em>Le pregunt\u00f3 por tercera vez: \u00abSim\u00f3n, hijo de Juan, \u00bfme quieres?\u00bb. Pedro se entristeci\u00f3 de que por tercera vez le preguntara si lo quer\u00eda, y le dijo: \u00abSe\u00f1or, t\u00fa lo sabes todo; sabes que te quiero\u00bb. Jes\u00fas le dijo: \u00ab Apacienta mis ovejas.<\/em><\/strong><\/p>\n<h2 style=\"text-align: justify;\">Oremos:<\/h2>\n<p style=\"text-align: justify;\">Padre Santo, no permitas que nos dejemos dominar por nuestras ansiedades y angustias que solo tienen origen en el pecado. Haznos instrumentos de paz\u2026Te lo pedimos por nuestro Se\u00f1or Jesucristo, que vive y reina contigo en unidad del Esp\u00edritu Santo y es Dios, por los siglos de los siglos\u2026Am\u00e9n.<\/p>\n<h1 style=\"text-align: justify;\">Roguemos al Se\u00f1or\u2026<\/h1>\n<h2 style=\"text-align: justify;\">Te lo pedimos Se\u00f1or.<\/h2>\n<p style=\"text-align: justify;\">(A\u00f1ade tus oraciones por las intenciones que desees, para que todos los que pasemos por aqu\u00ed tengamos oportunidad de unirnos a tus plegarias)<\/p>\n<h3 class=\"yt watch-title-container\"><span id=\"eow-title\" class=\"watch-title\" dir=\"ltr\" title=\"Padre Jorge Loring - Maria medianera de todas las gracias\">Padre Jorge Loring &#8211; Maria medianera de todas las gracias<\/span><\/h3>\n<p><iframe loading=\"lazy\" src=\"https:\/\/www.youtube.com\/embed\/hk2pJH9Na2o?rel=0\" width=\"480\" height=\"360\" frameborder=\"0\" allowfullscreen=\"allowfullscreen\"><\/iframe><\/p>\n<p>&nbsp;<\/p>\n<h3>Pel\u00edcula &#8220;Las Apariciones de la Virgen de F\u00e1tima&#8221;<\/h3>\n<p><iframe loading=\"lazy\" src=\"https:\/\/www.youtube.com\/embed\/EWrfSo1HDpw?rel=0\" width=\"560\" height=\"315\" frameborder=\"0\" allowfullscreen=\"allowfullscreen\"><\/iframe><\/p>\n<p class=\"bawpvc-ajax-counter\" data-id=\"486\"> (29) vistas<\/p>\n","protected":false},"excerpt":{"rendered":"<p>Texto del evangelio Jn 21,15-19 \u2013 Apacienta mis ovejas 15. Despu\u00e9s de comer, Jes\u00fas dijo a Sim\u00f3n Pedro: \u00abSim\u00f3n, hijo de Juan, \u00bfme amas m\u00e1s que estos?\u00bb. \u00c9l le respondi\u00f3: \u00abS\u00ed, Se\u00f1or, t\u00fa sabes que te quiero\u00bb. Jes\u00fas le dijo: \u00abApacienta mis corderos\u00bb. 16. Le volvi\u00f3 a decir por segunda vez: \u00abSim\u00f3n, hijo de Juan, &hellip; <a href=\"https:\/\/www.biblia.work\/sermones\/juan-2115-19-apacienta-mis-ovejas\/\" class=\"more-link\">Continuar leyendo<span class=\"screen-reader-text\"> \u00abJuan 21,15-19 &#8211; Apacienta mis ovejas\u00bb<\/span><\/a><\/p>\n","protected":false},"author":1,"featured_media":0,"comment_status":"open","ping_status":"closed","sticky":false,"template":"","format":"standard","meta":{"footnotes":""},"categories":[1],"tags":[],"class_list":["post-34398","post","type-post","status-publish","format-standard","hentry","category-general"],"_links":{"self":[{"href":"https:\/\/www.biblia.work\/sermones\/wp-json\/wp\/v2\/posts\/34398","targetHints":{"allow":["GET"]}}],"collection":[{"href":"https:\/\/www.biblia.work\/sermones\/wp-json\/wp\/v2\/posts"}],"about":[{"href":"https:\/\/www.biblia.work\/sermones\/wp-json\/wp\/v2\/types\/post"}],"author":[{"embeddable":true,"href":"https:\/\/www.biblia.work\/sermones\/wp-json\/wp\/v2\/users\/1"}],"replies":[{"embeddable":true,"href":"https:\/\/www.biblia.work\/sermones\/wp-json\/wp\/v2\/comments?post=34398"}],"version-history":[{"count":0,"href":"https:\/\/www.biblia.work\/sermones\/wp-json\/wp\/v2\/posts\/34398\/revisions"}],"wp:attachment":[{"href":"https:\/\/www.biblia.work\/sermones\/wp-json\/wp\/v2\/media?parent=34398"}],"wp:term":[{"taxonomy":"category","embeddable":true,"href":"https:\/\/www.biblia.work\/sermones\/wp-json\/wp\/v2\/categories?post=34398"},{"taxonomy":"post_tag","embeddable":true,"href":"https:\/\/www.biblia.work\/sermones\/wp-json\/wp\/v2\/tags?post=34398"}],"curies":[{"name":"wp","href":"https:\/\/api.w.org\/{rel}","templated":true}]}}