{"id":34399,"date":"2016-06-20T13:21:30","date_gmt":"2016-06-20T18:21:30","guid":{"rendered":"http:\/\/www.biblia.work\/sermones\/juan-1720-2-que-todos-sean-uno\/"},"modified":"2016-06-20T13:21:30","modified_gmt":"2016-06-20T18:21:30","slug":"juan-1720-2-que-todos-sean-uno","status":"publish","type":"post","link":"https:\/\/www.biblia.work\/sermones\/juan-1720-2-que-todos-sean-uno\/","title":{"rendered":"Juan 17,20-2 &#8211; Que todos sean uno"},"content":{"rendered":"<h2>Texto del evangelio Jn 17,20-26 \u2013 Que todos sean uno<\/h2>\n<p style=\"text-align: justify;\"><span style=\"color: #333399;\"><em>20. No ruego solamente por ellos, sino tambi\u00e9n por los que, gracias a su palabra, creer\u00e1n en m\u00ed. <\/em><\/span><br \/>\n<span style=\"color: #333399;\"><em>21. Que todos sean uno: como t\u00fa, Padre, est\u00e1s en m\u00ed y yo en ti, que tambi\u00e9n ellos sean uno en nosotros, para que el mundo crea que t\u00fa me enviaste. <\/em><\/span><br \/>\n<span style=\"color: #333399;\"><em>22. Yo les he dado la gloria que t\u00fa me diste, para que sean uno, como nosotros somos uno <\/em><\/span><br \/>\n<span style=\"color: #333399;\"><em>23. Yo en ellos y t\u00fa en m\u00ed, para que sean perfectamente uno y el mundo conozca que t\u00fa me has enviado, y que yo los am\u00e9 c\u00f3mo t\u00fa me amaste. <\/em><\/span><br \/>\n<span style=\"color: #333399;\"><em>24. Padre, quiero que los que t\u00fa me diste est\u00e9n conmigo donde yo est\u00e9, para que contemplen la gloria que me has dado, porque ya me amabas antes de la creaci\u00f3n del mundo. <\/em><\/span><br \/>\n<span style=\"color: #333399;\"><em>25. Padre justo, el mundo no te ha conocido, pero yo te conoc\u00ed, y ellos reconocieron que t\u00fa me enviaste. <\/em><\/span><br \/>\n<span style=\"color: #333399;\"><em>26. Les di a conocer tu Nombre, y se lo seguir\u00e9 dando a conocer, para que el amor con que t\u00fa me amaste est\u00e9 en ellos, y yo tambi\u00e9n est\u00e9 en ellos\u00bb<\/em><\/span><\/p>\n<h2>Reflexi\u00f3n: Jn 17,20-26<\/h2>\n<p style=\"text-align: justify;\">Cuando terminaba de leer este texto como un rayo de luz cayeron sobre mi mente y mi coraz\u00f3n las veces que de una u otra forma me he apartado de ciertas agrupaciones de ciertos amigos, pero sobre todo de ciertas actividades de la Iglesia por encontrar serias diferencias entre los que pienso y proclamo, que lo creo m\u00e1s acorde con el pensamiento de Jes\u00fas, que lo que piensan y proclaman algunos religiosos o l\u00edderes de algunos movimientos o parroquias. M\u00e1s all\u00e1 de la soberbia que podr\u00eda representar mi actitud, al creerme o juzgarme en lo correcto y al margen de si tuviera raz\u00f3n o no, est\u00e1 mi preocupante actitud de alejarme, separarme, diferenciarme e incluso renunciar a participar como se\u00f1al evidente de no estar en comuni\u00f3n con aquellos hermanos o hermanas. Reci\u00e9n caigo y lo veo muy claro. Todas esas veces, si tuve raz\u00f3n o no, poco importa, le estuve haciendo el juego al demonio que busca dividirnos, por cualquier lado, por lo que sea y \u2013Dios m\u00edo, perd\u00f3name- conmigo creo que siempre lo ha logrado. Cualquier motivo siempre fue bueno, porque \u00e9l siempre supo que pisar\u00eda el palito y todo aquel empuje que tra\u00eda inspirado por el Esp\u00edritu Santo lo echaba por tierra. S\u00ed, ahora lo veo claro. De all\u00ed que no haya progresado en ninguna direcci\u00f3n y a todas les haya encontrado alg\u00fan pero; y es que seguramente lo tienen, pero \u00bfqu\u00e9 es m\u00e1s importante? \u00bfEs m\u00e1s importante que yo tenga raz\u00f3n, que a todas podamos torcerles por alg\u00fan motivo nuestra respingada nariz o m\u00e1s importante es la unidad? \u00a1Por supuesto! <strong><em>\u00a1Much\u00edsimo m\u00e1s importante es la unidad!<\/em><\/strong> La cual en la pr\u00e1ctica no he sabido sostener. No es saliendo que se cambia y mejora, sino dando la lucha interna, cediendo a veces, retrocediendo otras, concediendo algunos puntos a cambio de otros, pero siempre buscando la ARMON\u00cdA, la UNI\u00d3N. \u00a1Qu\u00e9 equivocado he estado! Lo importante no es tener la raz\u00f3n, ni disentir, lo importante es construir la uni\u00f3n a pesar de todo. <strong><em>Que todos sean uno: como t\u00fa, Padre, est\u00e1s en m\u00ed y yo en ti, que tambi\u00e9n ellos sean uno en nosotros, para que el mundo crea que t\u00fa me enviaste.<\/em><\/strong><\/p>\n<p style=\"text-align: justify;\"><span id=\"more-478\"><\/span><\/p>\n<p style=\"text-align: justify;\">\u00a1Qu\u00e9 f\u00e1cil presa del demonio he sido! Por mi vanidad, por mi soberbia, por mi orgullo. \u00a1C\u00f3mo podemos caer tan f\u00e1cilmente en el enga\u00f1o a nombre de la fe! Pienso en varios casos y algunos realmente extremos, en los que siempre cre\u00ed que hab\u00eda llegado al l\u00edmite de lo soportable y que hab\u00eda obrado correctamente saliendo, porque de otro modo nunca \u00edbamos a ponernos de acuerdo y nuestras diferencias iban a tornarse en obst\u00e1culo. \u00a1Qu\u00e9 error! Lo que tendr\u00eda que haber hecho, ahora me doy cuenta, es haber cedido un poco, haberme replegado un poco y conversar, conversar y conversar, creando ocasiones para limar asperezas y superar nuestras diferencias o en el peor de los casos, deponer toda mis pretensiones a cambio de la unidad, como San Francisco, como San Ignacio. Las divisiones y rencillas son cosas del demonio, por m\u00e1s disfrazadas y maquilladas que estas parezcan a nuestros ojos. Por eso, obviamente, siempre aparecer\u00e1n como razonables, como l\u00f3gicas, y, nada extra\u00f1o, d\u00e1ndonos la raz\u00f3n. Siempre sentiremos en nuestro interior y en nuestros hombros el toque aquel de paciencia y empat\u00eda que parece venir de nuestro buen amigo Jes\u00fas, sin embargo es claro que en este caso se trata del enemigo, del gran embustero, del demonio, que haci\u00e9ndose pasar por Jes\u00fas, nos anima de este modo a seguir por esta v\u00eda del enfrentamiento y la desuni\u00f3n. \u00bfQu\u00e9 cosa puede ser mejor para \u00e9l, que desistamos del amor y de la unidad? \u00a1Qu\u00e9 tonto he sido! <strong><em>\u00a1Qu\u00e9 tontos somos cuando nos dejamos aconsejar por el art\u00edfice del odio, del orgullo, de la vanidad, del ego\u00edsmo y la desuni\u00f3n!<\/em><\/strong> Por eso debemos estar alertas, para no caer en el juego. Los seres humanos somos todos distintos, pero no por eso tenemos que ser necesariamente irreconciliables. Jesucristo nos ha dado el ejemplo de hasta d\u00f3nde debemos estar dispuestos a llegar por amor y nosotros, llam\u00e1ndonos cristianos, tiramos por la borda todo a penas surge la primera oposici\u00f3n. \u00a1Qu\u00e9 ser\u00eda si vivi\u00e9ramos en la Roma de los primeros cristianos o en Siria! Hace rato hubi\u00e9ramos abandonado el cristianismo por semejante oposici\u00f3n. \u00a1Aprendamos a trabajar nuestras peque\u00f1as diferencias en favor de la unidad! <strong><em>Que todos sean uno: como t\u00fa, Padre, est\u00e1s en m\u00ed y yo en ti, que tambi\u00e9n ellos sean uno en nosotros, para que el mundo crea que t\u00fa me enviaste.<\/em><\/strong><\/p>\n<p style=\"text-align: justify;\">Sin embargo, hay algo inmensamente grade que nos llena de esperanza respecto al presente y el futuro. Esta es la oraci\u00f3n de Jes\u00fas. Es que el Se\u00f1or ya sab\u00eda de estas miserias nuestras y lo que pide al Padre es precisamente por nosotros, para que sepamos salir de esta actitud negativa que nos lleva a romper unos con otros, cuando lo que deb\u00edamos buscar es el amor y la unidad. <strong><em>El Se\u00f1or est\u00e1 en nosotros, como el Padre est\u00e1 en el Hijo y viceversa. Eso nos hace uno con ellos y contamos con la fuerza del Esp\u00edritu Santo para fortalecer esta uni\u00f3n.<\/em><\/strong> Esta no ha de ser el resultado de nuestra voluntad o de nuestra raz\u00f3n, sino el resultado de la oraci\u00f3n, en la que debemos unirnos con el mism\u00edsimo Se\u00f1or Jesucristo. Es la Fe y confianza en \u00c9l la que dar\u00e1 los frutos de unidad que tanto anhelamos y que todos debemos procurar. Nos parece primordial que entendamos que no es el resultado del voluntarismo, ni de nuestras capacidades anal\u00edticas o de cualquier otro orden, <strong><em>no es sobre la raz\u00f3n y mucho menos sobre nuestra raz\u00f3n que se habr\u00e1 de edificar la unidad. Es entorno a Jesucristo y el amor.<\/em> <\/strong>Ello debe llevarnos a consentir que no son nuestros esfuerzos intelectuales \u2013que pueden ser muy buenos y que siempre habremos de realizar-, sino la fe, la oraci\u00f3n y el amor los cimientos sobre los cuales se edificar\u00e1 la unidad. No quepa duda que esta unidad ser\u00e1 siempre necesaria, pero la forma de obtenerla no es imponi\u00e9ndola, ni actuando como franco tiradores para demoler los lazos que nos incomodan en favor de aquellos m\u00e1s afines. Se trata de saber tener perspectiva, deponiendo nuestros intereses y nuestra propia visi\u00f3n, por m\u00e1s correcta que nos parezca, en pro de la unidad, confiando en el Se\u00f1or, y en la capacidad que solo \u00c9l tiene para unirnos, como \u00c9l mismo est\u00e1 unido al Padre. Tengamos fe en que Dios sabr\u00e1 conducirnos por el Camino, si ponemos al amor como nuestra primera y principal motivaci\u00f3n. <em><strong>Que todos sean uno: como t\u00fa, Padre, est\u00e1s en m\u00ed y yo en ti, que tambi\u00e9n ellos sean uno en nosotros, para que el mundo crea que t\u00fa me enviaste.<\/strong><\/em><\/p>\n<h2 style=\"text-align: justify;\">Oremos:<\/h2>\n<p style=\"text-align: justify;\">Padre Santo, ay\u00fadanos a superar toda soberbia, toda mezquindad, para acercarnos humildemente a nuestro hermanos en oraci\u00f3n, buscando construir la unidad \u2026Te lo pedimos por nuestro Se\u00f1or Jesucristo, que vive y reina contigo en unidad del Esp\u00edritu Santo y es Dios, por los siglos de los siglos\u2026Am\u00e9n.<\/p>\n<h1 style=\"text-align: justify;\">Roguemos al Se\u00f1or\u2026<\/h1>\n<h2 style=\"text-align: justify;\">Te lo pedimos Se\u00f1or.<\/h2>\n<p style=\"text-align: justify;\">(A\u00f1ade tus oraciones por las intenciones que desees, para que todos los que pasemos por aqu\u00ed tengamos oportunidad de unirnos a tus plegarias)<\/p>\n<p class=\"bawpvc-ajax-counter\" data-id=\"478\"> (34) vistas<\/p>\n","protected":false},"excerpt":{"rendered":"<p>Texto del evangelio Jn 17,20-26 \u2013 Que todos sean uno 20. No ruego solamente por ellos, sino tambi\u00e9n por los que, gracias a su palabra, creer\u00e1n en m\u00ed. 21. Que todos sean uno: como t\u00fa, Padre, est\u00e1s en m\u00ed y yo en ti, que tambi\u00e9n ellos sean uno en nosotros, para que el mundo crea &hellip; <a href=\"https:\/\/www.biblia.work\/sermones\/juan-1720-2-que-todos-sean-uno\/\" class=\"more-link\">Continuar leyendo<span class=\"screen-reader-text\"> \u00abJuan 17,20-2 &#8211; Que todos sean uno\u00bb<\/span><\/a><\/p>\n","protected":false},"author":1,"featured_media":0,"comment_status":"open","ping_status":"closed","sticky":false,"template":"","format":"standard","meta":{"footnotes":""},"categories":[1],"tags":[],"class_list":["post-34399","post","type-post","status-publish","format-standard","hentry","category-general"],"_links":{"self":[{"href":"https:\/\/www.biblia.work\/sermones\/wp-json\/wp\/v2\/posts\/34399","targetHints":{"allow":["GET"]}}],"collection":[{"href":"https:\/\/www.biblia.work\/sermones\/wp-json\/wp\/v2\/posts"}],"about":[{"href":"https:\/\/www.biblia.work\/sermones\/wp-json\/wp\/v2\/types\/post"}],"author":[{"embeddable":true,"href":"https:\/\/www.biblia.work\/sermones\/wp-json\/wp\/v2\/users\/1"}],"replies":[{"embeddable":true,"href":"https:\/\/www.biblia.work\/sermones\/wp-json\/wp\/v2\/comments?post=34399"}],"version-history":[{"count":0,"href":"https:\/\/www.biblia.work\/sermones\/wp-json\/wp\/v2\/posts\/34399\/revisions"}],"wp:attachment":[{"href":"https:\/\/www.biblia.work\/sermones\/wp-json\/wp\/v2\/media?parent=34399"}],"wp:term":[{"taxonomy":"category","embeddable":true,"href":"https:\/\/www.biblia.work\/sermones\/wp-json\/wp\/v2\/categories?post=34399"},{"taxonomy":"post_tag","embeddable":true,"href":"https:\/\/www.biblia.work\/sermones\/wp-json\/wp\/v2\/tags?post=34399"}],"curies":[{"name":"wp","href":"https:\/\/api.w.org\/{rel}","templated":true}]}}