{"id":34454,"date":"2016-06-20T13:23:43","date_gmt":"2016-06-20T18:23:43","guid":{"rendered":"http:\/\/www.biblia.work\/sermones\/lucas-1129-32-generacion-malvada\/"},"modified":"2016-06-20T13:23:43","modified_gmt":"2016-06-20T18:23:43","slug":"lucas-1129-32-generacion-malvada","status":"publish","type":"post","link":"https:\/\/www.biblia.work\/sermones\/lucas-1129-32-generacion-malvada\/","title":{"rendered":"Lucas 11,29-32 \u2013 generaci\u00f3n malvada"},"content":{"rendered":"<h2 style=\"text-align: justify;\">Texto del evangelio Lc 11,29-32 \u2013 generaci\u00f3n malvada<\/h2>\n<p style=\"text-align: justify;\"><span style=\"color: #333399;\"><em>29. Habi\u00e9ndose reunido la gente, comenz\u00f3 a decir: \u00abEsta generaci\u00f3n es una generaci\u00f3n malvada; pide una se\u00f1al, y no se le dar\u00e1 otra se\u00f1al que la se\u00f1al de Jon\u00e1s.<\/em><\/span><br \/>\n<span style=\"color: #333399;\"><em>30. Porque, as\u00ed como Jon\u00e1s fue se\u00f1al para los ninivitas, as\u00ed lo ser\u00e1 el Hijo del hombre para esta generaci\u00f3n.<\/em><\/span><br \/>\n<span style=\"color: #333399;\"><em>31. La reina del Mediod\u00eda se levantar\u00e1 en el Juicio con los hombres de esta generaci\u00f3n y los condenar\u00e1: porque ella vino de los confines de la tierra a o\u00edr la sabidur\u00eda de Salom\u00f3n, y aqu\u00ed hay algo m\u00e1s que Salom\u00f3n.<\/em><\/span><br \/>\n<span style=\"color: #333399;\"><em>32. Los ninivitas se levantar\u00e1n en el Juicio con esta generaci\u00f3n y la condenar\u00e1n; porque ellos se convirtieron por la predicaci\u00f3n de Jon\u00e1s, y aqu\u00ed hay algo m\u00e1s que Jon\u00e1s.<\/em><\/span><\/p>\n<h2 style=\"text-align: justify;\">Reflexi\u00f3n: Lc 11,29-32<\/h2>\n<p style=\"text-align: justify;\">\n<p style=\"text-align: justify;\">Algunos de nosotros no estamos conformes con lo que nos ha dicho Jesucristo, la forma en que se ha presentado y lo que ha hecho. Hay a algunos que incluso les parece anacr\u00f3nico su mensaje, lleno de figuras arcaicas, correspondientes a otro tiempo y otro modo de ver el mundo. Dir\u00edamos que pr\u00e1cticamente el mensaje ha quedado obsoleto. Son muchos lamentablemente los que en la pr\u00e1ctica piensan as\u00ed. Decimos \u201cen la pr\u00e1ctica\u201d, porque algunos todav\u00eda tienen escr\u00fapulos en confesarlo, pero la verdad es que de uno u otro modo Jesucristo significa muy poco para ellos, lo que es realmente preocupante. Este es un fen\u00f3meno muy com\u00fan en Europa, que paulatinamente se va expandiendo por el mundo entero, teniendo cantidad de representantes en los pa\u00edses de Am\u00e9rica Latina, tradicionalmente cat\u00f3licos. Y es que el fen\u00f3meno nos parece que empez\u00f3 en los a\u00f1os sesenta de la d\u00e9cada pasada, cuando lleg\u00f3 el rock, el movimiento hippie, el \u201camor libre\u201d, los cabellos largos, la marihuana, el LSD y la revoluci\u00f3n sexual, entre otras cosas. Creo que es b\u00e1sicamente la generaci\u00f3n que ejerc\u00eda en aquel entonces la paternidad la que qued\u00f3 pasmada, obnubilada o paralizada. Como resultado de ello, sus hijos crecieron sin renegar, pero tampoco mostrar demasiada simpat\u00eda por la religi\u00f3n y el Se\u00f1or. La tercera generaci\u00f3n escasamente acudi\u00f3 al templo en unas cuantas y contadas veces a lo largo de su vida y aunque recibi\u00f3 educaci\u00f3n religiosa en el colegio, esta fue impartida por una generaci\u00f3n de profesores carentes de fe; profesionales que \u2013no siendo religiosos-, lidiaban con este curso como uno m\u00e1s del curr\u00edculo. Finalmente, la cuarta generaci\u00f3n en ciernes, la generaci\u00f3n digital, nacida en este nuevo siglo, desconoce la fe y la religi\u00f3n se presenta como un tema tab\u00fa dentro de sus hogares, del que solo llegan a atisbar algo cuando algunos de sus abuelos, promueven la poca fe que recibieron a trav\u00e9s de la participaci\u00f3n en algunos actos piadosos. La fe va desapareciendo. Los templos van quedando vac\u00edos, en muchas localidades, aun los domingos. <strong><em>Esta generaci\u00f3n es una generaci\u00f3n malvada; pide una se\u00f1al, y no se le dar\u00e1 otra se\u00f1al que la se\u00f1al de Jon\u00e1s.<\/em><\/strong><\/p>\n<p style=\"text-align: justify;\"><span id=\"more-118\"><\/span><\/p>\n<p style=\"text-align: justify;\">Debo confesar con absoluta honestidad que no disfruto un \u00e1pice describiendo lo que observo, y muchos me acusar\u00e1n de pesimista, pero creo que jam\u00e1s nos enmendaremos si no empezamos por reconocer lo que estamos viviendo. Soy un latino, que vive en una ciudad del Per\u00fa que muchos la conocen como la Roma del Per\u00fa, por ser la m\u00e1s cat\u00f3lica y que va todos los d\u00edas al templo, as\u00ed que es algo que veo cada d\u00eda; que nadie me ha contado. Pese a las tremendas exhortaciones del Papa, veo con tristeza que la Iglesia sigue mermando. No quiero decirlo, pero cada mi\u00e9rcoles que voy a mi reuni\u00f3n en el MCC (Movimiento de Cursillos de Cristiandad), constato que casi el cien por ciento de los hombres y mujeres que asisten tienen alrededor de sesenta a\u00f1os. No hemos sido capaces de formar y dejar una generaci\u00f3n que nos remplace. Ciertamente no ocurre con todos los movimientos, pero si en mi entorno y por eso me atrevo a sacar algunas conclusiones. Mis j\u00f3venes parientes m\u00e1s cercanos, cultos y muy bien formados acad\u00e9micamente no quieren saber nada con la Iglesia, aunque tal vez podr\u00edan estar dispuestos a reconocer ciertos atributos excepcionales a Cristo. \u00bfSer\u00e1 este un fen\u00f3meno pasajero, propio de la edad? A m\u00ed me parece verlo generalizado y creciente, y no veo que hagamos lo suficiente por revertir la tendencia. El gran esfuerzo desplegado por el Papa no tiene ninguna repercusi\u00f3n en las parroquias a las que asisto. Los templos no permanecen abiertos, no se incrementa la participaci\u00f3n, mucho menos de los j\u00f3venes y los sacerdotes siguen dando sermones totalmente descarnados y fuera de la realidad, como que el evangelio no tuviera mucho que ver con la vida cotidiana de los feligreses. <strong><em>Esta generaci\u00f3n es una generaci\u00f3n malvada; pide una se\u00f1al, y no se le dar\u00e1 otra se\u00f1al que la se\u00f1al de Jon\u00e1s.<\/em><\/strong><\/p>\n<p style=\"text-align: justify;\">Estamos frente a la novedad m\u00e1s grande que podr\u00edamos imaginar, que deb\u00eda constituir todo un privilegio para quienes tenemos la posibilidad de participar en forma consciente, y sin embargo pasa desapercibida. Es cierto que nos llena de alegr\u00eda ver como estos d\u00edas el Papa llena plazas y templos en M\u00e9xico; c\u00f3mo parece que estuviera renovando la fe en ese bendito y sufrido pueblo, pero, nos preguntamos \u00bfser\u00e1 que el Papa tendr\u00e1 que dedicarse a viajar por el mundo entero para agitar y promover la fe que vemos despertar a su paso? Si es as\u00ed, habr\u00e1 que pedirle que no cesen sus viajes, que no se detenga, que vaya por todo el mundo. Y, por otro lado, tenemos que idear nuevas estrategias para que los j\u00f3venes acudan al templo, a su parroquia. Si observamos lo que ocurri\u00f3 en tiempos de Jon\u00e1s y de Salom\u00f3n, tenemos que concluir con Jes\u00fas que algo muy lamentable est\u00e1 pasando entre nosotros y que tenemos que esforzarnos por erradicarlo, ya que de otro modo seremos dominados por la indiferencia y estaremos revertiendo la evangelizaci\u00f3n, hasta que se pierda la fe\u2026Con raz\u00f3n el Se\u00f1or se preguntaba si al volver todav\u00eda encontrar\u00e1 fe en el mundo. <strong><em>Esta generaci\u00f3n es una generaci\u00f3n malvada; pide una se\u00f1al, y no se le dar\u00e1 otra se\u00f1al que la se\u00f1al de Jon\u00e1s.<\/em><\/strong><\/p>\n<h2 style=\"text-align: justify;\">Oremos:<\/h2>\n<p style=\"text-align: justify;\">Padre Santo, ay\u00fadanos a convocar a mucha gente de buena voluntad a lo largo y ancho del planeta para que este lugar se convierta en instrumento activo de evangelizaci\u00f3n\u2026Te lo pedimos por nuestro Se\u00f1or Jesucristo, que vive y reina contigo en unidad del Esp\u00edritu Santo y es Dios, por los siglos de los siglos\u2026Am\u00e9n.<\/p>\n<h1 style=\"text-align: justify;\">Roguemos al Se\u00f1or\u2026<\/h1>\n<h2 style=\"text-align: justify;\">Te lo pedimos Se\u00f1or.<\/h2>\n<p style=\"text-align: justify;\">(A\u00f1ade tus oraciones por las intenciones que desees, para que todos los que pasemos por aqu\u00ed tengamos oportunidad de unirnos a tus plegarias)<\/p>\n<p class=\"bawpvc-ajax-counter\" data-id=\"118\"> (1) vistas<\/p>\n","protected":false},"excerpt":{"rendered":"<p>Texto del evangelio Lc 11,29-32 \u2013 generaci\u00f3n malvada 29. Habi\u00e9ndose reunido la gente, comenz\u00f3 a decir: \u00abEsta generaci\u00f3n es una generaci\u00f3n malvada; pide una se\u00f1al, y no se le dar\u00e1 otra se\u00f1al que la se\u00f1al de Jon\u00e1s. 30. Porque, as\u00ed como Jon\u00e1s fue se\u00f1al para los ninivitas, as\u00ed lo ser\u00e1 el Hijo del hombre para &hellip; <a href=\"https:\/\/www.biblia.work\/sermones\/lucas-1129-32-generacion-malvada\/\" class=\"more-link\">Continuar leyendo<span class=\"screen-reader-text\"> \u00abLucas 11,29-32 \u2013 generaci\u00f3n malvada\u00bb<\/span><\/a><\/p>\n","protected":false},"author":1,"featured_media":0,"comment_status":"open","ping_status":"closed","sticky":false,"template":"","format":"standard","meta":{"footnotes":""},"categories":[1],"tags":[],"class_list":["post-34454","post","type-post","status-publish","format-standard","hentry","category-general"],"_links":{"self":[{"href":"https:\/\/www.biblia.work\/sermones\/wp-json\/wp\/v2\/posts\/34454","targetHints":{"allow":["GET"]}}],"collection":[{"href":"https:\/\/www.biblia.work\/sermones\/wp-json\/wp\/v2\/posts"}],"about":[{"href":"https:\/\/www.biblia.work\/sermones\/wp-json\/wp\/v2\/types\/post"}],"author":[{"embeddable":true,"href":"https:\/\/www.biblia.work\/sermones\/wp-json\/wp\/v2\/users\/1"}],"replies":[{"embeddable":true,"href":"https:\/\/www.biblia.work\/sermones\/wp-json\/wp\/v2\/comments?post=34454"}],"version-history":[{"count":0,"href":"https:\/\/www.biblia.work\/sermones\/wp-json\/wp\/v2\/posts\/34454\/revisions"}],"wp:attachment":[{"href":"https:\/\/www.biblia.work\/sermones\/wp-json\/wp\/v2\/media?parent=34454"}],"wp:term":[{"taxonomy":"category","embeddable":true,"href":"https:\/\/www.biblia.work\/sermones\/wp-json\/wp\/v2\/categories?post=34454"},{"taxonomy":"post_tag","embeddable":true,"href":"https:\/\/www.biblia.work\/sermones\/wp-json\/wp\/v2\/tags?post=34454"}],"curies":[{"name":"wp","href":"https:\/\/api.w.org\/{rel}","templated":true}]}}