{"id":34908,"date":"2016-06-20T23:40:54","date_gmt":"2016-06-21T04:40:54","guid":{"rendered":"http:\/\/www.biblia.work\/sermones\/catolicos-y-cientificos-cee-por-alfonso-v-carrascosa-cientifico-del-csic\/"},"modified":"2016-06-20T23:40:54","modified_gmt":"2016-06-21T04:40:54","slug":"catolicos-y-cientificos-cee-por-alfonso-v-carrascosa-cientifico-del-csic","status":"publish","type":"post","link":"https:\/\/www.biblia.work\/sermones\/catolicos-y-cientificos-cee-por-alfonso-v-carrascosa-cientifico-del-csic\/","title":{"rendered":"Cat\u00f3licos y Cient\u00edficos: CEE, por Alfonso V. Carrascosa, cient\u00edfico del CSIC"},"content":{"rendered":"<p style=\"text-align: justify;\"><strong>Cat\u00f3licos y Cient\u00edficos: CEE, por Alfonso V. Carrascosa, cient\u00edfico del CSIC<\/strong><\/p>\n<p style=\"text-align: justify;\">Hoy presenta el libro conmemorativo de los <strong>50 a\u00f1os de existencia de la Conferencia Episcopal Espa\u00f1ola (CEE)<\/strong> el <strong>Cardenal Ricardo Bl\u00e1zquez<\/strong>. Formada por todos los obispos de Espa\u00f1a, pretende b\u00e1sicamente servirnos, tomando como inspiraci\u00f3n la Revelaci\u00f3n y el Magisterio de la Iglesia.<\/p>\n<p style=\"text-align: justify;\">Que los obispos son un blanco f\u00e1cil para los ataques laicistas es obvio, a juzgar tan s\u00f3lo por los \u00faltimos que se dirigen al Cardenal Ca\u00f1izares, o a Mons. Reig Pl\u00e1, simplemente por manifestar lo que deber\u00eda ser tomado por su opini\u00f3n en el ejercicio libre de su libertad de expresi\u00f3n, pero claro, es algo m\u00e1s: presentan la Verdad, y eso hoy en d\u00eda est\u00e1 muy mal visto. Pero quienes los atacan, quienes los ensalzan, o quienes no hacen ni lo uno ni lo otro, ignoran en muchos casos que se trata de personas que han hecho su tesis doctoral, que es el primer trabajo que cualquier cient\u00edfico ha de hacer. Es decir, ignoran que son doctores, m\u00e1ximo grado acad\u00e9mico alcanzable en Espa\u00f1a o nuestro entorno occidental. En la tesis se aprende a generar conocimiento, es decir, a concluir, tras a\u00f1os de estudio, algo que nadie antes haya dicho.<\/p>\n<p style=\"text-align: justify;\">Por mencionar un ejemplo, don Antonio Mar\u00eda Rouco \u2013asom\u00e1ndose por un agujero del Muro de Berl\u00edn tras su ca\u00edda- obtuvo la licenciatura en Teolog\u00eda en la Universidad Pontificia de Salamanca y, poco despu\u00e9s, el 28 de marzo de 1959, la ordenaci\u00f3n sacerdotal en la catedral vieja de Salamanca. Despu\u00e9s estudi\u00f3 la especialidad de Derecho Can\u00f3nico en la Universidad de Munich, doctor\u00e1ndose en Derecho Can\u00f3nico el 25 de Julio de 1964, con la tesis: &#8220;Iglesia y Estado en la Espa\u00f1a del siglo XVI&#8221;. Profesor Adjunto en el Instituto de Derecho Can\u00f3nico de la Universidad de Munich de 1966 a 1969, Profesor de Derecho P\u00fablico Eclesi\u00e1stico en la Universidad Pontificia de Salamanca de 1969 a 1971 y Catedr\u00e1tico de Derecho Can\u00f3nico Fundamental en la misma Universidad en 1971 y Vicerrector de la misma Universidad en 1972, desempe\u00f1a estos cargos hasta ser Consagrado Obispo, con el Titulo de Gergi, el 31 de Octubre de 1976, y su nombramiento de Obispo Auxiliar de Santiago de Compostela en Septiembre de 1976.<\/p>\n<p style=\"text-align: justify;\">\nHa publicado Libros y numerosos trabajos cient\u00edficos en Revistas Espa\u00f1olas y extranjeras de su especialidad sobre temas relativos a la fundamentaci\u00f3n teol\u00f3gica del Derecho Can\u00f3nico y a los problemas de las relaciones Iglesia Estado. Perteneci\u00f3 al C\u00edrculo Ecum\u00e9nico de Canonistas de Heidelberg y al Comit\u00e9 Cristiano Interconfesional de Madrid. Fue Consultor de la Sagrada Congregaci\u00f3n para el Clero desde 1973. En la CEE fue Presidente de la Junta de Asesores Jur\u00eddicos y Miembro de la Comisi\u00f3n Episcopal de Ense\u00f1anza y Catequesis, durante tres trienios 1981-1989, miembro de la Comisi\u00f3n Permanente de la Conferencia Episcopal Espa\u00f1ola desde 1984, miembro del Comit\u00e9 Ejecutivo de la CEE en 1993, nombrado por el Santo Padre, con fecha 27 de Junio de 1994, miembro de la Congregaci\u00f3n para la Educaci\u00f3n Cat\u00f3lica, nombrado por el Santo Padre, el 28 de Julio de 1994, Arzobispo de Madrid, nombrado \u201cSocio de Honor\u201d de la Real Sociedad Econ\u00f3mica Matritense de Amigos del Pa\u00eds. Madrid, 22 de octubre de 1994, nombrado \u201cMagnum Cancellarium\u201d de la Facultad de Teolog\u00eda San D\u00e1maso por el Santo Padre, el 19 de septiembre de 1996, Nombrado Cardenal de la Santa Iglesia con el t\u00edtulo de San Lorenzo <em>in Damaso<\/em>, por SS. Juan Pablo II, en el Consistorio del 21 de febrero de 1998, nombrado miembro de la Congregaci\u00f3n para la Educaci\u00f3n Cat\u00f3lica, por S.S. Juan Pablo II, el 25 de febrero de 1998, nombrado miembro de la Congregaci\u00f3n del Clero, por S.S. Juan Pablo II, 25 de febrero de 1998, Galardonado con la \u201cMedalla de Oro de Galicia 1998\u201d, por la Xunta de Galicia en Santiago de Compostela, 25 de julio de 1998, nombrado miembro del Pontificio Consejo para la Interpretaci\u00f3n de los Textos Legislativos, por S.S. Juan Pablo II, 17 de octubre de 1998, nombrado miembro de la Congregaci\u00f3n para los Obispos por un quinquenio, por S.S. Juan Pablo II, el 19 de octubre de 1998, nombrado miembro del Pontificio Consejo de Cultura, por S.S. Juan Pablo II, el 19 de octubre de 1998, Insignia de Oro, por la Asociaci\u00f3n de M\u00e9dicos Gallegos: ASOMEGA. Madrid, 24 de Noviembre de 1998, nombrado miembro de Honor del Foro Iberoamericano de la Fundaci\u00f3n Carlos III. Madrid 23 de octubre de 1998, elegido Acad\u00e9mico Numerario de la Real Academia de Ciencias Morales y Pol\u00edticas. Madrid, 1 de diciembre de 1998. Ingreso con el discurso: \u201cLos fundamentos de los Derechos Humanos: una cuesti\u00f3n urgente\u201d, en Madrid, 29 de mayo de 2001, Elegido Presidente de la Conferencia Episcopal para el trienio 1999-2002. Madrid, 2 de marzo de 1999, nombrado Enviado Especial del Papa, para el Congreso Eucar\u00edstico Nacional del 26\/29 de mayo de 1999 en Santiago de Compostela (26 de marzo de 1999), elegido \u201cGallego del a\u00f1o\u201d, por El Correo Gallego. Santiago de Compostela, 29 de octubre de 1999, nombrado Relator General del S\u00ednodo de Obispos para Europa (octubre de 1999), por S.S. Juan Pablo II, reelegido Presidente de la Conferencia Episcopal para el trienio 2002-2005. Madrid, 26 de febrero de 2002, recibi\u00f3 la Gran Cruz de la Orden de Isabel La Cat\u00f3lica, concedida por S.M. el Rey. Madrid, 13 de julio de 2003, etc., etc., y mucho mucho etc.<\/p>\n<p style=\"text-align: justify;\">Esto les pasa a muchos obispos de la CEE: que con un pedazo de <em>Curriculum<\/em> han dejado su carrera cient\u00edfica por mejor servirnos, y se ven en no pocas ocasiones vilipendiados por quienes a duras penas despu\u00e9s de haber sido nombrados algo han aprendido a hacer la \u00f3 con un canuto\u2026<\/p>\n","protected":false},"excerpt":{"rendered":"<p>Cat\u00f3licos y Cient\u00edficos: CEE, por Alfonso V. Carrascosa, cient\u00edfico del CSIC Hoy presenta el libro conmemorativo de los 50 a\u00f1os de existencia de la Conferencia Episcopal Espa\u00f1ola (CEE) el Cardenal Ricardo Bl\u00e1zquez. Formada por todos los obispos de Espa\u00f1a, pretende b\u00e1sicamente servirnos, tomando como inspiraci\u00f3n la Revelaci\u00f3n y el Magisterio de la Iglesia. Que los &hellip; <a href=\"https:\/\/www.biblia.work\/sermones\/catolicos-y-cientificos-cee-por-alfonso-v-carrascosa-cientifico-del-csic\/\" class=\"more-link\">Continuar leyendo<span class=\"screen-reader-text\"> \u00abCat\u00f3licos y Cient\u00edficos: CEE, por Alfonso V. Carrascosa, cient\u00edfico del CSIC\u00bb<\/span><\/a><\/p>\n","protected":false},"author":1,"featured_media":0,"comment_status":"open","ping_status":"closed","sticky":false,"template":"","format":"standard","meta":{"footnotes":""},"categories":[1],"tags":[],"class_list":["post-34908","post","type-post","status-publish","format-standard","hentry","category-general"],"_links":{"self":[{"href":"https:\/\/www.biblia.work\/sermones\/wp-json\/wp\/v2\/posts\/34908","targetHints":{"allow":["GET"]}}],"collection":[{"href":"https:\/\/www.biblia.work\/sermones\/wp-json\/wp\/v2\/posts"}],"about":[{"href":"https:\/\/www.biblia.work\/sermones\/wp-json\/wp\/v2\/types\/post"}],"author":[{"embeddable":true,"href":"https:\/\/www.biblia.work\/sermones\/wp-json\/wp\/v2\/users\/1"}],"replies":[{"embeddable":true,"href":"https:\/\/www.biblia.work\/sermones\/wp-json\/wp\/v2\/comments?post=34908"}],"version-history":[{"count":0,"href":"https:\/\/www.biblia.work\/sermones\/wp-json\/wp\/v2\/posts\/34908\/revisions"}],"wp:attachment":[{"href":"https:\/\/www.biblia.work\/sermones\/wp-json\/wp\/v2\/media?parent=34908"}],"wp:term":[{"taxonomy":"category","embeddable":true,"href":"https:\/\/www.biblia.work\/sermones\/wp-json\/wp\/v2\/categories?post=34908"},{"taxonomy":"post_tag","embeddable":true,"href":"https:\/\/www.biblia.work\/sermones\/wp-json\/wp\/v2\/tags?post=34908"}],"curies":[{"name":"wp","href":"https:\/\/api.w.org\/{rel}","templated":true}]}}