{"id":34909,"date":"2016-06-20T23:40:59","date_gmt":"2016-06-21T04:40:59","guid":{"rendered":"http:\/\/www.biblia.work\/sermones\/catolicos-y-cientificos-juan-jose-lopez-ibor-por-alfonso-v-carrascosa-cientifico-del-csic\/"},"modified":"2016-06-20T23:40:59","modified_gmt":"2016-06-21T04:40:59","slug":"catolicos-y-cientificos-juan-jose-lopez-ibor-por-alfonso-v-carrascosa-cientifico-del-csic","status":"publish","type":"post","link":"https:\/\/www.biblia.work\/sermones\/catolicos-y-cientificos-juan-jose-lopez-ibor-por-alfonso-v-carrascosa-cientifico-del-csic\/","title":{"rendered":"Cat\u00f3licos y cient\u00edficos: Juan Jos\u00e9 L\u00f3pez-Ibor, por Alfonso V. Carrascosa, cient\u00edfico del CSIC"},"content":{"rendered":"<p align=\"justify\">&nbsp;<\/p>\n<p style=\"text-align: justify;\"><strong>Cat\u00f3licos y cient\u00edficos: Juan Jos\u00e9 L\u00f3pez-Ibor, por Alfonso V. Carrascosa, cient\u00edfico del CSIC<\/strong><\/p>\n<p style=\"text-align: justify;\">Juan Jos\u00e9 L\u00f3pez-Ibor (1908-1991) fue un psiquiatra espa\u00f1ol que es considerado el m\u00e1s importante de la Espa\u00f1a del siglo XX. Es tenido tambi\u00e9n como el iniciador de la psicoterapia anal\u00edtica.<\/p>\n<p style=\"text-align: justify;\">Es tenido como persona adscrita a la l\u00ednea ideol\u00f3gica del nacional-catolicismo, algo que denota sus convicciones religiosas. En el mismo sentido habla el hecho de su pertenencia a la Asociaci\u00f3n Cat\u00f3lica Internacional de Psicolog\u00eda M\u00e9dica y Psicoterapia, de cuyo primer congreso fue presidente. Su catolicismo no le impidi\u00f3 ganar en 1932 la C\u00e1tedra de Medicina Legal de Santiago de Compostela, despu\u00e9s la de psiquiatr\u00eda de Salamanca, y en 1960 la de Psiquiatr\u00eda y Psicolog\u00eda M\u00e9dica en Madrid. Lo traigo a colaci\u00f3n porque ahora la Fundaci\u00f3n Ram\u00f3n Areces y la Fundaci\u00f3n Lilly organizan un homenaje a su hijo, el tambi\u00e9n psiquiatra Juan Jos\u00e9 L\u00f3pez-Ibor Ali\u00f1o.<\/p>\n<p style=\"text-align: justify;\">Fue becario por oposici\u00f3n del Colegio Mayor Beato Juan de Ribera, que fundara D\u00aa Carolina \u00c1lvarez Ruiz para que los j\u00f3venes que en \u00e9l residieran desarrollasen su trabajo como un servicio animado por la fe cristiana. Ocup\u00f3 importantes cargos como el de presidente de la Asociaci\u00f3n Mundial de Psiquiatr\u00eda (de 1966 a 1971). Fue miembro de la Real Academia Espa\u00f1ola de Medicina (desde 1951), de la Academia de las Ciencias de Lisboa, de la Academia Argentina y de la Academia Venezolana, as\u00ed como doctor honoris causa por las universidades de R\u00edo de Janeiro y San Marcos de Lima. Sufri\u00f3 la enfermedad de Alzheimer. En 1935 fund\u00f3 con el tambi\u00e9n cient\u00edfico y m\u00e9dico cat\u00f3lico La\u00edn Entralgo la revista \u00abNorma\u00bb.<\/p>\n<p style=\"text-align: justify;\">Otra lumbrera de la Espa\u00f1a contempor\u00e1nea en quien la fe y la ciencia brillaron con luz propia, y que recibi\u00f3 religi\u00f3n en la escuela.<\/p>\n","protected":false},"excerpt":{"rendered":"<p>&nbsp; Cat\u00f3licos y cient\u00edficos: Juan Jos\u00e9 L\u00f3pez-Ibor, por Alfonso V. Carrascosa, cient\u00edfico del CSIC Juan Jos\u00e9 L\u00f3pez-Ibor (1908-1991) fue un psiquiatra espa\u00f1ol que es considerado el m\u00e1s importante de la Espa\u00f1a del siglo XX. Es tenido tambi\u00e9n como el iniciador de la psicoterapia anal\u00edtica. Es tenido como persona adscrita a la l\u00ednea ideol\u00f3gica del nacional-catolicismo, &hellip; <a href=\"https:\/\/www.biblia.work\/sermones\/catolicos-y-cientificos-juan-jose-lopez-ibor-por-alfonso-v-carrascosa-cientifico-del-csic\/\" class=\"more-link\">Continuar leyendo<span class=\"screen-reader-text\"> \u00abCat\u00f3licos y cient\u00edficos: Juan Jos\u00e9 L\u00f3pez-Ibor, por Alfonso V. Carrascosa, cient\u00edfico del CSIC\u00bb<\/span><\/a><\/p>\n","protected":false},"author":1,"featured_media":0,"comment_status":"open","ping_status":"closed","sticky":false,"template":"","format":"standard","meta":{"footnotes":""},"categories":[1],"tags":[],"class_list":["post-34909","post","type-post","status-publish","format-standard","hentry","category-general"],"_links":{"self":[{"href":"https:\/\/www.biblia.work\/sermones\/wp-json\/wp\/v2\/posts\/34909","targetHints":{"allow":["GET"]}}],"collection":[{"href":"https:\/\/www.biblia.work\/sermones\/wp-json\/wp\/v2\/posts"}],"about":[{"href":"https:\/\/www.biblia.work\/sermones\/wp-json\/wp\/v2\/types\/post"}],"author":[{"embeddable":true,"href":"https:\/\/www.biblia.work\/sermones\/wp-json\/wp\/v2\/users\/1"}],"replies":[{"embeddable":true,"href":"https:\/\/www.biblia.work\/sermones\/wp-json\/wp\/v2\/comments?post=34909"}],"version-history":[{"count":0,"href":"https:\/\/www.biblia.work\/sermones\/wp-json\/wp\/v2\/posts\/34909\/revisions"}],"wp:attachment":[{"href":"https:\/\/www.biblia.work\/sermones\/wp-json\/wp\/v2\/media?parent=34909"}],"wp:term":[{"taxonomy":"category","embeddable":true,"href":"https:\/\/www.biblia.work\/sermones\/wp-json\/wp\/v2\/categories?post=34909"},{"taxonomy":"post_tag","embeddable":true,"href":"https:\/\/www.biblia.work\/sermones\/wp-json\/wp\/v2\/tags?post=34909"}],"curies":[{"name":"wp","href":"https:\/\/api.w.org\/{rel}","templated":true}]}}