{"id":34911,"date":"2016-06-20T23:41:04","date_gmt":"2016-06-21T04:41:04","guid":{"rendered":"http:\/\/www.biblia.work\/sermones\/la-virgen-maria-por-amparo-tos-boix\/"},"modified":"2016-06-20T23:41:04","modified_gmt":"2016-06-21T04:41:04","slug":"la-virgen-maria-por-amparo-tos-boix","status":"publish","type":"post","link":"https:\/\/www.biblia.work\/sermones\/la-virgen-maria-por-amparo-tos-boix\/","title":{"rendered":"La Virgen Mar\u00eda, por Amparo Tos Boix"},"content":{"rendered":"<p><strong>La Virgen Mar\u00eda, por Amparo Tos Boix<\/strong><\/p>\n<p><b>AZZATIS SIGLO XXI.<\/b>\u00a0Cada segundo domingo de mayo, por la ma\u00f1ana,\u00a0la imagen de N\u00aa S\u00aa de los Desamparados es trasladada desde su bas\u00edlica hasta la Catedral, en un acto multitudinario donde la devoci\u00f3n a la Patrona de Valencia se reparte entre votantes de todos los colores pol\u00edticos.<\/p>\n<p align=\"justify\">\n<p>Este acto religioso no siempre tuvo una asistencia masiva; fue el republicano Azzati con sus palabras en el Congreso en marzo de 1911 \u201cLa Virgen no tiene votos y yo s\u00ed; luego soy m\u00e1s Virgen yo\u201d quien provoc\u00f3 que desde entonces el Traslado se convirtiera en la explosi\u00f3n de devoci\u00f3n mariana que es hoy.<br \/>\nViene esto a cuento por el intento de cierto grupo extremista de denigrar dos im\u00e1genes de la Virgen Mar\u00eda, lo que ha producido una reacci\u00f3n masiva del pueblo valenciano, en un emotivo encuentro de desagravio, que ha llenado simult\u00e1neamente la plaza de la Virgen y la Catedral, para el rezo del rosario y posterior celebraci\u00f3n de la Eucarist\u00eda,\u00a0<br \/>\n\u00a0<br \/>\n\u00a0\u00a0\u00a0\u00a0\u00a0\u00a0\u00a0\u00a0\u00a0\u00a0\u00a0\u00a0\u00a0\u00a0\u00a0\u00a0\u00a0\u00a0\u00a0\u00a0\u00a0\u00a0\u00a0\u00a0\u00a0\u00a0\u00a0\u00a0\u00a0\u00a0\u00a0\u00a0\u00a0\u00a0\u00a0\u00a0\u00a0\u00a0\u00a0\u00a0\u00a0\u00a0\u00a0\u00a0\u00a0\u00a0\u00a0\u00a0\u00a0\u00a0\u00a0\u00a0\u00a0\u00a0\u00a0\u00a0\u00a0\u00a0\u00a0\u00a0\u00a0\u00a0\u00a0\u00a0\u00a0\u00a0\u00a0\u00a0\u00a0\u00a0\u00a0\u00a0\u00a0\u00a0\u00a0\u00a0\u00a0\u00a0Amparo Tos Boix, Valencia<\/p>\n","protected":false},"excerpt":{"rendered":"<p>La Virgen Mar\u00eda, por Amparo Tos Boix AZZATIS SIGLO XXI.\u00a0Cada segundo domingo de mayo, por la ma\u00f1ana,\u00a0la imagen de N\u00aa S\u00aa de los Desamparados es trasladada desde su bas\u00edlica hasta la Catedral, en un acto multitudinario donde la devoci\u00f3n a la Patrona de Valencia se reparte entre votantes de todos los colores pol\u00edticos. Este acto &hellip; <a href=\"https:\/\/www.biblia.work\/sermones\/la-virgen-maria-por-amparo-tos-boix\/\" class=\"more-link\">Continuar leyendo<span class=\"screen-reader-text\"> \u00abLa Virgen Mar\u00eda, por Amparo Tos Boix\u00bb<\/span><\/a><\/p>\n","protected":false},"author":1,"featured_media":0,"comment_status":"open","ping_status":"closed","sticky":false,"template":"","format":"standard","meta":{"footnotes":""},"categories":[1],"tags":[],"class_list":["post-34911","post","type-post","status-publish","format-standard","hentry","category-general"],"_links":{"self":[{"href":"https:\/\/www.biblia.work\/sermones\/wp-json\/wp\/v2\/posts\/34911","targetHints":{"allow":["GET"]}}],"collection":[{"href":"https:\/\/www.biblia.work\/sermones\/wp-json\/wp\/v2\/posts"}],"about":[{"href":"https:\/\/www.biblia.work\/sermones\/wp-json\/wp\/v2\/types\/post"}],"author":[{"embeddable":true,"href":"https:\/\/www.biblia.work\/sermones\/wp-json\/wp\/v2\/users\/1"}],"replies":[{"embeddable":true,"href":"https:\/\/www.biblia.work\/sermones\/wp-json\/wp\/v2\/comments?post=34911"}],"version-history":[{"count":0,"href":"https:\/\/www.biblia.work\/sermones\/wp-json\/wp\/v2\/posts\/34911\/revisions"}],"wp:attachment":[{"href":"https:\/\/www.biblia.work\/sermones\/wp-json\/wp\/v2\/media?parent=34911"}],"wp:term":[{"taxonomy":"category","embeddable":true,"href":"https:\/\/www.biblia.work\/sermones\/wp-json\/wp\/v2\/categories?post=34911"},{"taxonomy":"post_tag","embeddable":true,"href":"https:\/\/www.biblia.work\/sermones\/wp-json\/wp\/v2\/tags?post=34911"}],"curies":[{"name":"wp","href":"https:\/\/api.w.org\/{rel}","templated":true}]}}