{"id":34915,"date":"2016-06-20T23:41:14","date_gmt":"2016-06-21T04:41:14","guid":{"rendered":"http:\/\/www.biblia.work\/sermones\/nos-mojamos-con-maria-aceptando-a-dios-2\/"},"modified":"2016-06-20T23:41:14","modified_gmt":"2016-06-21T04:41:14","slug":"nos-mojamos-con-maria-aceptando-a-dios-2","status":"publish","type":"post","link":"https:\/\/www.biblia.work\/sermones\/nos-mojamos-con-maria-aceptando-a-dios-2\/","title":{"rendered":"Nos mojamos con Mar\u00eda aceptando a Dios"},"content":{"rendered":"<p align=\"JUSTIFY\"><b>Nos mojamos con Mar\u00eda aceptando a Dios<\/b><\/p>\n<p align=\"RIGHT\"> Feli Izaguirre<\/p>\n<p align=\"JUSTIFY\">Ocurri\u00f3 que se puso a llover en la Conmemoraci\u00f3n del 50 Aniversario de la Coronaci\u00f3n Can\u00f3nica de la Pur\u00edsima Concepci\u00f3n, Patrona de Torrevieja (Alicante), el s\u00e1bado d\u00eda 28 del pasado mes de mayo, en la Plaza de la Constituci\u00f3n. <\/p>\n<p align=\"JUSTIFY\">Ocurri\u00f3 inmediatamente despu\u00e9s de que fuera colocada sobre Ella la Aureola de su Coronaci\u00f3n, preciosa joya de orfebrer\u00eda, la misma con la que el pueblo de Torrevieja coron\u00f3 a la Pur\u00edsima en el a\u00f1o 1966, como muestra de su amor y deseo de mantenerse bajo su protecci\u00f3n materna, encomend\u00e1ndole sus afanes, alegr\u00edas, preocupaciones, esperanzas, todo, porque a trav\u00e9s de Ella lleg\u00f3 y nos llegar\u00e1 siempre, la Misericordia.<\/p>\n<p align=\"JUSTIFY\">Y aunque fuese bajo la lluvia, con ese simb\u00f3lico acto que da sentido, expresa y hace realidad nuestros deseos, fue renovada la Consagraci\u00f3n de la Ciudad de Torrevieja a la Sant\u00edsima Virgen, a su Excelsa Patrona, la Pur\u00edsima Concepci\u00f3n. Los hace realidad porque amar a Mar\u00eda implica aceptar a Dios en nuestras vidas, como Ella lo hizo.<\/p>\n<p align=\"JUSTIFY\">Y aceptar a Dios en nuestras vidas \u2013decirle S\u00ed, como Mar\u00eda, H\u00e1gase Tu voluntad-, es dejarse inundar por la Misericordia \u2013el Amor, Dios mismo-, que produce el efecto directo de llenarnos de alegr\u00eda y de impulsarnos a hacer el bien a todos: ser misericordiosos.<\/p>\n<p align=\"JUSTIFY\">Doy gracias a Dios por haber vivido ese momento y participar de la alegr\u00eda de tener a Mar\u00eda como Madre, que nos protege, nos cuida y nos conduce a Jes\u00fas para que le conozcamos verdaderamente y le amemos, porque quien conoce a Jesucristo queda prendado de \u00c9l. Con \u00c9l nadie se siente solo. Nadie est\u00e1 solo.<\/p>\n<p align=\"JUSTIFY\">Con Mar\u00eda, yo me moj\u00e9 tambi\u00e9n. Fueron s\u00f3lo unos cinco minutos, lo suficiente para que se nos calase la ropa entera. All\u00ed estaban los sacerdotes del Se\u00f1or, inseparables de Mar\u00eda, moj\u00e1ndose tambi\u00e9n, con el obispo de Alicante, y muchos fieles, que decidimos no salir de estampida, sino quedarnos con Ella, Nuestra Madre.<\/p>\n<p align=\"JUSTIFY\">Y despu\u00e9s, todo transcurri\u00f3 con normalidad: el acto solemne, con alguna alteraci\u00f3n por la lluvia, y pude ver las l\u00e1grimas de algunos voluntarios de la Asociaci\u00f3n de la Pur\u00edsima Concepci\u00f3n, que se hab\u00edan esforzado tanto en que la celebraci\u00f3n quedase impecable.<\/p>\n<p align=\"JUSTIFY\">Como mujer, hija de mi Madre, hija de Mar\u00eda, tengo el impulso de decirles que para qu\u00e9 esas l\u00e1grimas, que todo sali\u00f3 muy bien.<\/p>\n<p align=\"JUSTIFY\">Y alguien dijo, con toda su buena intenci\u00f3n de animar y consolar, que la lluvia eran l\u00e1grimas de alegr\u00eda de la Virgen que ca\u00edan del cielo por ver a su pueblo all\u00ed reunido. Pues bien, era s\u00f3lo lluvia, y Mar\u00eda est\u00e1 con nosotros, con sus hijos, moj\u00e1ndose tambi\u00e9n, es decir, haciendo el bien, con el motor de la Misericordia: el impulso de la alegr\u00eda y la confianza de sentirnos amados incondicionalmente.<\/p>\n","protected":false},"excerpt":{"rendered":"<p>Nos mojamos con Mar\u00eda aceptando a Dios Feli Izaguirre Ocurri\u00f3 que se puso a llover en la Conmemoraci\u00f3n del 50 Aniversario de la Coronaci\u00f3n Can\u00f3nica de la Pur\u00edsima Concepci\u00f3n, Patrona de Torrevieja (Alicante), el s\u00e1bado d\u00eda 28 del pasado mes de mayo, en la Plaza de la Constituci\u00f3n. Ocurri\u00f3 inmediatamente despu\u00e9s de que fuera colocada &hellip; <a href=\"https:\/\/www.biblia.work\/sermones\/nos-mojamos-con-maria-aceptando-a-dios-2\/\" class=\"more-link\">Continuar leyendo<span class=\"screen-reader-text\"> \u00abNos mojamos con Mar\u00eda aceptando a Dios\u00bb<\/span><\/a><\/p>\n","protected":false},"author":1,"featured_media":0,"comment_status":"open","ping_status":"closed","sticky":false,"template":"","format":"standard","meta":{"footnotes":""},"categories":[1],"tags":[],"class_list":["post-34915","post","type-post","status-publish","format-standard","hentry","category-general"],"_links":{"self":[{"href":"https:\/\/www.biblia.work\/sermones\/wp-json\/wp\/v2\/posts\/34915","targetHints":{"allow":["GET"]}}],"collection":[{"href":"https:\/\/www.biblia.work\/sermones\/wp-json\/wp\/v2\/posts"}],"about":[{"href":"https:\/\/www.biblia.work\/sermones\/wp-json\/wp\/v2\/types\/post"}],"author":[{"embeddable":true,"href":"https:\/\/www.biblia.work\/sermones\/wp-json\/wp\/v2\/users\/1"}],"replies":[{"embeddable":true,"href":"https:\/\/www.biblia.work\/sermones\/wp-json\/wp\/v2\/comments?post=34915"}],"version-history":[{"count":0,"href":"https:\/\/www.biblia.work\/sermones\/wp-json\/wp\/v2\/posts\/34915\/revisions"}],"wp:attachment":[{"href":"https:\/\/www.biblia.work\/sermones\/wp-json\/wp\/v2\/media?parent=34915"}],"wp:term":[{"taxonomy":"category","embeddable":true,"href":"https:\/\/www.biblia.work\/sermones\/wp-json\/wp\/v2\/categories?post=34915"},{"taxonomy":"post_tag","embeddable":true,"href":"https:\/\/www.biblia.work\/sermones\/wp-json\/wp\/v2\/tags?post=34915"}],"curies":[{"name":"wp","href":"https:\/\/api.w.org\/{rel}","templated":true}]}}