{"id":34917,"date":"2016-06-20T23:41:21","date_gmt":"2016-06-21T04:41:21","guid":{"rendered":"http:\/\/www.biblia.work\/sermones\/libertad-religiosa-prioridad-en-esta-encrucijada-historica-por-jose-luis-restan\/"},"modified":"2016-06-20T23:41:21","modified_gmt":"2016-06-21T04:41:21","slug":"libertad-religiosa-prioridad-en-esta-encrucijada-historica-por-jose-luis-restan","status":"publish","type":"post","link":"https:\/\/www.biblia.work\/sermones\/libertad-religiosa-prioridad-en-esta-encrucijada-historica-por-jose-luis-restan\/","title":{"rendered":"Libertad religiosa, prioridad en esta encrucijada hist\u00f3rica, por Jos\u00e9 Luis Rest\u00e1n"},"content":{"rendered":"<p align=\"justify\"><strong>Libertad religiosa, prioridad en esta encrucijada hist\u00f3rica, por Jos\u00e9 Luis Rest\u00e1n, director editorial de la cadena Cope, en P\u00e1ginas Digiotal del 16\/6\/2016<\/strong><\/p>\n<p align=\"justify\">&nbsp;<\/p>\n<p align=\"justify\">Hace unos \u00a0d\u00edas el presidente de la CEE, cardenal Ricardo Bl\u00e1zquez, se\u00f1alaba que Espa\u00f1a se adentra en un momento crucial de su historia, y advert\u00eda del riesgo de quebrar las coordenadas socio-culturales de nuestra convivencia. La libertad religiosa est\u00e1 en el centro de ese riesgo, aunque haya estado parad\u00f3jicamente ausente del debate entre los cuatro candidatos a la presidencia del Gobierno. Y aunque durante un largo a\u00f1o hemos contemplado una amplia distribuci\u00f3n geogr\u00e1fica del problema, en los \u00faltimos meses Valencia se ha convertido en el epicentro.<\/p>\n<p align=\"justify\">La gota que ha colmado el vaso ha sido la profanaci\u00f3n de sendas im\u00e1genes de Nuestra Se\u00f1ora de los Desamparados y de la Virgen de Montserrat, llevada a cabo por la asociaci\u00f3n Endavant para promover la marcha del orgullo gay. Pero como ha se\u00f1alado una Nota de la Secretar\u00eda de la Conferencia Episcopal, se trata de \u201cun episodio m\u00e1s de una espiral que atenta contra el leg\u00edtimo ejercicio de la libertad religiosa y la libre predicaci\u00f3n del Evangelio en una sociedad plural\u201d. Es preciso destacar que durante el desarrollo de la mencionada espiral, los distintos estamentos eclesiales han observado una sobria contenci\u00f3n de gestos y palabras, evitando entrar en dial\u00e9cticas est\u00e9riles pero aportando razones bien ponderadas al debate p\u00fablico. Ah\u00ed se insertan, por ejemplo, varias declaraciones de los obispos de Galicia sobre la laicidad, o las intervenciones de los arzobispos de Madrid y Barcelona recordando que la libertad religiosa es el centro de nuestro sistema de convivencia.<\/p>\n<p align=\"justify\">La serenidad y la racionalidad siempre deben ser una se\u00f1a de identidad de una presencia cristiana, lo cual no est\u00e1 re\u00f1ido con que esa presencia se haga visible en la calle y est\u00e9 marcada por una especial intensidad afectiva, como suceder\u00e1 esta tarde en la Plaza de la Virgen de los Desamparados de Valencia. El cardenal Antonio Ca\u00f1izares ha explicado que este acto de desagravio \u201ces un gesto necesario en una situaci\u00f3n en la que no se respeta la libertad religiosa garantizada por la Constituci\u00f3n\u201d. Ser\u00e1 un gesto popular, expresivo y orante, marcado por la impronta de la dimensi\u00f3n mariana de nuestra fe, realizado en la calle y en el templo. La situaci\u00f3n es seria, y junto al deseo que debe animar siempre al encuentro y al di\u00e1logo con todos, a la paciencia necesaria para escuchar las razones de los dem\u00e1s y ofrecer las propias, un gesto p\u00fablico de esta naturaleza tiene tambi\u00e9n un valor de testimonio necesario en una sociedad de la imagen y de la comunicaci\u00f3n global.<\/p>\n<p align=\"justify\">En este momento es m\u00e1s necesario que nunca usar la br\u00fajula que nos dej\u00f3 orientada Benedicto XVI en su visita a Santiago de Compostela, al hacer memoria de nuestra atormentada historia de choques entre la tradici\u00f3n cat\u00f3lica y el pensamiento laico, y augurar que Espa\u00f1a sea un laboratorio europeo para el di\u00e1logo y el reencuentro entre una fe amiga de la raz\u00f3n y una laicidad despojada de prejuicios antirreligiosos. Ser\u00eda injusto decir que aquella saludable invitaci\u00f3n ha ca\u00eddo en saco roto, porque ha existido un esfuerzo real por parte de muchas realidades de la Iglesia y tambi\u00e9n por parte de intelectuales se\u00f1eros del mundo laico.<\/p>\n<p align=\"justify\">Pero los sucesos que nos ocupan demuestran cu\u00e1nto camino falta por andar, y tambi\u00e9n el potencial destructivo de algunos aprendices de brujo que han llegado al poder municipal y auton\u00f3mico hace justamente un a\u00f1o. Algunos est\u00e1n jugando con fuego. Y por eso es urgente fomentar una aut\u00e9ntica amistad c\u00edvica, una construcci\u00f3n com\u00fan y una rec\u00edproca aceptaci\u00f3n de las leg\u00edtimas diferencias. En eso debemos estar, como cat\u00f3licos y como ciudadanos, sin olvidar que la protecci\u00f3n del derecho a la libertad religiosa (que es siempre libertad de todos y para todos) debe ser una prioridad social y pol\u00edtica en esta encrucijada hist\u00f3rica.<\/p>\n<p align=\"justify\">&nbsp;<\/p>\n","protected":false},"excerpt":{"rendered":"<p>Libertad religiosa, prioridad en esta encrucijada hist\u00f3rica, por Jos\u00e9 Luis Rest\u00e1n, director editorial de la cadena Cope, en P\u00e1ginas Digiotal del 16\/6\/2016 &nbsp; Hace unos \u00a0d\u00edas el presidente de la CEE, cardenal Ricardo Bl\u00e1zquez, se\u00f1alaba que Espa\u00f1a se adentra en un momento crucial de su historia, y advert\u00eda del riesgo de quebrar las coordenadas socio-culturales &hellip; <a href=\"https:\/\/www.biblia.work\/sermones\/libertad-religiosa-prioridad-en-esta-encrucijada-historica-por-jose-luis-restan\/\" class=\"more-link\">Continuar leyendo<span class=\"screen-reader-text\"> \u00abLibertad religiosa, prioridad en esta encrucijada hist\u00f3rica, por Jos\u00e9 Luis Rest\u00e1n\u00bb<\/span><\/a><\/p>\n","protected":false},"author":1,"featured_media":0,"comment_status":"open","ping_status":"closed","sticky":false,"template":"","format":"standard","meta":{"footnotes":""},"categories":[1],"tags":[],"class_list":["post-34917","post","type-post","status-publish","format-standard","hentry","category-general"],"_links":{"self":[{"href":"https:\/\/www.biblia.work\/sermones\/wp-json\/wp\/v2\/posts\/34917","targetHints":{"allow":["GET"]}}],"collection":[{"href":"https:\/\/www.biblia.work\/sermones\/wp-json\/wp\/v2\/posts"}],"about":[{"href":"https:\/\/www.biblia.work\/sermones\/wp-json\/wp\/v2\/types\/post"}],"author":[{"embeddable":true,"href":"https:\/\/www.biblia.work\/sermones\/wp-json\/wp\/v2\/users\/1"}],"replies":[{"embeddable":true,"href":"https:\/\/www.biblia.work\/sermones\/wp-json\/wp\/v2\/comments?post=34917"}],"version-history":[{"count":0,"href":"https:\/\/www.biblia.work\/sermones\/wp-json\/wp\/v2\/posts\/34917\/revisions"}],"wp:attachment":[{"href":"https:\/\/www.biblia.work\/sermones\/wp-json\/wp\/v2\/media?parent=34917"}],"wp:term":[{"taxonomy":"category","embeddable":true,"href":"https:\/\/www.biblia.work\/sermones\/wp-json\/wp\/v2\/categories?post=34917"},{"taxonomy":"post_tag","embeddable":true,"href":"https:\/\/www.biblia.work\/sermones\/wp-json\/wp\/v2\/tags?post=34917"}],"curies":[{"name":"wp","href":"https:\/\/api.w.org\/{rel}","templated":true}]}}