{"id":34919,"date":"2016-06-20T23:41:31","date_gmt":"2016-06-21T04:41:31","guid":{"rendered":"http:\/\/www.biblia.work\/sermones\/catolicos-y-cientificos-josep-pascual-vila-por-alfonso-v-carrascosa-cientifico-del-csic\/"},"modified":"2016-06-20T23:41:31","modified_gmt":"2016-06-21T04:41:31","slug":"catolicos-y-cientificos-josep-pascual-vila-por-alfonso-v-carrascosa-cientifico-del-csic","status":"publish","type":"post","link":"https:\/\/www.biblia.work\/sermones\/catolicos-y-cientificos-josep-pascual-vila-por-alfonso-v-carrascosa-cientifico-del-csic\/","title":{"rendered":"Cat\u00f3licos y cient\u00edficos: Josep Pascual Vila, por Alfonso V. Carrascosa, cient\u00edfico del CSIC"},"content":{"rendered":"<p align=\"justify\">&nbsp;<\/p>\n<p style=\"text-align: justify;\"><strong>Cat\u00f3licos y cient\u00edficos: Josep Pascual Vila, por Alfonso V. Carrascosa, cient\u00edfico del CSIC<\/strong><\/p>\n<p style=\"text-align: justify;\">El Prof. Jos\u00e9 Pascual Vila (1895-1979), que fue un important\u00edsimo qu\u00edmico espa\u00f1ol, cat\u00f3lico practicante, y que dio nombre al Instituto de Investigaciones Qu\u00edmicas y Ambientales \u201cJosep Pascual Vila\u201d, que recientemente ha desaparecido bajo la forma de dos nuevos institutos: el Instituto de Qu\u00edmica Avanzada de Catalu\u00f1a y el Instituto de Diagn\u00f3stico Ambiental y Estudios del Agua.un centro de investigaci\u00f3n del CSIC, donde se recoge una buena parte de su semblanza profesional. Plant\u00f3 cara al gobierno republicano por defender la religi\u00f3n, que guard\u00f3 toda su vida, hasta su cristiana muerte. Con la perspectiva del tiempo se jug\u00f3 la vida. <\/p>\n<p style=\"text-align: justify;\">Protagoniz\u00f3 un hecho ins\u00f3lito en la Universidad de Sevilla al iniciarse el curso de 1931-32, cuando junto con los profesores Francisco Yoldi Bereau y Manuel Sams\u00f3 Garrabou una en\u00e9rgica protesta por haberse eliminado del calendario escolar por la influencia de la reci\u00e9n proclamada Rep\u00fablica fiestas tales como el d\u00eda de la Inmaculada (8 de diciembre), la Ascensi\u00f3n (5 de mayo) y el Corpus (26 de mayo) (En \u201cLa Universidad de Sevilla. 1505-2005. V Centenario\u201d). Construy\u00f3 la qu\u00edmica org\u00e1nica de posguerra junto con el tambi\u00e9n cat\u00f3lico y cient\u00edfico Lora Tamayo.<\/p>\n<p style=\"text-align: justify;\">\u00a0Realiz\u00f3 en 1922 su Tesis Doctoral en Ciencias Qu\u00edmicas en la Universidad de Barcelona, bajo la supervisi\u00f3n del Prof. Antonio Garc\u00eda Barn\u00fas. Posteriormente, en los a\u00f1os 1922-1923, complet\u00f3 su formaci\u00f3n investigadora con el Prof. H. Wieland en Freiburg (Alemania) el cual trabajaba con \u00e1cidos biliares, tem\u00e1tica que le report\u00f3, en 1927, el Premio Nobel. El profesor Pascual Vila gan\u00f3 la C\u00e1tedra de Qu\u00edmica Org\u00e1nica de la Facultad de Ciencias de la Universidad de Salamanca en 1922 y en 1925 cambi\u00f3 a la misma c\u00e1tedra en la Universidad de Sevilla. En 1934 fue recuperado por la Universidad de Barcelona, en donde permaneci\u00f3 hasta su retirada del \u00e1mbito universitario en el a\u00f1o 1967. Las colaboraciones del profesor Josep Pascual Vila, realizadas en el marco del Consejo Superior de Investigaciones Cient\u00edficas (CSIC), le permitieron crear, en 1940, la C\u00e1tedra de Qu\u00edmica Org\u00e1nica de la Universidad de Barcelona y la Secci\u00f3n de Qu\u00edmica Org\u00e1nica del Instituto de Alonso Barba del Patronato Alfonso el Sabio (CSIC) que, en 1952, se transforma en Departamento de Qu\u00edmica Org\u00e1nica. Asimismo, en 1944 arranca, tambi\u00e9n bajo su direcci\u00f3n, el Instituto de Investigaci\u00f3n Tecnol\u00f3gica de Barcelona respaldado por el CSIC y la Diputaci\u00f3n de Barcelona. Finalmente en 1955, se crea en Barcelona una Delegaci\u00f3n del Patronato Juan de la Cierva del CSIC, de la cual el profesor Pascual Vila es nombrado Presidente. El anteriormente mencionado Departamento de Qu\u00edmica Org\u00e1nica del Instituto de Alonso Barba, que se orientaba hacia la investigaci\u00f3n b\u00e1sica debido a sus or\u00edgenes universitarios, se incorpora en 1961 y principalmente por razones econ\u00f3micas, al Patronato Juan de la Cierva dedicado a la investigaci\u00f3n aplicada. En 1967, la totalidad del Departamento de Qu\u00edmica Org\u00e1nica del CSIC se traslada de la Universidad al Centro de Investigaci\u00f3n y Desarrollo (CID-CSIC) y se crea el Instituto de Qu\u00edmica Org\u00e1nica de Barcelona. (http:\/\/www.cid.csic.es\/) .<\/p>\n<p style=\"text-align: justify;\">\u00a0Fue miembro de la Real Academia de Ciencias Exactas, F\u00edsicas y Naturales y de la Real Academia de Ciencias y Artes de Barcelona (que presidi\u00f3), Madrid y Sevilla; tambi\u00e9n fue Director del Centro de Investigaci\u00f3n y Desarrollo de Barcelona, y perteneci\u00f3 a la Comisi\u00f3n Internacional de Nomenclatura Org\u00e1nica. Public\u00f3 numerosos art\u00edculos y recibi\u00f3, entre otros galardones, el Premio Francisco Franco de Ciencias (1968), el Premio de la Fundaci\u00f3n Juan March y la Gran Cruz de Alfonso X el Sabio. <em><br \/>\n<\/em><\/p>\n","protected":false},"excerpt":{"rendered":"<p>&nbsp; Cat\u00f3licos y cient\u00edficos: Josep Pascual Vila, por Alfonso V. Carrascosa, cient\u00edfico del CSIC El Prof. Jos\u00e9 Pascual Vila (1895-1979), que fue un important\u00edsimo qu\u00edmico espa\u00f1ol, cat\u00f3lico practicante, y que dio nombre al Instituto de Investigaciones Qu\u00edmicas y Ambientales \u201cJosep Pascual Vila\u201d, que recientemente ha desaparecido bajo la forma de dos nuevos institutos: el Instituto &hellip; <a href=\"https:\/\/www.biblia.work\/sermones\/catolicos-y-cientificos-josep-pascual-vila-por-alfonso-v-carrascosa-cientifico-del-csic\/\" class=\"more-link\">Continuar leyendo<span class=\"screen-reader-text\"> \u00abCat\u00f3licos y cient\u00edficos: Josep Pascual Vila, por Alfonso V. Carrascosa, cient\u00edfico del CSIC\u00bb<\/span><\/a><\/p>\n","protected":false},"author":1,"featured_media":0,"comment_status":"open","ping_status":"closed","sticky":false,"template":"","format":"standard","meta":{"footnotes":""},"categories":[1],"tags":[],"class_list":["post-34919","post","type-post","status-publish","format-standard","hentry","category-general"],"_links":{"self":[{"href":"https:\/\/www.biblia.work\/sermones\/wp-json\/wp\/v2\/posts\/34919","targetHints":{"allow":["GET"]}}],"collection":[{"href":"https:\/\/www.biblia.work\/sermones\/wp-json\/wp\/v2\/posts"}],"about":[{"href":"https:\/\/www.biblia.work\/sermones\/wp-json\/wp\/v2\/types\/post"}],"author":[{"embeddable":true,"href":"https:\/\/www.biblia.work\/sermones\/wp-json\/wp\/v2\/users\/1"}],"replies":[{"embeddable":true,"href":"https:\/\/www.biblia.work\/sermones\/wp-json\/wp\/v2\/comments?post=34919"}],"version-history":[{"count":0,"href":"https:\/\/www.biblia.work\/sermones\/wp-json\/wp\/v2\/posts\/34919\/revisions"}],"wp:attachment":[{"href":"https:\/\/www.biblia.work\/sermones\/wp-json\/wp\/v2\/media?parent=34919"}],"wp:term":[{"taxonomy":"category","embeddable":true,"href":"https:\/\/www.biblia.work\/sermones\/wp-json\/wp\/v2\/categories?post=34919"},{"taxonomy":"post_tag","embeddable":true,"href":"https:\/\/www.biblia.work\/sermones\/wp-json\/wp\/v2\/tags?post=34919"}],"curies":[{"name":"wp","href":"https:\/\/api.w.org\/{rel}","templated":true}]}}