{"id":34920,"date":"2016-06-20T23:41:36","date_gmt":"2016-06-21T04:41:36","guid":{"rendered":"http:\/\/www.biblia.work\/sermones\/una-joven-nazarena-por-amparo-tos-boix\/"},"modified":"2016-06-20T23:41:36","modified_gmt":"2016-06-21T04:41:36","slug":"una-joven-nazarena-por-amparo-tos-boix","status":"publish","type":"post","link":"https:\/\/www.biblia.work\/sermones\/una-joven-nazarena-por-amparo-tos-boix\/","title":{"rendered":"Una joven Nazarena, por Amparo Tos Boix"},"content":{"rendered":"<p align=\"justify\"><strong>Una joven Nazarena, por Amparo Tos Boix<\/strong><\/p>\n<p align=\"justify\">UNA JOVEN NAZARENA. En Espa\u00f1a hay libertad de culto, y se puede ser creyente de cualquier religi\u00f3n y tambi\u00e9n, por supuesto, ateo. Un grupo radical ha querido molestar a ciudadanos valencianos y catalanes \u2013creyentes o no- publicando un dibujo donde se besan las im\u00e1genes de las Patronas de Valencia y Catalu\u00f1a, N\u00aa S\u00aa de los Desamparados y N\u00aa S\u00aa de Monserrat , con una clara intenci\u00f3n de presentarlas como lesbianas.<\/p>\n<p align=\"justify\">Esta infamia propia de un desequilibrado da para mucho, como denigrar algo en lo que no se cree, la falta de respeto hacia el que piensa distinto, etc. Pero a m\u00ed, despu\u00e9s de la indignaci\u00f3n que ha suscitado, solo me queda aclarar a sus autores que ambas im\u00e1genes son de la misma persona: La Virgen Mar\u00eda, Madre de Cristo y de todos, incluidos ellos.<\/p>\n<p align=\"justify\">Amparo Tos Boix, Valencia.<\/p>\n","protected":false},"excerpt":{"rendered":"<p>Una joven Nazarena, por Amparo Tos Boix UNA JOVEN NAZARENA. En Espa\u00f1a hay libertad de culto, y se puede ser creyente de cualquier religi\u00f3n y tambi\u00e9n, por supuesto, ateo. Un grupo radical ha querido molestar a ciudadanos valencianos y catalanes \u2013creyentes o no- publicando un dibujo donde se besan las im\u00e1genes de las Patronas de &hellip; <a href=\"https:\/\/www.biblia.work\/sermones\/una-joven-nazarena-por-amparo-tos-boix\/\" class=\"more-link\">Continuar leyendo<span class=\"screen-reader-text\"> \u00abUna joven Nazarena, por Amparo Tos Boix\u00bb<\/span><\/a><\/p>\n","protected":false},"author":1,"featured_media":0,"comment_status":"open","ping_status":"closed","sticky":false,"template":"","format":"standard","meta":{"footnotes":""},"categories":[1],"tags":[],"class_list":["post-34920","post","type-post","status-publish","format-standard","hentry","category-general"],"_links":{"self":[{"href":"https:\/\/www.biblia.work\/sermones\/wp-json\/wp\/v2\/posts\/34920","targetHints":{"allow":["GET"]}}],"collection":[{"href":"https:\/\/www.biblia.work\/sermones\/wp-json\/wp\/v2\/posts"}],"about":[{"href":"https:\/\/www.biblia.work\/sermones\/wp-json\/wp\/v2\/types\/post"}],"author":[{"embeddable":true,"href":"https:\/\/www.biblia.work\/sermones\/wp-json\/wp\/v2\/users\/1"}],"replies":[{"embeddable":true,"href":"https:\/\/www.biblia.work\/sermones\/wp-json\/wp\/v2\/comments?post=34920"}],"version-history":[{"count":0,"href":"https:\/\/www.biblia.work\/sermones\/wp-json\/wp\/v2\/posts\/34920\/revisions"}],"wp:attachment":[{"href":"https:\/\/www.biblia.work\/sermones\/wp-json\/wp\/v2\/media?parent=34920"}],"wp:term":[{"taxonomy":"category","embeddable":true,"href":"https:\/\/www.biblia.work\/sermones\/wp-json\/wp\/v2\/categories?post=34920"},{"taxonomy":"post_tag","embeddable":true,"href":"https:\/\/www.biblia.work\/sermones\/wp-json\/wp\/v2\/tags?post=34920"}],"curies":[{"name":"wp","href":"https:\/\/api.w.org\/{rel}","templated":true}]}}