{"id":34921,"date":"2016-06-20T23:41:41","date_gmt":"2016-06-21T04:41:41","guid":{"rendered":"http:\/\/www.biblia.work\/sermones\/catolicos-y-cientificos-malaspina-por-alfonso-v-carrascosa-cientifico-del-csic\/"},"modified":"2016-06-20T23:41:41","modified_gmt":"2016-06-21T04:41:41","slug":"catolicos-y-cientificos-malaspina-por-alfonso-v-carrascosa-cientifico-del-csic","status":"publish","type":"post","link":"https:\/\/www.biblia.work\/sermones\/catolicos-y-cientificos-malaspina-por-alfonso-v-carrascosa-cientifico-del-csic\/","title":{"rendered":"Cat\u00f3licos y cient\u00edficos: Malaspina, por Alfonso V. Carrascosa, cient\u00edfico del CSIC"},"content":{"rendered":"<p align=\"justify\">&nbsp;<\/p>\n<p style=\"text-align: justify;\"><strong>Cat\u00f3licos y cient\u00edficos: Malaspina, por Alfonso V. Carrascosa, cient\u00edfico del CSIC<\/strong><\/p>\n<p style=\"text-align: justify;\">\u00a0La famosa Expedici\u00f3n Malaspina 2010 fue en realidad un importante proyecto de investigaci\u00f3n cient\u00edfica en el que jueg\u00f3 y juega un papel destacado el Consejo Superior de Investigaciones Cient\u00edficas (CSIC), mayor organismo de investigaci\u00f3n espa\u00f1ol de todos los tiempos, fundado por los cat\u00f3licos Ib\u00e1\u00f1ez-Mart\u00edn y Albareda.<\/p>\n<p style=\"text-align: justify;\">La expedici\u00f3n valora, entre otras cosas, los efectos del cambio clim\u00e1tico, y contin\u00faa permitiendo avanzar significativamente en el conocimiento del apasionante mundo de la microbiodiversidad marina. Alejandro Malaspina (1754 \u2013 1810), en honor de quien la actual expedici\u00f3n toma nombre, y que protagoniz\u00f3 a las \u00f3rdenes de la corona la m\u00e1s importante expedici\u00f3n cient\u00edfica espa\u00f1ola de la era ilustrada. Alejandro Malaspina era cat\u00f3lico y cient\u00edfico.<\/p>\n<p style=\"text-align: justify;\">Por m\u00e1s que la leyenda laicista, con su dudosa memoria hist\u00f3rica, trate de ocultarlo, Malaspina era cat\u00f3lico, y no s\u00f3lo porque naciera en el seno de una familia cat\u00f3lica y, por ello, fuera bautizado, etc., etc., etc., si no porque en su obra, al igual que en la de otros muchos destacados cient\u00edficos, convivieron ciencia y religi\u00f3n, o raz\u00f3n y f\u00e9, de un modo no s\u00f3lo pac\u00edfico, si no adem\u00e1s productivo. Se trataba adem\u00e1s de un extraordinario navegante.<\/p>\n<p style=\"text-align: justify;\">\u00a0Toda su formaci\u00f3n acad\u00e9mica la recibi\u00f3 en la Iglesia Cat\u00f3lica, fundamentalmente en el colegio Clementino de Roma. Este colegio fue fundado por el Beato Gerardo, y pertenec\u00eda a los religiosos de la Congregaci\u00f3n Somasca \u2013orden fundada por san Gerolamo Emiliani en 1528- que segu\u00edan la Regla de san Agust\u00edn. Su cometido fundamental era instruir a ignorantes y acoger a hu\u00e9rfanos. Su educaci\u00f3n en dicha instituci\u00f3n se realiz\u00f3 teniendo al padre Antonio M\u00aa de Lugo, te\u00f3logo, como preceptor. Muchos de los textos cient\u00edficos que estudi\u00f3 hab\u00edan sido a su vez escritos por cient\u00edficos creyentes cat\u00f3licos de la talla de Galileo, Leibnitz, Petau\u2026Por ello no resulta chocante que desde joven tuviese conocimiento directo de algo que la Iglesia Cat\u00f3lica sigue defendiendo, y que Benedicto XVI incluye en su magisterio, y que es la unidad del saber, y la complementaci\u00f3n de lo que hoy conocemos como ciencia con la filosof\u00eda. Todo ello y con la misma inspiraci\u00f3n religiosa fue fundamental en la puesta en marcha del CSIC.<\/p>\n<p style=\"text-align: justify;\">Pero en el Colegio Clementino, adem\u00e1s de conocimiento cl\u00e1sico, se introduc\u00eda a los alumnos en la entonces denominada filosof\u00eda natural, que inclu\u00eda la f\u00edsica, las ciencias naturales\u2026en definitiva la actual ciencia experimental. Un aut\u00e9ntico privilegio del saber que la Iglesia Cat\u00f3lica promov\u00eda.<\/p>\n<p style=\"text-align: justify;\">Cuando Malaspina volvi\u00f3 de su viaje, inform\u00f3 del mismo a trav\u00e9s de m\u00faltiples escritos. En ellos dec\u00eda entre otras cosas\u2026 la inmensidad del espacio no debe ser confundida con la de Dios\u2026expresando as\u00ed su sobrecogimiento ante todo lo visto. Todo el enfoque de sus notas es una perfecta mezcla entre la constante observaci\u00f3n de la naturaleza y el sentido \u00faltimo de todo en la Sabidur\u00eda de Dios. De particular inter\u00e9s resultan sus comentarios sobre la importancia de la religi\u00f3n en los territorios de Am\u00e9rica y Asia visitados\u2026la predicaci\u00f3n evang\u00e9lica ten\u00eda el doble halago de la compasi\u00f3n y la dulzura\u2026 el eclesi\u00e1stico\u2026educado con una privaci\u00f3n cont\u00ednua de casi todas sus comodidades y expuesto a ver no legitimado lo que posee, no se ocupa si no de su bienestar y con poco vive contento\u2026algo tan alejado de la visi\u00f3n que la leyenda negra da del papel de la Iglesia Cat\u00f3lica en la funci\u00f3n misionera. Continuaba diciendo sobre los cl\u00e9rigos que\u2026 pueden influir mucho en formar la sociedad\u2026 y calificaba a sus ideas de\u2026 sublimes, que solas nos hacen la religi\u00f3n al mismo tiempo necesaria y agradable.<\/p>\n<p style=\"text-align: justify;\">Conocidas son sus disputas sobre la transmigraci\u00f3n de las almas, algo que matizaba pero sin negar la existencia del alma inmortal \u2013como el cient\u00edfico Ram\u00f3n y Cajal- que le llev\u00f3 a ser acusado y a comparecer ante la Inquisici\u00f3n, resolvi\u00e9ndose el problema sin ni siquiera arresto o sanci\u00f3n, seguramente por su f\u00e9 f\u00e1cilmente demostrable y conocida. Manifest\u00f3 asombro -como el mismo que expresara el tambi\u00e9n cat\u00f3lico y cient\u00edfico F\u00e9lix Rodr\u00edguez de la Fuente- al encontrarse en toda civilizaci\u00f3n ind\u00edgena estudiada el fen\u00f3meno religioso. A todo ello s\u00f3lo resta a\u00f1adir que fue Caballero de la Orden de Malta, a la cual acced\u00edan s\u00f3lo los que sus propios estatutos permit\u00edan, es decir, o bien profesos con votos religiosos de obediencia, castidad y pobreza; o bien quienes hubieren jurado tender a la perfecci\u00f3n de la vida cristiana, y en todo caso conocidos cat\u00f3licos practicantes de la \u00e9poca con cierta relevancia social, como la ten\u00eda en lo cient\u00edfico y marinero Alejandro Malaspina.<em><br \/>\n<\/em><\/p>\n","protected":false},"excerpt":{"rendered":"<p>&nbsp; Cat\u00f3licos y cient\u00edficos: Malaspina, por Alfonso V. Carrascosa, cient\u00edfico del CSIC \u00a0La famosa Expedici\u00f3n Malaspina 2010 fue en realidad un importante proyecto de investigaci\u00f3n cient\u00edfica en el que jueg\u00f3 y juega un papel destacado el Consejo Superior de Investigaciones Cient\u00edficas (CSIC), mayor organismo de investigaci\u00f3n espa\u00f1ol de todos los tiempos, fundado por los cat\u00f3licos &hellip; <a href=\"https:\/\/www.biblia.work\/sermones\/catolicos-y-cientificos-malaspina-por-alfonso-v-carrascosa-cientifico-del-csic\/\" class=\"more-link\">Continuar leyendo<span class=\"screen-reader-text\"> \u00abCat\u00f3licos y cient\u00edficos: Malaspina, por Alfonso V. Carrascosa, cient\u00edfico del CSIC\u00bb<\/span><\/a><\/p>\n","protected":false},"author":1,"featured_media":0,"comment_status":"open","ping_status":"closed","sticky":false,"template":"","format":"standard","meta":{"footnotes":""},"categories":[1],"tags":[],"class_list":["post-34921","post","type-post","status-publish","format-standard","hentry","category-general"],"_links":{"self":[{"href":"https:\/\/www.biblia.work\/sermones\/wp-json\/wp\/v2\/posts\/34921","targetHints":{"allow":["GET"]}}],"collection":[{"href":"https:\/\/www.biblia.work\/sermones\/wp-json\/wp\/v2\/posts"}],"about":[{"href":"https:\/\/www.biblia.work\/sermones\/wp-json\/wp\/v2\/types\/post"}],"author":[{"embeddable":true,"href":"https:\/\/www.biblia.work\/sermones\/wp-json\/wp\/v2\/users\/1"}],"replies":[{"embeddable":true,"href":"https:\/\/www.biblia.work\/sermones\/wp-json\/wp\/v2\/comments?post=34921"}],"version-history":[{"count":0,"href":"https:\/\/www.biblia.work\/sermones\/wp-json\/wp\/v2\/posts\/34921\/revisions"}],"wp:attachment":[{"href":"https:\/\/www.biblia.work\/sermones\/wp-json\/wp\/v2\/media?parent=34921"}],"wp:term":[{"taxonomy":"category","embeddable":true,"href":"https:\/\/www.biblia.work\/sermones\/wp-json\/wp\/v2\/categories?post=34921"},{"taxonomy":"post_tag","embeddable":true,"href":"https:\/\/www.biblia.work\/sermones\/wp-json\/wp\/v2\/tags?post=34921"}],"curies":[{"name":"wp","href":"https:\/\/api.w.org\/{rel}","templated":true}]}}