{"id":34923,"date":"2016-06-20T23:41:48","date_gmt":"2016-06-21T04:41:48","guid":{"rendered":"http:\/\/www.biblia.work\/sermones\/condena-al-ataque-terrorista-en-orlando-por-el-director-centro-cultural-islamico-de-madrid\/"},"modified":"2016-06-20T23:41:48","modified_gmt":"2016-06-21T04:41:48","slug":"condena-al-ataque-terrorista-en-orlando-por-el-director-centro-cultural-islamico-de-madrid","status":"publish","type":"post","link":"https:\/\/www.biblia.work\/sermones\/condena-al-ataque-terrorista-en-orlando-por-el-director-centro-cultural-islamico-de-madrid\/","title":{"rendered":"Condena al ataque terrorista en Orlando, por el director Centro Cultural Isl\u00e1mico de Madrid"},"content":{"rendered":"<p style=\"text-align: justify;\"><strong>Condena al ataque terrorista en Orlando<\/strong><\/p>\n<p style=\"text-align: justify;\">Condenamos el ataque terrorista en &#8220;Orlando&#8221; EE.UU, que caus\u00f3 la muerte de un gran n\u00famero de personas. Asimismo, condenamos todos los actos de terrorismo en cualquier parte del mundo.<\/p>\n<p style=\"text-align: justify;\">Nadie tiene derecho de usar el nombre de la noble religi\u00f3n musulmana para cometer actos de violencia. El Islam no es una religi\u00f3n de violencia. A trav\u00e9s de este comunicado expresamos nuestras condolencias a los familiares y amigos de las v\u00edctimas de este terrible ataque.<\/p>\n<p style=\"text-align: justify;\">&#8212;<\/p>\n<p style=\"text-align: justify;\">Dr. SAMI EL MUSHTAWI<\/p>\n<p style=\"text-align: justify;\">Director del Departamento Cultural<br \/>\nCentro Cultural Isl\u00e1mico de Madrid<\/p>\n","protected":false},"excerpt":{"rendered":"<p>Condena al ataque terrorista en Orlando Condenamos el ataque terrorista en &#8220;Orlando&#8221; EE.UU, que caus\u00f3 la muerte de un gran n\u00famero de personas. Asimismo, condenamos todos los actos de terrorismo en cualquier parte del mundo. Nadie tiene derecho de usar el nombre de la noble religi\u00f3n musulmana para cometer actos de violencia. El Islam no &hellip; <a href=\"https:\/\/www.biblia.work\/sermones\/condena-al-ataque-terrorista-en-orlando-por-el-director-centro-cultural-islamico-de-madrid\/\" class=\"more-link\">Continuar leyendo<span class=\"screen-reader-text\"> \u00abCondena al ataque terrorista en Orlando, por el director Centro Cultural Isl\u00e1mico de Madrid\u00bb<\/span><\/a><\/p>\n","protected":false},"author":1,"featured_media":0,"comment_status":"open","ping_status":"closed","sticky":false,"template":"","format":"standard","meta":{"footnotes":""},"categories":[1],"tags":[],"class_list":["post-34923","post","type-post","status-publish","format-standard","hentry","category-general"],"_links":{"self":[{"href":"https:\/\/www.biblia.work\/sermones\/wp-json\/wp\/v2\/posts\/34923","targetHints":{"allow":["GET"]}}],"collection":[{"href":"https:\/\/www.biblia.work\/sermones\/wp-json\/wp\/v2\/posts"}],"about":[{"href":"https:\/\/www.biblia.work\/sermones\/wp-json\/wp\/v2\/types\/post"}],"author":[{"embeddable":true,"href":"https:\/\/www.biblia.work\/sermones\/wp-json\/wp\/v2\/users\/1"}],"replies":[{"embeddable":true,"href":"https:\/\/www.biblia.work\/sermones\/wp-json\/wp\/v2\/comments?post=34923"}],"version-history":[{"count":0,"href":"https:\/\/www.biblia.work\/sermones\/wp-json\/wp\/v2\/posts\/34923\/revisions"}],"wp:attachment":[{"href":"https:\/\/www.biblia.work\/sermones\/wp-json\/wp\/v2\/media?parent=34923"}],"wp:term":[{"taxonomy":"category","embeddable":true,"href":"https:\/\/www.biblia.work\/sermones\/wp-json\/wp\/v2\/categories?post=34923"},{"taxonomy":"post_tag","embeddable":true,"href":"https:\/\/www.biblia.work\/sermones\/wp-json\/wp\/v2\/tags?post=34923"}],"curies":[{"name":"wp","href":"https:\/\/api.w.org\/{rel}","templated":true}]}}