{"id":34924,"date":"2016-06-20T23:41:54","date_gmt":"2016-06-21T04:41:54","guid":{"rendered":"http:\/\/www.biblia.work\/sermones\/criterios-basicos-ante-la-encrucijada-que-vive-espana-editorial-ecclesia\/"},"modified":"2016-06-20T23:41:54","modified_gmt":"2016-06-21T04:41:54","slug":"criterios-basicos-ante-la-encrucijada-que-vive-espana-editorial-ecclesia","status":"publish","type":"post","link":"https:\/\/www.biblia.work\/sermones\/criterios-basicos-ante-la-encrucijada-que-vive-espana-editorial-ecclesia\/","title":{"rendered":"Criterios b\u00e1sicos ante la encrucijada que vive Espa\u00f1a \u2013 editorial ECCLESIA"},"content":{"rendered":"<p style=\"text-align: justify;\"><strong>Criterios b\u00e1sicos ante la encrucijada que vive Espa\u00f1a \u2013 editorial ECCLESIA<\/strong><\/p>\n<p style=\"text-align: justify;\">El pr\u00f3ximo domingo, d\u00eda 26 de junio, los espa\u00f1oles mayores de edad estamos llamados, otra vez, a las urnas, en una convocatoria extraordinaria de elecciones generales legislativas, de la que habr\u00e1 de salir un nuevo Gobierno para la naci\u00f3n. Nos hallamos, pues, ante los comicios m\u00e1s transcendentales desde la llegada, en 1977, de la democracia. Y es que Espa\u00f1a no puede seguir prolongando la situaci\u00f3n de interinidad en la que se encuentra desde las infructuosas elecciones de diciembre pasado.<\/p>\n<p style=\"text-align: justify;\">Al tema, ecclesia ya ha dedicado, de un modo u otro,\u00a0 varios\u00a0 Editoriales e informaciones (n\u00fameros 3.815, 3.818, 3.821, 3.825-26, 3.827, 3.828 y 3.829 y 3.830, p\u00e1ginas 5, 9, 5, 5, 6, 9, 9 y 5, respectivamente). \u00bfPor qu\u00e9, entonces, se podr\u00eda pensar, con l\u00f3gica, volver al tema? Por una raz\u00f3n muy sencilla, ya sugerida en el p\u00e1rrafo anterior: Espa\u00f1a se juega mucho el 26 de junio. De ah\u00ed, nuestra renovada llamada \u2014desde el apartidismo pol\u00edtico y los principios desde los que la Iglesia ha de juzgar y moverse en lo relativo a las realidades temporales- al voto en conciencia y en responsabilidad y dirigido hacia el bien com\u00fan y a la consolidaci\u00f3n y reforzamiento \u2013incluso, en lo que sea preciso, purificaci\u00f3n y regeneraci\u00f3n\u2014 de los verdaderos valores que han de conformar el presente y el futuro inmediato de Espa\u00f1a.<\/p>\n<p style=\"text-align: justify;\">\u00a0\u00a0\u00a0\u00a0\u00a0\u00a0\u00a0\u00a0 \u00bfCu\u00e1les son estos valores? El cardenal presidente de la CEE, en una reciente entrevista en la Cadena Cope,\u00a0 declar\u00f3 que \u201cestamos un en momento crucial\u201d en el terreno pol\u00edtico y que espera de la sociedad espa\u00f1ola \u201cun gran sentido de la responsabilidad\u201d, abundando en una apelaci\u00f3n de recuerdo y de actualizaci\u00f3n del derecho de la libertad religiosa, uno de los pilares de toda democracia y de nuestra Constituci\u00f3n.\u00a0 Porque \u2013a\u00f1adi\u00f3 monse\u00f1or Bl\u00e1zquez- \u201cno debemos salirnos de esa \u00f3rbita de convivencia\u201d, pues \u201cestamos en una encrucijada de nuestra historia\u201d y \u201cno podemos andar dando bandazos\u201d. Lo que \u201cnos debe guiar es el bien com\u00fan\u201d y no proyectos que, a veces, est\u00e1n demasiado ideologizados, \u00a0ya que \u00a0\u201clas coordenadas socioculturales de nuestra sociedad espa\u00f1ola y de su modelo de convivencia\u201d, en las \u00faltimas cuatro d\u00e9cadas, \u201cno se deben romper\u201d. Asimismo el cardenal Bl\u00e1zquez incidi\u00f3 en c\u00f3mo la Iglesia cat\u00f3lica est\u00e1 \u201chondamente arraigada en nuestro pa\u00eds\u201d y en c\u00f3mo sus actividades y celebraciones tienen un notable y ben\u00e9fico impacto econ\u00f3mico y una gran y positiva repercusi\u00f3n en la convivencia serena, tolerante e integradora de nuestra sociedad (ver p\u00e1ginas 7,8 y 9 de este n\u00famero de ecclesia).<\/p>\n<p style=\"text-align: justify;\">\u00a0\u00a0\u00a0\u00a0\u00a0\u00a0\u00a0\u00a0 Por su parte, el obispo de \u00c1vila acaba de publicar una carta, en la que ofrece asimismo unas reflexiones ante las pr\u00f3ximas elecciones generales. Lo hace destacando cuatro aspectos del discurso del presidente de la CEE\u00a0 en la sesi\u00f3n de apertura de la \u00faltima Asamblea Plenaria de los obispos (ecclesia, n\u00famero 3.828, p\u00e1ginas 9 a 11). En concreto, los puntos se\u00f1alados y glosados por monse\u00f1or Garc\u00eda Burillo aluden al valor de nuestra Constituci\u00f3n, a Europa como marco de referencia para Espa\u00f1a, al derecho a la libertad religiosa y a la apuesta por la laicidad positiva en las relaciones Iglesia-Estado.<\/p>\n<p style=\"text-align: justify;\">\u00a0\u00a0\u00a0\u00a0\u00a0\u00a0\u00a0\u00a0 Ni que decir tiene que suscribimos cordial e \u00edntegramente ambos planteamientos episcopales, que deseamos puedan servir a nuestros lectores a la hora de emitir su voto el 26 de junio. Adem\u00e1s, sus llamadas a la potenciaci\u00f3n y al respeto a la libertad religiosa han coincidido lamentablemente, con tristes y deplorables sucesos que vulneran precisamente este derecho sagrado a la libertad religiosa: dos incendios provocados en sendos templos de Nar\u00f3n (di\u00f3cesis de Mondo\u00f1edo-Ferrol) y, en Valencia, un obsceno cartel de LGTB (Grupo radical Endavant y Asociaci\u00f3n Gay Valenciana), que muestra a dos muy veneradas im\u00e1genes marianas bes\u00e1ndose en los labios.<\/p>\n<p style=\"text-align: justify;\">\u00a0\u00a0\u00a0\u00a0\u00a0\u00a0\u00a0\u00a0 Casualidad o no, en la querida Comunidad Valenciana hemos asistido recientemente a una injusta e injustificable campa\u00f1a institucional contra su cardenal arzobispo y a un tambi\u00e9n antidemocr\u00e1tico acoso a la ense\u00f1anza concertada. Afortunadamente, ha habido una numeros\u00edsima reacci\u00f3n popular y ciudadana frente a estas dos intimidaciones.<\/p>\n<p style=\"text-align: justify;\">\u00a0\u00a0\u00a0\u00a0\u00a0\u00a0\u00a0\u00a0 Y en relaci\u00f3n con la salida de la crisis econ\u00f3mica y con la implementaci\u00f3n en Espa\u00f1a de pol\u00edticas sociales m\u00e1s justas y solidarias, remitimos a la instrucci\u00f3n pastoral de la CEE\u00a0 <em>Iglesia, servidora de los pobres <\/em>(ecclesia, n\u00famero 3.777), toda una gu\u00eda maestra para votar y, sobre todo, para ese ejercicio de caridad que es la Pol\u00edtica con may\u00fasculas, la de los ciudadanos y la de los pol\u00edticos.<\/p>\n","protected":false},"excerpt":{"rendered":"<p>Criterios b\u00e1sicos ante la encrucijada que vive Espa\u00f1a \u2013 editorial ECCLESIA El pr\u00f3ximo domingo, d\u00eda 26 de junio, los espa\u00f1oles mayores de edad estamos llamados, otra vez, a las urnas, en una convocatoria extraordinaria de elecciones generales legislativas, de la que habr\u00e1 de salir un nuevo Gobierno para la naci\u00f3n. Nos hallamos, pues, ante los &hellip; <a href=\"https:\/\/www.biblia.work\/sermones\/criterios-basicos-ante-la-encrucijada-que-vive-espana-editorial-ecclesia\/\" class=\"more-link\">Continuar leyendo<span class=\"screen-reader-text\"> \u00abCriterios b\u00e1sicos ante la encrucijada que vive Espa\u00f1a \u2013 editorial ECCLESIA\u00bb<\/span><\/a><\/p>\n","protected":false},"author":1,"featured_media":0,"comment_status":"open","ping_status":"closed","sticky":false,"template":"","format":"standard","meta":{"footnotes":""},"categories":[1],"tags":[],"class_list":["post-34924","post","type-post","status-publish","format-standard","hentry","category-general"],"_links":{"self":[{"href":"https:\/\/www.biblia.work\/sermones\/wp-json\/wp\/v2\/posts\/34924","targetHints":{"allow":["GET"]}}],"collection":[{"href":"https:\/\/www.biblia.work\/sermones\/wp-json\/wp\/v2\/posts"}],"about":[{"href":"https:\/\/www.biblia.work\/sermones\/wp-json\/wp\/v2\/types\/post"}],"author":[{"embeddable":true,"href":"https:\/\/www.biblia.work\/sermones\/wp-json\/wp\/v2\/users\/1"}],"replies":[{"embeddable":true,"href":"https:\/\/www.biblia.work\/sermones\/wp-json\/wp\/v2\/comments?post=34924"}],"version-history":[{"count":0,"href":"https:\/\/www.biblia.work\/sermones\/wp-json\/wp\/v2\/posts\/34924\/revisions"}],"wp:attachment":[{"href":"https:\/\/www.biblia.work\/sermones\/wp-json\/wp\/v2\/media?parent=34924"}],"wp:term":[{"taxonomy":"category","embeddable":true,"href":"https:\/\/www.biblia.work\/sermones\/wp-json\/wp\/v2\/categories?post=34924"},{"taxonomy":"post_tag","embeddable":true,"href":"https:\/\/www.biblia.work\/sermones\/wp-json\/wp\/v2\/tags?post=34924"}],"curies":[{"name":"wp","href":"https:\/\/api.w.org\/{rel}","templated":true}]}}