{"id":34925,"date":"2016-06-20T23:41:58","date_gmt":"2016-06-21T04:41:58","guid":{"rendered":"http:\/\/www.biblia.work\/sermones\/el-alcalde-de-valencia-por-amparo-tos-boix\/"},"modified":"2016-06-20T23:41:58","modified_gmt":"2016-06-21T04:41:58","slug":"el-alcalde-de-valencia-por-amparo-tos-boix","status":"publish","type":"post","link":"https:\/\/www.biblia.work\/sermones\/el-alcalde-de-valencia-por-amparo-tos-boix\/","title":{"rendered":"El alcalde de Valencia, por Amparo Tos Boix"},"content":{"rendered":"<p align=\"justify\"><strong>El alcalde de Valencia, por Amparo Tos Boix<\/strong><\/p>\n<p align=\"justify\">RIB\u00d3, ALCALDE OKUPA. El 30 de junio, fecha final de la concesi\u00f3n, el Banco de Alimentos de Valencia \u2013que atiende cada a\u00f1o a 7.000 familias sin recursos de la ciudad- ser\u00e1 obligado a dejar el local cedido por el Ayuntamiento, adem\u00e1s de ver suprimida la ayuda de 85.000 euros anuales. Por toda justificaci\u00f3n dice el Sr. Alcalde que quiere terminar con la imagen de las colas que se originan en el entorno del local.<\/p>\n<p align=\"justify\">El Sr. Rib\u00f3 ocupa el local de todos los valencianos y deja en la calle a 7.000 familias que se beneficiaban de ayudas b\u00e1sicas.<\/p>\n<p align=\"justify\">Aparte de otras consideraciones me pregunto c\u00f3mo actuar\u00eda el Sr. Alcalde si el local en cuesti\u00f3n estuviese \u201cocupado\u201d por un grupo Okupa, en lugar de un\u00a0 servicio a muchas familias sin recursos, y a las que no se pregunta por su \u201cperfil\u201d pol\u00edtico.<\/p>\n<p align=\"justify\">Amparo Tos Boix, Valencia.<\/p>\n","protected":false},"excerpt":{"rendered":"<p>El alcalde de Valencia, por Amparo Tos Boix RIB\u00d3, ALCALDE OKUPA. El 30 de junio, fecha final de la concesi\u00f3n, el Banco de Alimentos de Valencia \u2013que atiende cada a\u00f1o a 7.000 familias sin recursos de la ciudad- ser\u00e1 obligado a dejar el local cedido por el Ayuntamiento, adem\u00e1s de ver suprimida la ayuda de &hellip; <a href=\"https:\/\/www.biblia.work\/sermones\/el-alcalde-de-valencia-por-amparo-tos-boix\/\" class=\"more-link\">Continuar leyendo<span class=\"screen-reader-text\"> \u00abEl alcalde de Valencia, por Amparo Tos Boix\u00bb<\/span><\/a><\/p>\n","protected":false},"author":1,"featured_media":0,"comment_status":"open","ping_status":"closed","sticky":false,"template":"","format":"standard","meta":{"footnotes":""},"categories":[1],"tags":[],"class_list":["post-34925","post","type-post","status-publish","format-standard","hentry","category-general"],"_links":{"self":[{"href":"https:\/\/www.biblia.work\/sermones\/wp-json\/wp\/v2\/posts\/34925","targetHints":{"allow":["GET"]}}],"collection":[{"href":"https:\/\/www.biblia.work\/sermones\/wp-json\/wp\/v2\/posts"}],"about":[{"href":"https:\/\/www.biblia.work\/sermones\/wp-json\/wp\/v2\/types\/post"}],"author":[{"embeddable":true,"href":"https:\/\/www.biblia.work\/sermones\/wp-json\/wp\/v2\/users\/1"}],"replies":[{"embeddable":true,"href":"https:\/\/www.biblia.work\/sermones\/wp-json\/wp\/v2\/comments?post=34925"}],"version-history":[{"count":0,"href":"https:\/\/www.biblia.work\/sermones\/wp-json\/wp\/v2\/posts\/34925\/revisions"}],"wp:attachment":[{"href":"https:\/\/www.biblia.work\/sermones\/wp-json\/wp\/v2\/media?parent=34925"}],"wp:term":[{"taxonomy":"category","embeddable":true,"href":"https:\/\/www.biblia.work\/sermones\/wp-json\/wp\/v2\/categories?post=34925"},{"taxonomy":"post_tag","embeddable":true,"href":"https:\/\/www.biblia.work\/sermones\/wp-json\/wp\/v2\/tags?post=34925"}],"curies":[{"name":"wp","href":"https:\/\/api.w.org\/{rel}","templated":true}]}}