{"id":34926,"date":"2016-06-20T23:42:02","date_gmt":"2016-06-21T04:42:02","guid":{"rendered":"http:\/\/www.biblia.work\/sermones\/26-j-recreacion-o-licuefaccion-por-jose-luis-restan\/"},"modified":"2016-06-20T23:42:02","modified_gmt":"2016-06-21T04:42:02","slug":"26-j-recreacion-o-licuefaccion-por-jose-luis-restan","status":"publish","type":"post","link":"https:\/\/www.biblia.work\/sermones\/26-j-recreacion-o-licuefaccion-por-jose-luis-restan\/","title":{"rendered":"26-J: Recreaci\u00f3n o licuefacci\u00f3n, por Jos\u00e9 Luis Rest\u00e1n"},"content":{"rendered":"<p align=\"justify\"><strong>26-J: Recreaci\u00f3n o licuefacci\u00f3n, por Jos\u00e9 Luis Rest\u00e1n, director editorial de la Cadena COPE, en P\u00e1ginas Digital (10-6-2016)<\/strong><\/p>\n<p class=\"heditor_first\" style=\"text-align: justify;\">Licuefacci\u00f3n: la palabra describe el paso del estado s\u00f3lido al l\u00edquido bajo determinadas condiciones de presi\u00f3n y temperatura, pero Joseba Arregi la utiliza como descripci\u00f3n de la situaci\u00f3n espa\u00f1ola en un memorable art\u00edculo del 24 de mayo en el diario El Mundo.<\/p>\n<p align=\"justify\">\n<p class=\"heditor_first\" style=\"text-align: justify;\">Empecemos por decir que el autor no es precisamente un reaccionario. Su matriz pol\u00edtico-cultural est\u00e1 en el ala m\u00e1s moderada y posibilista del nacionalismo vasco, y fue consejero de un gobierno de coalici\u00f3n entre PNV y PSOE. Es curioso que del Pa\u00eds Vasco, donde tanto se ha sufrido durante nuestro trayecto democr\u00e1tico, surjan las voces m\u00e1s valientes y afiladas para el diagn\u00f3stico del momento presente. Voces como la del popular Mayor Oreja, los socialistas Redondo y Uriarte, y ahora el ex peneuvista Arregi.<\/p>\n<p style=\"text-align: justify;\">\u201cLa democracia puede que no aguante todo, sobre todo la disoluci\u00f3n de los principios en los que se sustenta\u201d, as\u00ed culminaba el art\u00edculo titulado \u201cEn una \u00e9poca de naufragio\u201d. Las palabras de ese texto, bien elegidas y ponderadas, impresionan a\u00fan m\u00e1s si se piensa que el autor es todo menos un reaccionario nost\u00e1lgico o un hombre inclinado a las trincheras. \u00bfA qu\u00e9 naufragio se refiere Arregi? En primer lugar el naufragio \u00e9tico-cultural de la cultura posmoderna, que ha disuelto las grandes convicciones compartidas de las sociedades occidentales: \u201cla desorientaci\u00f3n es reina y se\u00f1ora del mundo de la opini\u00f3n p\u00fablica, es la \u00fanica gu\u00eda de lo \u00fanico tangible que existe en la cultura actual, el espect\u00e1culo\u2026 todo se diluye, todo se evapora en el hervor continuo que es el espect\u00e1culo p\u00fablico\u201d. Evidentemente ah\u00ed est\u00e1 el fondo espeso de la crisis, la ra\u00edz de la incapacidad educativa de las \u00faltimas generaciones, la irracionalidad de ciertas formas de \u201cindignaci\u00f3n\u201d, la banalidad con la que una sociedad puede dilapidar un bagaje de vida buena que, por ejemplo en Espa\u00f1a, hemos disfrutado durante casi cuarenta a\u00f1os, pero quiz\u00e1s no hemos asimilado, no hemos juzgado y por tanto no hemos sabido transmitir y sostener sus razones.<\/p>\n<p style=\"text-align: justify;\">Pero despu\u00e9s Arregi realiza un giro y se vuelve hacia las instituciones pol\u00edticas y judiciales para hacerlas responsables de una dejaci\u00f3n dram\u00e1tica. Para ilustrarlo usa una escena dram\u00e1tica, aquella en que el presidente de la Rep\u00fablica Federal de Alemania, Walter Scheel, pidi\u00f3 solemnemente perd\u00f3n a la viuda del presidente de la patronal, Martin Schleyer, asesinado por los terroristas de la Baader Meinhoff. Perd\u00f3n porque el Estado no hab\u00eda sabido cumplido su deber primordial de defender la vida de uno de sus ciudadanos. S\u00ed, el naufragio tiene sus ra\u00edces profundas en la cultura, en la vida diaria de la gente corriente; pero tambi\u00e9n existe una responsabilidad muy seria de quienes gu\u00edan las instituciones.<\/p>\n<p class=\"heditor_first\" style=\"text-align: justify;\">El pr\u00f3ximo 26-J la licuefacci\u00f3n puede afectar definitivamente a la estructura \u00f3sea de nuestro sistema constitucional, nacido del abrazo y la reconciliaci\u00f3n que sellaron la superaci\u00f3n de una dial\u00e9ctica tormentosa y sangrienta que hab\u00eda enfrentado a los espa\u00f1oles a lo largo de m\u00e1s de un siglo. El problema no radica s\u00f3lo en el avance fulgurante de Unidos Podemos, que coloca en segundo puesto a una coalici\u00f3n que pretende dinamitar los acuerdos del 78, m\u00e1s a\u00fan, no s\u00f3lo su plasmaci\u00f3n jur\u00eddica sino tambi\u00e9n su esp\u00edritu. Lo dec\u00eda brutalmente la famosa concejala de cultura del ayuntamiento de Madrid, Celia Mayer, seg\u00fan la cual no ha habido reconciliaci\u00f3n porque no se han ajustado cuentas con los responsables del franquismo. Dicho en 2016, tal cual. De nuevo las dos Espa\u00f1as, ahora resucitadas por jovencitos que han crecido en el bienestar de la democracia del 78, tan banales como ideol\u00f3gicos. Pero no son s\u00f3lo ellos.<\/p>\n<p style=\"text-align: justify;\">El problema es tambi\u00e9n un PSOE que viene erosionando los contornos y la sustancia del acuerdo constitucional desde antes incluso de la llegada de Zapatero al poder en 2004. En todo lo que tiene que ver con la memoria hist\u00f3rica, el laicismo, la educaci\u00f3n y la unidad de Espa\u00f1a, el PSOE ha minado, desde el gobierno y la oposici\u00f3n, los pilares del pacto de la Transici\u00f3n. La cosecha es muy amarga, y amenaza con llevarse a uno de los partidos clave del sistema. Flaco consuelo se deriva del hecho de que ellos se lo han buscado. La \u00faltima prueba la encontramos en las declaraciones del flamante candidato Josep Borrell, seg\u00fan el cual el PSOE est\u00e1 m\u00e1s cerca de Podemos que del PP. No es un calent\u00f3n, es el resumen preciso del drama: lo que coagula un posible pacto no es para el PSOE la fidelidad constitucional sino el esquema izquierda-derecha, o mejor a\u00fan, el rechazo a esa \u201cotra\u201d Espa\u00f1a que vendr\u00eda a representar el PP.<\/p>\n<p style=\"text-align: justify;\">Hay muchas cuestiones que dependen del resultado del 26-J, pero todas ellas cuelgan de un centro de gravedad: saber si la sustancia del pacto del 78 podr\u00e1 pervivir y ser renovado en unas nuevas circunstancias, o si nos precipitamos en una incertidumbre que afectar\u00e1 a muchas m\u00e1s cosas que el control de d\u00e9ficit y la prima de riesgo. Creo que la primera opci\u00f3n es ampliamente deseable para el bien presente y futuro de la sociedad espa\u00f1ola, y para ello s\u00f3lo existe una posibilidad: que la suma alcanzada por PP y Ciudadanos muestre una mayor\u00eda social clara y sea suficiente para sostener un gobierno estable que requerir\u00eda un vigor y una convicci\u00f3n notables para recrear el pacto constitucional. S\u00f3lo de esta manera, el PSOE, o alguno de sus sectores, podr\u00eda salir de su estado catat\u00f3nico y sumarse decisivamente a semejante empe\u00f1o. La alternativa ser\u00eda la licuefacci\u00f3n definitiva del sistema del 78 y la entrada en un espacio de tremenda incertidumbre, pol\u00edtica, pero no s\u00f3lo. Claro que no ser\u00eda el fin del mundo, porque la pol\u00edtica no ofrece la salvaci\u00f3n, ni explica el sentido de la vida, ni sostiene la esperanza de los hombres. Pero ayuda a construir o acelera la destrucci\u00f3n. Tendr\u00edamos que volver a empezar, y a m\u00ed no me faltar\u00edan ganas. Pero antes de llegar a eso, est\u00e1 la libre decisi\u00f3n de cada uno para defender y promover un bien razonable y posible.<\/p>\n","protected":false},"excerpt":{"rendered":"<p>26-J: Recreaci\u00f3n o licuefacci\u00f3n, por Jos\u00e9 Luis Rest\u00e1n, director editorial de la Cadena COPE, en P\u00e1ginas Digital (10-6-2016) Licuefacci\u00f3n: la palabra describe el paso del estado s\u00f3lido al l\u00edquido bajo determinadas condiciones de presi\u00f3n y temperatura, pero Joseba Arregi la utiliza como descripci\u00f3n de la situaci\u00f3n espa\u00f1ola en un memorable art\u00edculo del 24 de mayo &hellip; <a href=\"https:\/\/www.biblia.work\/sermones\/26-j-recreacion-o-licuefaccion-por-jose-luis-restan\/\" class=\"more-link\">Continuar leyendo<span class=\"screen-reader-text\"> \u00ab26-J: Recreaci\u00f3n o licuefacci\u00f3n, por Jos\u00e9 Luis Rest\u00e1n\u00bb<\/span><\/a><\/p>\n","protected":false},"author":1,"featured_media":0,"comment_status":"open","ping_status":"closed","sticky":false,"template":"","format":"standard","meta":{"footnotes":""},"categories":[1],"tags":[],"class_list":["post-34926","post","type-post","status-publish","format-standard","hentry","category-general"],"_links":{"self":[{"href":"https:\/\/www.biblia.work\/sermones\/wp-json\/wp\/v2\/posts\/34926","targetHints":{"allow":["GET"]}}],"collection":[{"href":"https:\/\/www.biblia.work\/sermones\/wp-json\/wp\/v2\/posts"}],"about":[{"href":"https:\/\/www.biblia.work\/sermones\/wp-json\/wp\/v2\/types\/post"}],"author":[{"embeddable":true,"href":"https:\/\/www.biblia.work\/sermones\/wp-json\/wp\/v2\/users\/1"}],"replies":[{"embeddable":true,"href":"https:\/\/www.biblia.work\/sermones\/wp-json\/wp\/v2\/comments?post=34926"}],"version-history":[{"count":0,"href":"https:\/\/www.biblia.work\/sermones\/wp-json\/wp\/v2\/posts\/34926\/revisions"}],"wp:attachment":[{"href":"https:\/\/www.biblia.work\/sermones\/wp-json\/wp\/v2\/media?parent=34926"}],"wp:term":[{"taxonomy":"category","embeddable":true,"href":"https:\/\/www.biblia.work\/sermones\/wp-json\/wp\/v2\/categories?post=34926"},{"taxonomy":"post_tag","embeddable":true,"href":"https:\/\/www.biblia.work\/sermones\/wp-json\/wp\/v2\/tags?post=34926"}],"curies":[{"name":"wp","href":"https:\/\/api.w.org\/{rel}","templated":true}]}}