{"id":34927,"date":"2016-06-20T23:42:07","date_gmt":"2016-06-21T04:42:07","guid":{"rendered":"http:\/\/www.biblia.work\/sermones\/feliz-ramadan\/"},"modified":"2016-06-20T23:42:07","modified_gmt":"2016-06-21T04:42:07","slug":"feliz-ramadan","status":"publish","type":"post","link":"https:\/\/www.biblia.work\/sermones\/feliz-ramadan\/","title":{"rendered":"Feliz Ramad\u00e1n"},"content":{"rendered":"<p align=\"justify\"><strong>Feliz Ramad\u00e1n<\/strong><\/p>\n<p align=\"justify\">Recientemente daba cuenta de un encuentro de diversidad cultural y religiosa entre mujeres de la ciudad. Fue un encuentro gozoso, de conocimiento, respeto y cercan\u00eda mutua entre personas de distintos\u00a0 lugares, culturas y de sentimientos religiosos muy diversos. All\u00ed detectamos que hab\u00eda mucho de com\u00fan que nos un\u00eda y bastante de diversidad y pluralidad que nos enriquec\u00eda, y eso a todos los niveles: etnias, razas, fe, nivel econ\u00f3mico, cultura\u2026<\/p>\n<p align=\"justify\">Una vez m\u00e1s, desde esta experiencia sencilla,\u00a0 se pod\u00eda constatar \u00a0que el mayor mal y raz\u00f3n de muchos conflictos y de las corrientes fundamentalistas vienen por la ignorancia. En este sentido no podemos sostener que los conflictos actuales tengan su origen en la religi\u00f3n. Al contrario, la religi\u00f3n es parte de la soluci\u00f3n a esos conflictos, porque no se puede no se puede comprender el mundo de hoy sin tener en cuenta la religi\u00f3n. Es un error, como se quiere sostener a veces, que la religi\u00f3n es algo privado, como algo subjetivo. Es cierto, que es algo personal, de libertad interior, pero no hay duda de que conforma a la sociedad.<\/p>\n<p align=\"justify\">Nuestro mundo ha de aceptar y alegrarse\u00a0 por las corrientes de ecumenismo y di\u00e1logo interreligioso que se est\u00e1n abriendo en la actualidad. Es una riqueza que los creyentes se unan para subrayar que \u2018no solo de pan vive el hombre\u2019, sino tambi\u00e9n de su relaci\u00f3n con el trascendente, cada uno en su propia religi\u00f3n. Y no ver a quien profesa una religi\u00f3n distinta a la m\u00eda como un enemigo, sino como un peregrino hacia la Verdad, al igual que lo soy yo.<\/p>\n<p align=\"justify\">Los cat\u00f3licos, animados por el Papa Francisco, estamos viendo como uno de los temas de este pontificado, el mostrar \u201cla ternura de Dios\u201d al mundo, \u201cun Dios que acaricia al hombre\u201d. El impulsa un gran optimismo para el hombre, que no debe desesperarse porque siempre existe la posibilidad del perd\u00f3n y del encuentro, del arrepentimiento que hace posible la reconciliaci\u00f3n\u00a0 y la paz, tanto a nivel personal, como social y\u00a0 trascendente.<\/p>\n<p align=\"justify\">Con esta clave de comuni\u00f3n y cercan\u00eda en la humanidad en la Iglesia Cat\u00f3lica consideramos que no podemos estar pensando en que ninguna religi\u00f3n va m\u00e1s all\u00e1 que otra sino que hay que tener un trabajo de encuentro donde todos respetemos a todos y todos seamos respetados.<\/p>\n<p align=\"justify\">Movidos por este esp\u00edritu de di\u00e1logo interreligioso nos queremos dirigir a la comunidad musulmana que comparte tierra y pueblo con nosotros en Extremadura y desearles un feliz y provechoso mes del Ramad\u00e1n, cuya celebraci\u00f3n comienza en estos d\u00edas -6 Junio-. A la vez que nos congratulamos porque el im\u00e1n de Badajoz y portavoz de las comunidades isl\u00e1micas extreme\u00f1as, Adell Najar, ha podido salir de la Franja de Gaza y viajar hacia su hogar tras nueve meses retenido por el cierre del paso fronterizo con Egipto.<\/p>\n<p align=\"justify\">Al igual que en la cuaresma cristiana,\u00a0 sabemos que vuestro mes sagrado de ayuno os permite acercaros m\u00e1s a Dios y ser mejores personas mediante la pr\u00e1ctica del ayuno, de las obras de caridad y de la meditaci\u00f3n de vuestro sagrado libro, el Cor\u00e1n.<\/p>\n<p align=\"justify\">Nos gustar\u00eda mantener\u00a0 en nuestras ciudades y pueblos una buena y cordial relaci\u00f3n de amistad y fraternidad con vosotros dado que somos creyentes en un mismo Dios clemente y misericordioso.<\/p>\n<p align=\"justify\">Deseamos y trabajaremos para que\u00a0 el di\u00e1logo, la amistad y el encuentro entre nosotros y con otras religiones nos enriquezcan culturalmente; nos haga m\u00e1s abiertos para el di\u00e1logo y el conocimiento mutuo; y nos una frente a la intolerancia y el mal uso de las religiones para justificar actos b\u00e1rbaros.<\/p>\n<p align=\"justify\">Sabemos que el conocimiento mutuo y la pr\u00e1ctica coherente de la religi\u00f3n, en su verdad y sus entra\u00f1as, nunca generar\u00e1 violencia, sino verdadera paz para todo el mundo. Hoy como nunca queremos que nuestro ser religioso, desde el di\u00e1logo y el encuentro, sea pilar y sost\u00e9n de una verdadera \u00e9tica mundial, en la que con todos los verdaderos humanismos aportemos lo que concede dignidad a lo humano, abre puertas para la realizaci\u00f3n integral, y posibilita caminos de entrega y felicidad aut\u00e9ntica para todos.<\/p>\n<p align=\"justify\">Que vuestra celebraci\u00f3n del Ramad\u00e1n sea un paso m\u00e1s en este caminar por un mundo m\u00e1s humano y\u00a0 m\u00e1s justo, frente a toda intolerancia, desprecio, persecuci\u00f3n y fundamentalismos irracionales. Nos uniremos desde nuestro sentir cristiano y evang\u00e9lico a vuestra oraci\u00f3n y a vuestros mejores deseos.<\/p>\n<p align=\"justify\">Con nuestros mejores deseos de paz, amistad y bienestar.<\/p>\n<p align=\"justify\">Jos\u00e9 Moreno Losada.<\/p>\n<p align=\"justify\">Delegaci\u00f3n de Ecumenismo y Di\u00e1logo interreligioso de\u00a0 la di\u00f3cesis de M\u00e9rida-Badajoz.<\/p>\n<p align=\"justify\">&nbsp;<\/p>\n<p align=\"justify\">&nbsp;<\/p>\n","protected":false},"excerpt":{"rendered":"<p>Feliz Ramad\u00e1n Recientemente daba cuenta de un encuentro de diversidad cultural y religiosa entre mujeres de la ciudad. Fue un encuentro gozoso, de conocimiento, respeto y cercan\u00eda mutua entre personas de distintos\u00a0 lugares, culturas y de sentimientos religiosos muy diversos. All\u00ed detectamos que hab\u00eda mucho de com\u00fan que nos un\u00eda y bastante de diversidad y &hellip; <a href=\"https:\/\/www.biblia.work\/sermones\/feliz-ramadan\/\" class=\"more-link\">Continuar leyendo<span class=\"screen-reader-text\"> \u00abFeliz Ramad\u00e1n\u00bb<\/span><\/a><\/p>\n","protected":false},"author":1,"featured_media":0,"comment_status":"open","ping_status":"closed","sticky":false,"template":"","format":"standard","meta":{"footnotes":""},"categories":[1],"tags":[],"class_list":["post-34927","post","type-post","status-publish","format-standard","hentry","category-general"],"_links":{"self":[{"href":"https:\/\/www.biblia.work\/sermones\/wp-json\/wp\/v2\/posts\/34927","targetHints":{"allow":["GET"]}}],"collection":[{"href":"https:\/\/www.biblia.work\/sermones\/wp-json\/wp\/v2\/posts"}],"about":[{"href":"https:\/\/www.biblia.work\/sermones\/wp-json\/wp\/v2\/types\/post"}],"author":[{"embeddable":true,"href":"https:\/\/www.biblia.work\/sermones\/wp-json\/wp\/v2\/users\/1"}],"replies":[{"embeddable":true,"href":"https:\/\/www.biblia.work\/sermones\/wp-json\/wp\/v2\/comments?post=34927"}],"version-history":[{"count":0,"href":"https:\/\/www.biblia.work\/sermones\/wp-json\/wp\/v2\/posts\/34927\/revisions"}],"wp:attachment":[{"href":"https:\/\/www.biblia.work\/sermones\/wp-json\/wp\/v2\/media?parent=34927"}],"wp:term":[{"taxonomy":"category","embeddable":true,"href":"https:\/\/www.biblia.work\/sermones\/wp-json\/wp\/v2\/categories?post=34927"},{"taxonomy":"post_tag","embeddable":true,"href":"https:\/\/www.biblia.work\/sermones\/wp-json\/wp\/v2\/tags?post=34927"}],"curies":[{"name":"wp","href":"https:\/\/api.w.org\/{rel}","templated":true}]}}