{"id":34928,"date":"2016-06-20T23:42:09","date_gmt":"2016-06-21T04:42:09","guid":{"rendered":"http:\/\/www.biblia.work\/sermones\/cien-anos-de-fatima-un-mensaje-de-misericordia\/"},"modified":"2016-06-20T23:42:09","modified_gmt":"2016-06-21T04:42:09","slug":"cien-anos-de-fatima-un-mensaje-de-misericordia","status":"publish","type":"post","link":"https:\/\/www.biblia.work\/sermones\/cien-anos-de-fatima-un-mensaje-de-misericordia\/","title":{"rendered":"Cien A\u00f1os de F\u00e1tima: un mensaje de Misericordia"},"content":{"rendered":"<p style=\"text-align: justify;\"><strong>Cien A\u00f1os de F\u00e1tima: un mensaje de Misericordia<\/strong><\/p>\n<p style=\"text-align: justify;\">\u00a0El mapa del Papa Francisco para el futuro de nuestro mundo pasa por la consideraci\u00f3n del viejo mundo, Europa, como foco de luz y esperanza, pasando por la renovaci\u00f3n de los valores a la luz de las Misericordias de Dios. Muchos retos nos enfrentan hoy, como por ejemplo el gran flujo migratorio procedente de zonas de desastre, o la amenaza de una posible salida del Reino Unido de Europa, que se decide este mes de Junio.<\/p>\n<p class=\"selectionShareable\" style=\"text-align: justify;\"><strong>Por Jordi Picazo, en F\u00e1tima<\/strong><\/p>\n<h3 style=\"text-align: justify;\"><strong>El mensaje de F\u00e1tima, mensaje de Paz.<\/strong><\/h3>\n<p class=\"selectionShareable\" style=\"text-align: justify;\">Ya el\u00a0 pasado 11 de mayo de 2016 el <strong>Papa Francisco<\/strong> recordaba a los fieles reunidos en la Plaza de San Pedro para la Audiencia General del mi\u00e9rcoles que \u201c<em>escuchen a la Madre de Dios para pedirle <strong>paz en el mundo<\/strong><\/em>\u201d. Y continuaba: <em>\u201cEl viernes celebramos la memoria lit\u00fargica de la bienaventurada Mar\u00eda Virgen de F\u00e1tima. En esta aparici\u00f3n, Mar\u00eda nos invita una vez m\u00e1s a la <strong>oraci\u00f3n<\/strong>, a la <strong>penitencia<\/strong> y a la <strong>conversi\u00f3n<\/strong>. Nos pide que no ofendamos m\u00e1s a Dios. Advierte a toda la humanidad\u00a0sobre la necesidad de <strong>entregarse<\/strong> a Dios, <strong>fuente de amor y de misericordia<\/strong>\u201d.<\/em><\/p>\n<h3 style=\"text-align: justify;\"><strong>35 a\u00f1os del atentado contra Juan Pablo II<\/strong><\/h3>\n<p class=\"selectionShareable\" style=\"text-align: justify;\"><strong>1981<\/strong>: El atentado de la Plaza de San pedro no acab\u00f3 con la vida del Papa <strong>Juan Pablo II <\/strong>porque una \u201cmano materna\u201d intervino. Represent\u00f3 el despertar del <strong>mensaje de F\u00e1tima<\/strong>, reconocer su actualidad y profundidad: mientras se recuperaba en el hospital Juan Pablo II empez\u00f3 a trabajar para cumplir el <strong>segundo secreto de F\u00e1tima<\/strong>, en el que la Madre de Dios ped\u00eda<strong> que se consagrase Rusia a su Inmaculado Coraz\u00f3n<\/strong>. Le llevaron una imagen de Nuestra Se\u00f1ora de F\u00e1tima al Papa Juan Pablo II a Castel Gandolfo y Wojtyla pidi\u00f3 que se construyera en Polonia una peque\u00f1a iglesia en la frontera con la Uni\u00f3n Sovi\u00e9tica, donde fue colocada la imagen mirando hacia Rusia.<\/p>\n<p class=\"selectionShareable\" style=\"text-align: justify;\"><strong>\u201cAgradezco a la Virgen su intervenci\u00f3n para la salvaci\u00f3n de mi vida\u201d.<\/strong><\/p>\n<p class=\"selectionShareable\" style=\"text-align: justify;\"><strong>1982<\/strong>: Tambi\u00e9n el <strong>13 de mayo<\/strong> <strong>Juan Pablo II<\/strong> viaj\u00f3 por primera vez a F\u00e1tima para \u201c<em>agradecer a la Virgen su intervenci\u00f3n para la salvaci\u00f3n de mi vida y el restablecimiento de mi salud<\/em>\u201c. Don\u00f3 al Santuario la bala que le extrajeron, la misma que est\u00e1 engarzada en la aureola de la corona de la imagen mariana que preside el santuario.<\/p>\n<p class=\"selectionShareable\" style=\"text-align: justify;\"><strong>\u201cYo s\u00e9 que apunt\u00e9 el arma como deb\u00eda y s\u00e9 que la bala era devastadora y mortal\u201d.<\/strong><\/p>\n<p class=\"selectionShareable\" style=\"text-align: justify;\"><strong>1983<\/strong>: El <strong>8 de diciembre<\/strong> pidi\u00f3 a los obispos del mundo, incluyendo ortodoxos que con \u00e9l consagrar\u00edan Rusia al Coraz\u00f3n de Mar\u00eda, que consagraran sus di\u00f3cesis por igual. D\u00edas despu\u00e9s, el Papa visit\u00f3 en la c\u00e1rcel a <strong>Ali Agca<\/strong>, ofreci\u00e9ndole su perd\u00f3n y habl\u00e1ndole de F\u00e1tima: <em>\u201c\u00bfPor qu\u00e9 no muri\u00f3? Yo s\u00e9 que apunt\u00e9 el arma como deb\u00eda y s\u00e9 que la bala era devastadora y mortal. \u00bfPor qu\u00e9 entonces no muri\u00f3? \u00bfPor qu\u00e9 todos hablan de F\u00e1tima?<\/em>\u201d, repet\u00eda Ali Agca.<\/p>\n<p class=\"selectionShareable\" style=\"text-align: justify;\"><strong>1984<\/strong>:<strong> Sor Luc\u00eda<\/strong>, la tercera vidente, confirm\u00f3 que esta consagraci\u00f3n \u201c<strong><em>ha sido hecha tal como Nuestra Se\u00f1ora hab\u00eda pedido<\/em><\/strong>\u201d.<\/p>\n<h3 style=\"text-align: justify;\"><strong>El Tercer Secreto de F\u00e1tima<\/strong><\/h3>\n<p class=\"selectionShareable\" style=\"text-align: justify;\">Aunque no revel\u00f3 la tercera parte del secreto hasta el <strong>a\u00f1o 2000<\/strong>, seis a\u00f1os antes San Juan Pablo II hizo alusi\u00f3n a su contenido. Inmediatamente despu\u00e9s medit\u00f3 sobre la ca\u00edda del comunismo relacion\u00e1ndolo con F\u00e1tima. Para el <strong>13 de mayo de 2000<\/strong>, el Santo Padre se sinti\u00f3 capaz de revelar la parte final del secreto de F\u00e1tima, ya que \u201c<em>los acontecimientos a los que la tercera parte del \u2018secreto\u2019 de F\u00e1tima se refiere, parecen ahora parte del pasado<\/em>\u201c, coment\u00f3 el <strong>Cardenal \u00c1ngel Sodano<\/strong>. El Pont\u00edfice eligi\u00f3 la beatificaci\u00f3n de <strong>Francisco<\/strong> y <strong>Jacinta<\/strong>, en Portugal, como ocasi\u00f3n para anunciar este hecho. <em>\u201c\u00bfY qu\u00e9 diremos de los tres ni\u00f1os de F\u00e1tima que, de repente, en la v\u00edspera del estallido de la Revoluci\u00f3n de Octubre escucharon: \u2018Rusia se convertir\u00e1\u2019 y \u2018Al final, mi [Inmaculado] Coraz\u00f3n triunfar\u00e1\u201d? Ellos no pudieron inventar tales predicciones porque no sab\u00edan lo suficiente acerca de historia o geograf\u00eda, y mucho menos de los movimientos sociales y la evoluci\u00f3n ideol\u00f3gica y, sin embargo, <strong>sucedi\u00f3 tal como lo hab\u00edan dicho<\/strong><\/em>\u201c, escribi\u00f3 en \u201cCruzando el Umbral de la Esperanza\u201d (p\u00e1g. 131). Ver aqu\u00ed documento vaticano con los tres secretos, la visita del Prefecto de la Congregaci\u00f3n de la Fe, el Cardenal Tarsicio Bertone a Sor Luc\u00eda de parte de Juan Pablo II, y la interpretaci\u00f3n teol\u00f3gica del Cardenal Ratzinger.<\/p>\n<p class=\"selectionShareable\" style=\"text-align: justify;\"><strong>P. Carlos Manuel Pedrosa\u00a0<\/strong><strong>Cabecinhas:<\/strong> <strong>\u201cMar\u00eda peregrina junto a nosotros en nuestro caminar\u201d.<\/strong><\/p>\n<p class=\"selectionShareable\" style=\"text-align: justify;\">Despu\u00e9s de una rueda de prensa con motivo de la llegada al Santuario de F\u00e1tima de la Virgen peregrina el 12 de mayo de 2016 tras su peregrinaje por todas las di\u00f3cesis de Portugal, tengo la ocasi\u00f3n de preguntar al <strong>Padre Carlos M Pedrosa<\/strong>, Rector del Santuario de F\u00e1tima, por el caminar de Mar\u00eda que no es simple observadora, junto a nosotros, y me responde que<em> \u201cComo dice San Juan Pablo II en la enc\u00edclica \u201c<strong>Redemptoris mater<\/strong>\u201d, <strong>Mar\u00eda<\/strong> camina con nosotros en nuestro camino de fe; la experiencia del santuario, no es la de Mar\u00eda observadora, sino de <strong>Mar\u00eda que sufre<\/strong> con nuestros Dolores, que se solidariza con\u00a0 nosotros y por eso est\u00e1 en condiciones para apoyarnos, para ayudarnos y para darnos fuerza en nuestra propia caminar. \u00bfPor qu\u00e9? Porque es un caminar que ella misma hace. El caminar de Mar\u00eda es un est\u00edmulo para el camino de fe que nosotros realizamos, ella es una de los primeros peregrinos\u00a0 y la sentimos a nuestro lado como ayuda para nosotros\u201d (escuchar Audio aqu\u00ed)<\/em><\/p>\n<h3 style=\"text-align: justify;\"><strong>La Europa de Juan Pablo II y del Papa Francisco: Luz y Esperanza<\/strong><\/h3>\n<p class=\"selectionShareable\" style=\"text-align: justify;\">Pregunto a<strong> Monse\u00f1or dos Santos Marto,<\/strong> <strong>Obispo de Leiria<\/strong> por el mensaje de Misericordia de F\u00e1tima y el llamado de Paz del Papa Francisco:<em> \u201cNo puedo dejar de saludar el reciente mensaje del Papa, que fue un discurso vigoroso, alentador sobre el Proyecto de la unidad de Europa\u00a0 despu\u00e9s de la experiencia tr\u00e1gica de la segunda Guerra mundial (\u2026) de la mano de Juan Pablo II, gran devoto de la Virgen de F\u00e1tima, invit\u00e1ndonos a escuchar la voz de Dios y a pedir \u00a0la paz en el mundo.<\/em><\/p>\n<p class=\"selectionShareable\" style=\"text-align: justify;\">\u201c<em>Mar\u00eda Madre de misericordia se expresa \u00f3ptimamente en el misterio de la encarnaci\u00f3n, Mar\u00eda es Madre de Jesucristo, el Rostro de la <strong>Misericordia<\/strong>, la Misericordia encarnada, en nuestra corporeidad, en nuestros gestos, en nuestras actitudes, en nuestra comunicaci\u00f3n. Y despu\u00e9s, acompa\u00f1ando a Jes\u00fas, participa de la Misericordia de Cristo, por las personas y por la humanidad. <\/em><\/p>\n<p class=\"selectionShareable\" style=\"text-align: justify;\"><em>\u201cEn las bodas de Can\u00e1, ella se muestra sol\u00edcita, de las necesidades de la comunidad all\u00ed presente, figuradas en el vino, la falta de vino, que es el vino Nuevo de la alegr\u00eda del <strong>evangelio<\/strong>. Y ella sufre en primera persona la entrega del Hijo por toda la humanidad, la entrega que vence todas las divisiones, todos los odios, un amor que se da todo y lo da todo, para hacernos entrar en el dinamismo de la reconciliaci\u00f3n, de Dios con los hombres y de los hombres entre s\u00ed. Y aqu\u00ed manifiesta claramente su <strong>Misericordia<\/strong>. <\/em><\/p>\n<p class=\"selectionShareable\" style=\"text-align: justify;\"><em>\u201cY una manera muy fuerte en que manifest\u00f3 esta Misericordia Mar\u00eda, fue con el Papa Juan Pablo II, y tambi\u00e9n en la historia de la humanidad, en la que constatamos realidades inauditas, inimaginables, como fueron las dos grandes guerras, guerras mundiales por primera vez, cient\u00edfica y t\u00e9cnicamente pensadas con la \u00faltima tecnolog\u00eda: pensemos en la bomba at\u00f3mica Guerras en las que murieron millones de personas inocentes; y aqu\u00ed sentimos el grito de dolor y de amor de la Madre por sus hijos, y una seria advertencia, sobre el mundo, destrozado por esas grandes guerras y en los genocidios, y al mismo tiempo con la promesa del triunfo del amor en el mundo. Y Dios a trav\u00e9s de Mar\u00eda, ha procurado colaboradores en este dinamismo, en esta labor de Misericordia, capaces de salvar al mundo de tantas divisiones y tantas guerras, y los colaboradores, tres ni\u00f1os, para transmitirlo al mundo hoy <\/em>(escuchar Audio aqu\u00ed).<\/p>\n<p class=\"selectionShareable\" style=\"text-align: justify;\"><strong>Santa Faustina Kowalska: \u201cLa humanidad no conseguir\u00e1 la paz hasta que\u00a0no se dirija con confianza a mi misericordia\u201d <\/strong>(Diario, 300).<\/p>\n<p class=\"selectionShareable\" style=\"text-align: justify;\">No deja de ser sorprendente que\u00a0precisamente el a\u00f1o pr\u00f3ximo 2016 se celebre la Jornada Mundial de la Juventud \u00a0en Cracovia, di\u00f3cesis en la que falleci\u00f3 <strong>santa Mar\u00eda Faustina<\/strong> y que rigi\u00f3 el Papa santo antes de ser elegido para la sede de Pedro. Y el lema de la pr\u00f3xima JMJ es: \u201c<strong>Bienaventurados los Misericordiosos<\/strong>\u201d, como estableci\u00f3 el papa Francisco.\u00a0Tomando perspectiva, Francisco ha recordado que \u201cde la guerra m\u00e1s terrible que se recuerda, surgi\u00f3, con la gracia de Dios, una novedad sin precedentes en la historia\u201d. Buscando la paz y la integraci\u00f3n entre pueblos que se hicieron la guerra durante siglos.<\/p>\n<p class=\"selectionShareable\" style=\"text-align: justify;\">El programa para los j\u00f3venes son \u00ab<strong>las obras de misericordia: Entrenaos con entusiasmo en ellas\u00a0<strong>para ser campeones de vida<\/strong>. As\u00ed ser\u00e9is conocidos como disc\u00edpulos de Jes\u00fas. Y vuestra alegr\u00eda ser\u00e1 plena<\/strong>\u00bb.<\/p>\n<p align=\"justify\">Europa volver\u00e1 a ser Luz si, tras el primer acto de reconciliaci\u00f3n que llev\u00f3 a la creaci\u00f3n de la uni\u00f3n de naciones, bajo el Patrocinio de la Madre de Dios, Madre de la Misericordia encarnada, si prioriza el ser al tener, los valores al utilitarismo, para ser Esperanza del Mundo.<\/p>\n<p class=\"selectionShareable\" style=\"text-align: justify;\">Mucha gente en F\u00e1tima queda impactada por la caricia de misericordia de la Virgen Mar\u00eda. Algunos me lo comentan en la explanada el 13 de mayo de 2016, a un a\u00f1o del centenario <strong>(escuchar Audio en vivo aqu\u00ed). <\/strong><\/p>\n<p class=\"selectionShareable\" style=\"text-align: justify;\">Foto: Explanada en F\u00e1tima, 13 de mayo de 2016, a 1 a\u00f1o del centenario [Foto de Jordi P]<\/p>\n<p class=\"selectionShareable\" style=\"text-align: justify;\">\u00a0<strong>Jordi Picazo, en F\u00e1tima<\/strong><\/p>\n","protected":false},"excerpt":{"rendered":"<p>Cien A\u00f1os de F\u00e1tima: un mensaje de Misericordia \u00a0El mapa del Papa Francisco para el futuro de nuestro mundo pasa por la consideraci\u00f3n del viejo mundo, Europa, como foco de luz y esperanza, pasando por la renovaci\u00f3n de los valores a la luz de las Misericordias de Dios. Muchos retos nos enfrentan hoy, como por &hellip; <a href=\"https:\/\/www.biblia.work\/sermones\/cien-anos-de-fatima-un-mensaje-de-misericordia\/\" class=\"more-link\">Continuar leyendo<span class=\"screen-reader-text\"> \u00abCien A\u00f1os de F\u00e1tima: un mensaje de Misericordia\u00bb<\/span><\/a><\/p>\n","protected":false},"author":1,"featured_media":0,"comment_status":"open","ping_status":"closed","sticky":false,"template":"","format":"standard","meta":{"footnotes":""},"categories":[1],"tags":[],"class_list":["post-34928","post","type-post","status-publish","format-standard","hentry","category-general"],"_links":{"self":[{"href":"https:\/\/www.biblia.work\/sermones\/wp-json\/wp\/v2\/posts\/34928","targetHints":{"allow":["GET"]}}],"collection":[{"href":"https:\/\/www.biblia.work\/sermones\/wp-json\/wp\/v2\/posts"}],"about":[{"href":"https:\/\/www.biblia.work\/sermones\/wp-json\/wp\/v2\/types\/post"}],"author":[{"embeddable":true,"href":"https:\/\/www.biblia.work\/sermones\/wp-json\/wp\/v2\/users\/1"}],"replies":[{"embeddable":true,"href":"https:\/\/www.biblia.work\/sermones\/wp-json\/wp\/v2\/comments?post=34928"}],"version-history":[{"count":0,"href":"https:\/\/www.biblia.work\/sermones\/wp-json\/wp\/v2\/posts\/34928\/revisions"}],"wp:attachment":[{"href":"https:\/\/www.biblia.work\/sermones\/wp-json\/wp\/v2\/media?parent=34928"}],"wp:term":[{"taxonomy":"category","embeddable":true,"href":"https:\/\/www.biblia.work\/sermones\/wp-json\/wp\/v2\/categories?post=34928"},{"taxonomy":"post_tag","embeddable":true,"href":"https:\/\/www.biblia.work\/sermones\/wp-json\/wp\/v2\/tags?post=34928"}],"curies":[{"name":"wp","href":"https:\/\/api.w.org\/{rel}","templated":true}]}}