{"id":34929,"date":"2016-06-20T23:42:19","date_gmt":"2016-06-21T04:42:19","guid":{"rendered":"http:\/\/www.biblia.work\/sermones\/carta-de-las-monjas-cistercienses-de-buenafuente-del-sistal-junio-2016\/"},"modified":"2016-06-20T23:42:19","modified_gmt":"2016-06-21T04:42:19","slug":"carta-de-las-monjas-cistercienses-de-buenafuente-del-sistal-junio-2016","status":"publish","type":"post","link":"https:\/\/www.biblia.work\/sermones\/carta-de-las-monjas-cistercienses-de-buenafuente-del-sistal-junio-2016\/","title":{"rendered":"Carta de las Monjas Cistercienses de Buenafuente del Sistal, junio 2016"},"content":{"rendered":"<p style=\"text-align: justify;\"><strong>Carta de las Monjas Cistercienses de Buenafuente del Sistal, junio 2016<\/strong><\/p>\n<p style=\"text-align: justify;\" align=\"RIGHT\"><b>Monasterio Cisterciense Madre de Dios<\/b><\/p>\n<p style=\"text-align: justify;\" align=\"RIGHT\"><b>Buenafuente del Sistal, 7 de junio de 2016<\/b><\/p>\n<p style=\"text-align: justify;\" align=\"JUSTIFY\">Muy queridos hermanos, \u00a1qu\u00e9 alegr\u00eda reencontrarnos esta tarde! La vida es el gran milagro, vivimos inmersos en \u00e9l y no somos conscientes. De nuestro coraz\u00f3n brota un gran agradecimiento al Se\u00f1or, al pensar las veces, a lo largo del d\u00eda, que hacemos o decimos cosas que nos separan de los hermanos y en consecuencia, del Se\u00f1or. Y tambi\u00e9n las omisiones, todo lo que dejamos de hacer o decir. Y la vida contin\u00faa, Dios Padre no nos fulmina, ni toma una determinaci\u00f3n definitiva sobre nosotros; m\u00e1s bien al contrario: nos vuelve a llamar, esperando siempre una respuesta misericordiosa de nuestra parte. Y esta, es tambi\u00e9n, la llamada fundamental del Santo Padre a toda la Iglesia, a cada uno de nosotros, en este a\u00f1o jubilar, A\u00f1o de la Misericordia; llamada a ser \u201c<b>Misericordiosos como el Padre<\/b>\u201d (Lc 6, 36), lema de este a\u00f1o que incluye la bula de convocatoria \u201cMisericordiae Vultus\u201d. <\/p>\n<p style=\"text-align: justify;\" align=\"JUSTIFY\">Ser misericordiosos como Dios Padre lo es con nosotros, a todos nos gustar\u00eda, lo deseamos; es m\u00e1s, sabemos que es un don que el Se\u00f1or nos conceder\u00e1, pero hemos de tener presente que no nos lo impondr\u00e1. El Papa Francisco justifica as\u00ed la convocatoria de este jubileo extraordinario: \u201cHay momentos en los que de un modo mucho m\u00e1s intenso estamos llamados <b>a tener la mirada fija en la misericordia<\/b> para poder ser tambi\u00e9n nosotros mismos signo eficaz del obrar <b>del Padre<\/b>.\u201d (MV 3). El Papa en este punto nos est\u00e1 invitando a hacer todo lo que est\u00e9 de nuestra parte para mantener nuestra mirada en Dios. En esta lucha nos encontramos la Comunidad, que nos sentimos interpeladas de forma particular, igual que todos los que formamos hoy la realidad de Buenafuente del Sistal, al tener el privilegio de la Puerta Santa. Para algo y por algo el Se\u00f1or nos ha concedido este regalo. <\/p>\n<p style=\"text-align: justify;\" align=\"JUSTIFY\">Ahora, ya en las puertas del verano, aproximadamente en el ecuador del a\u00f1o jubilar y recibiendo la visita de grupos que se acercan a nuestro \u201ctrocito de cielo\u201d en busca del encuentro con Dios, queremos poner nuestro granito de arena, abonar el terreno de nuestro coraz\u00f3n para recibir de Dios Padre las gracias necesarias para llevar adelante esta misi\u00f3n a la que nos llama cada d\u00eda: que toda la humanidad se acerque al coraz\u00f3n misericordioso de Dios. Y esta misi\u00f3n se concreta en nuestra Comunidad, con todos los que viven en El Sistal y con todas las personas que os acerc\u00e1is hasta aqu\u00ed. Con la garant\u00eda de que el Se\u00f1or llevar\u00e1 a t\u00e9rmino la obra comenzada, escuchamos -como san Pablo- al Se\u00f1or que nos dice: \u201c<b>Te basta mi gracia<\/b>, que mi fuerza se realiza en la debilidad\u201d (2\u00aa Co 12, 9). <\/p>\n<p style=\"text-align: justify;\" align=\"JUSTIFY\">\u00a1Qu\u00e9 el Se\u00f1or nos conceda por su gracia participar de Su Coraz\u00f3n misericordioso! Un fraternal abrazo, unidos en la oraci\u00f3n y en la misi\u00f3n<\/p>\n<p style=\"text-align: justify;\" align=\"RIGHT\"><b>Vuestras hermanas de Buenafuente del Sistal<\/b><\/p>\n","protected":false},"excerpt":{"rendered":"<p>Carta de las Monjas Cistercienses de Buenafuente del Sistal, junio 2016 Monasterio Cisterciense Madre de Dios Buenafuente del Sistal, 7 de junio de 2016 Muy queridos hermanos, \u00a1qu\u00e9 alegr\u00eda reencontrarnos esta tarde! La vida es el gran milagro, vivimos inmersos en \u00e9l y no somos conscientes. De nuestro coraz\u00f3n brota un gran agradecimiento al Se\u00f1or, &hellip; <a href=\"https:\/\/www.biblia.work\/sermones\/carta-de-las-monjas-cistercienses-de-buenafuente-del-sistal-junio-2016\/\" class=\"more-link\">Continuar leyendo<span class=\"screen-reader-text\"> \u00abCarta de las Monjas Cistercienses de Buenafuente del Sistal, junio 2016\u00bb<\/span><\/a><\/p>\n","protected":false},"author":1,"featured_media":0,"comment_status":"open","ping_status":"closed","sticky":false,"template":"","format":"standard","meta":{"footnotes":""},"categories":[1],"tags":[],"class_list":["post-34929","post","type-post","status-publish","format-standard","hentry","category-general"],"_links":{"self":[{"href":"https:\/\/www.biblia.work\/sermones\/wp-json\/wp\/v2\/posts\/34929","targetHints":{"allow":["GET"]}}],"collection":[{"href":"https:\/\/www.biblia.work\/sermones\/wp-json\/wp\/v2\/posts"}],"about":[{"href":"https:\/\/www.biblia.work\/sermones\/wp-json\/wp\/v2\/types\/post"}],"author":[{"embeddable":true,"href":"https:\/\/www.biblia.work\/sermones\/wp-json\/wp\/v2\/users\/1"}],"replies":[{"embeddable":true,"href":"https:\/\/www.biblia.work\/sermones\/wp-json\/wp\/v2\/comments?post=34929"}],"version-history":[{"count":0,"href":"https:\/\/www.biblia.work\/sermones\/wp-json\/wp\/v2\/posts\/34929\/revisions"}],"wp:attachment":[{"href":"https:\/\/www.biblia.work\/sermones\/wp-json\/wp\/v2\/media?parent=34929"}],"wp:term":[{"taxonomy":"category","embeddable":true,"href":"https:\/\/www.biblia.work\/sermones\/wp-json\/wp\/v2\/categories?post=34929"},{"taxonomy":"post_tag","embeddable":true,"href":"https:\/\/www.biblia.work\/sermones\/wp-json\/wp\/v2\/tags?post=34929"}],"curies":[{"name":"wp","href":"https:\/\/api.w.org\/{rel}","templated":true}]}}