{"id":34930,"date":"2016-06-20T23:42:25","date_gmt":"2016-06-21T04:42:25","guid":{"rendered":"http:\/\/www.biblia.work\/sermones\/encuentro-europeo-sobre-la-radicalizacion-fundamentalista-en-prision\/"},"modified":"2016-06-20T23:42:25","modified_gmt":"2016-06-21T04:42:25","slug":"encuentro-europeo-sobre-la-radicalizacion-fundamentalista-en-prision","status":"publish","type":"post","link":"https:\/\/www.biblia.work\/sermones\/encuentro-europeo-sobre-la-radicalizacion-fundamentalista-en-prision\/","title":{"rendered":"Encuentro Europeo sobre la radicalizaci\u00f3n fundamentalista en prisi\u00f3n"},"content":{"rendered":"<p style=\"text-align: justify;\"><strong>RADICALIZACI\u00d3N FUNDAMENTALISTA EN LA C\u00c1RCEL<\/strong><\/p>\n<p align=\"justify\">\u201cRadicalizaci\u00f3n en las prisiones: una perspectiva pastoral\u201d, ante este enunciado acudimos, del 30 de mayo al 1 de junio, a Estrasburgo representantes de 20 Conferencias Episcopales de Europa.<\/p>\n<p style=\"text-align: justify;\">Estuvimos convocados por la Misi\u00f3n Permanente de la Santa Sede en el Consejo de Europa, el Consejo de Conferencias Episcopales de Europa y la ICCPPC que representa la Comisi\u00f3n Internacional de la Pastoral Cat\u00f3lica de Prisiones. Por la CEE, participamos Monse\u00f1or Jos\u00e9 \u00c1ngel Saiz Meneses, obispo de Tarrasa y Obispo encargado de la Pastoral Penitenciaria de la CEE y el P. Florencio Rosell\u00f3 Avellanas, mercedario, Director del Departamento de Pastoral Penitenciaria de la CEE.<\/p>\n<p align=\"justify\">Este encuentro estuvo motivado por la visita que el Papa Francisco realiz\u00f3 el 25 de noviembre de 2014 al Consejo de Europa, quien alert\u00f3 de los radicalismos y fundamentalismos que se estaban dando en Europa con motivo de las religiones, y el peligro que supon\u00eda para la convivencia y la paz. Analizando la realidad que est\u00e1 viviendo el viejo continente en este tema, el Consejo de Europa quiso centrar la reflexi\u00f3n en los radicalismos religiosos que se est\u00e1n produciendo en las c\u00e1rceles. Comenzamos nuestro encuentro recibiendo el saludo del Papa Francisco que agradec\u00eda a los capellanes de prisiones el \u201cesfuerzo por defender la dignidad humana de todos los que se encuentran en las c\u00e1rceles\u201d.<\/p>\n<p align=\"justify\">Durante los tres d\u00edas de nuestro encuentro, en el que participaron ortodoxos, imanes y pastores evang\u00e9licos, fuimos analizando las razones de esta radicalizaci\u00f3n motivada por la religi\u00f3n. Representantes de DDHH, jueces de la Corte Europea, coordinador del Departamento Antiterrorista del Consejo de Europa, expertos islamistas y varios Capellanes Generales de prisiones reflexionamos sobre este fen\u00f3meno que preocupa tanto a los estados como a las propias confesiones religiosas.<\/p>\n<p align=\"justify\">El Secretario General del Consejo de Europa, Thorbjon Jagland, alert\u00f3 de las corrientes que quieren eliminar la religi\u00f3n para evitar estos radicalismos. El Secretario General defendi\u00f3 la vivencia de la religi\u00f3n como uno de los derechos fundamentales del hombre. La radicalizaci\u00f3n fundamentalista no es consecuencia de la religi\u00f3n, sino de una mala presentaci\u00f3n de las religiones. Todas buscan la paz, por eso avisa de estar atentos a la presentaci\u00f3n que hacemos de las diferentes confesiones religiosas, y al contacto personal. Una mala presentaci\u00f3n de la religi\u00f3n, y adem\u00e1s vivida en soledad y marginaci\u00f3n, puede acabar en fundamentalismo religioso expresado en terrorismo. Se expres\u00f3 que este radicalismo se instala en aquellas personas que se encuentran solas o tienen sentimientos de marginaci\u00f3n. El mismo Im\u00e1n que ejerce como capell\u00e1n musulm\u00e1n en la Bretagna present\u00f3 el Isl\u00e1m como una religi\u00f3n de paz, apost\u00f3 por una mayor formaci\u00f3n de los imanes, presentando la propuesta de crear una universidad en Estrasburgo para formar sobre la religi\u00f3n del Islam. Formaci\u00f3n abierta a todos, no solo a los musulmanes. Muchos radicalismos, adem\u00e1s de una vivencia marginal, vienen motivados por una deficiente formaci\u00f3n.<\/p>\n<p align=\"justify\">La delegaci\u00f3n espa\u00f1ola presentamos nuestro informe el d\u00eda 31 de mayo en el Consejo de Europa. Informe representativo del compromiso de la Pastoral Penitenciaria con la comunidad musulmana en las c\u00e1rceles espa\u00f1olas. Aunque no hay un programa dirigido a la poblaci\u00f3n reclusa musulmana constatamos el gran compromiso que tiene la pastoral con los musulmanes en prisi\u00f3n. Los datos son reveladores: casi el 25% de los permisos que salen a nuestras casas de acogida son musulmanes (eso corresponde a m\u00e1s de 500 musulmanes), donde se les acoge y respeta en su globalidad, comida, horario, rezos\u2026 De los m\u00e1s de 5.000 paquetes que la Pastoral pone a los internos el 20% son para musulmanes (m\u00e1s de 1.000 paquetes). Del peculio, dinero que se pone a indigentes y pobres de la prisi\u00f3n, el 20% es para musulmanes, m\u00e1s de 15.000 euros los reciben poblaci\u00f3n musulmana.<\/p>\n<p align=\"justify\">Pensamos que nuestros programas de la Pastoral Penitenciaria ayudan a evitar esa radicalizaci\u00f3n de la que nos alert\u00f3 el Papa Francisco y el Consejo de Europa. El valor de nuestros programas es que van dirigidos a todos, hombres y mujeres que est\u00e1n en prisi\u00f3n, sin distinci\u00f3n de sexo, credo y nacionalidad. Esto nos permite acercarnos a todos. Sus contenidos est\u00e1n orientados al respeto, la tolerancia y la paz, muy lejos de cualquier fundamentalismo integrista. Y por otro lado evitamos la marginaci\u00f3n de aquellos que quieran participar en nuestras actividades, pues el sentimiento de marginaci\u00f3n que tiene la poblaci\u00f3n musulmana en nuestro pa\u00eds, tambi\u00e9n en la c\u00e1rcel, es lo que les lleva a sentirse discriminados, optando por una v\u00eda de radicalismo apoyado en una mala vivencia e interpretaci\u00f3n de la religi\u00f3n.<\/p>\n<p align=\"justify\">P. Florencio Rosell\u00f3 Avellanas, mercedario<br \/>\nDirector del Departamento de la Pastoral Penitenciaria de la CEE<\/p>\n","protected":false},"excerpt":{"rendered":"<p>RADICALIZACI\u00d3N FUNDAMENTALISTA EN LA C\u00c1RCEL \u201cRadicalizaci\u00f3n en las prisiones: una perspectiva pastoral\u201d, ante este enunciado acudimos, del 30 de mayo al 1 de junio, a Estrasburgo representantes de 20 Conferencias Episcopales de Europa. Estuvimos convocados por la Misi\u00f3n Permanente de la Santa Sede en el Consejo de Europa, el Consejo de Conferencias Episcopales de Europa &hellip; <a href=\"https:\/\/www.biblia.work\/sermones\/encuentro-europeo-sobre-la-radicalizacion-fundamentalista-en-prision\/\" class=\"more-link\">Continuar leyendo<span class=\"screen-reader-text\"> \u00abEncuentro Europeo sobre la radicalizaci\u00f3n fundamentalista en prisi\u00f3n\u00bb<\/span><\/a><\/p>\n","protected":false},"author":1,"featured_media":0,"comment_status":"open","ping_status":"closed","sticky":false,"template":"","format":"standard","meta":{"footnotes":""},"categories":[1],"tags":[],"class_list":["post-34930","post","type-post","status-publish","format-standard","hentry","category-general"],"_links":{"self":[{"href":"https:\/\/www.biblia.work\/sermones\/wp-json\/wp\/v2\/posts\/34930","targetHints":{"allow":["GET"]}}],"collection":[{"href":"https:\/\/www.biblia.work\/sermones\/wp-json\/wp\/v2\/posts"}],"about":[{"href":"https:\/\/www.biblia.work\/sermones\/wp-json\/wp\/v2\/types\/post"}],"author":[{"embeddable":true,"href":"https:\/\/www.biblia.work\/sermones\/wp-json\/wp\/v2\/users\/1"}],"replies":[{"embeddable":true,"href":"https:\/\/www.biblia.work\/sermones\/wp-json\/wp\/v2\/comments?post=34930"}],"version-history":[{"count":0,"href":"https:\/\/www.biblia.work\/sermones\/wp-json\/wp\/v2\/posts\/34930\/revisions"}],"wp:attachment":[{"href":"https:\/\/www.biblia.work\/sermones\/wp-json\/wp\/v2\/media?parent=34930"}],"wp:term":[{"taxonomy":"category","embeddable":true,"href":"https:\/\/www.biblia.work\/sermones\/wp-json\/wp\/v2\/categories?post=34930"},{"taxonomy":"post_tag","embeddable":true,"href":"https:\/\/www.biblia.work\/sermones\/wp-json\/wp\/v2\/tags?post=34930"}],"curies":[{"name":"wp","href":"https:\/\/api.w.org\/{rel}","templated":true}]}}