{"id":34931,"date":"2016-06-20T23:42:29","date_gmt":"2016-06-21T04:42:29","guid":{"rendered":"http:\/\/www.biblia.work\/sermones\/oltra-que-tal-baila-por-amparo-tos-boix\/"},"modified":"2016-06-20T23:42:29","modified_gmt":"2016-06-21T04:42:29","slug":"oltra-que-tal-baila-por-amparo-tos-boix","status":"publish","type":"post","link":"https:\/\/www.biblia.work\/sermones\/oltra-que-tal-baila-por-amparo-tos-boix\/","title":{"rendered":"&#8220;Oltra&#8221; que tal baila, por Amparo Tos Boix"},"content":{"rendered":"<p style=\"text-align: justify;\"><strong>\u00a0 &#8220;Oltra&#8221; que tal baila, por Amparo Tos Boix<\/strong><\/p>\n<p style=\"text-align: justify;\">\u201c<strong>OLTRA\u201d QUE TAL BAILA<\/strong>. Pero sucede que no es \u201cOltra\u201d, do\u00f1a<strong> M\u00f3nica Oltra<\/strong> la que baila, sino el Sr. <strong>Puig<\/strong> y su Gobierno valenciano los que bailan al son que marca ella. \u00a1Claro, como que lo mantienen en la Presidencia!<\/p>\n<p style=\"text-align: justify;\">\u00a0\u00a0 El 3 de junio volvi\u00f3 una muchedumbre a <strong>reclamar libertad para los padres en la elecci\u00f3n de la educaci\u00f3n de sus hijos,<\/strong> con un inmenso abrazo al edificio de nuestro Gobierno, reivindicando as\u00ed la petici\u00f3n ya cursada de entablar contacto con la Administraci\u00f3n auton\u00f3mica. Tengo serias dudas respecto de la aceptaci\u00f3n de tal contacto y, en todo caso, de la rectificaci\u00f3n del ataque a la concertada.<\/p>\n<p style=\"text-align: justify;\">\u00a0\u00a0 No obstante, siempre en\u00a0 positivo, hay que destacar que estas movilizaciones \u2013que no han hecho m\u00e1s que empezar- conseguir\u00e1n sacar a muchos de su hibernaci\u00f3n, l\u00e9ase \u201cvotar el cambio\u201d o la abstenci\u00f3n.<\/p>\n<p style=\"text-align: justify;\">\u00a0\u00a0\u00a0\u00a0\u00a0\u00a0\u00a0\u00a0\u00a0\u00a0\u00a0\u00a0\u00a0\u00a0\u00a0\u00a0\u00a0\u00a0\u00a0\u00a0\u00a0\u00a0\u00a0\u00a0\u00a0\u00a0\u00a0\u00a0\u00a0\u00a0\u00a0\u00a0\u00a0\u00a0\u00a0\u00a0\u00a0\u00a0\u00a0\u00a0\u00a0\u00a0\u00a0\u00a0\u00a0\u00a0\u00a0\u00a0\u00a0\u00a0\u00a0\u00a0\u00a0\u00a0\u00a0\u00a0\u00a0\u00a0\u00a0\u00a0\u00a0 \u00a0\u00a0\u00a0\u00a0 Amparo Tos Boix, Valencia.<\/p>\n","protected":false},"excerpt":{"rendered":"<p>\u00a0 &#8220;Oltra&#8221; que tal baila, por Amparo Tos Boix \u201cOLTRA\u201d QUE TAL BAILA. Pero sucede que no es \u201cOltra\u201d, do\u00f1a M\u00f3nica Oltra la que baila, sino el Sr. Puig y su Gobierno valenciano los que bailan al son que marca ella. \u00a1Claro, como que lo mantienen en la Presidencia! \u00a0\u00a0 El 3 de junio volvi\u00f3 &hellip; <a href=\"https:\/\/www.biblia.work\/sermones\/oltra-que-tal-baila-por-amparo-tos-boix\/\" class=\"more-link\">Continuar leyendo<span class=\"screen-reader-text\"> \u00ab&#8220;Oltra&#8221; que tal baila, por Amparo Tos Boix\u00bb<\/span><\/a><\/p>\n","protected":false},"author":1,"featured_media":0,"comment_status":"open","ping_status":"closed","sticky":false,"template":"","format":"standard","meta":{"footnotes":""},"categories":[1],"tags":[],"class_list":["post-34931","post","type-post","status-publish","format-standard","hentry","category-general"],"_links":{"self":[{"href":"https:\/\/www.biblia.work\/sermones\/wp-json\/wp\/v2\/posts\/34931","targetHints":{"allow":["GET"]}}],"collection":[{"href":"https:\/\/www.biblia.work\/sermones\/wp-json\/wp\/v2\/posts"}],"about":[{"href":"https:\/\/www.biblia.work\/sermones\/wp-json\/wp\/v2\/types\/post"}],"author":[{"embeddable":true,"href":"https:\/\/www.biblia.work\/sermones\/wp-json\/wp\/v2\/users\/1"}],"replies":[{"embeddable":true,"href":"https:\/\/www.biblia.work\/sermones\/wp-json\/wp\/v2\/comments?post=34931"}],"version-history":[{"count":0,"href":"https:\/\/www.biblia.work\/sermones\/wp-json\/wp\/v2\/posts\/34931\/revisions"}],"wp:attachment":[{"href":"https:\/\/www.biblia.work\/sermones\/wp-json\/wp\/v2\/media?parent=34931"}],"wp:term":[{"taxonomy":"category","embeddable":true,"href":"https:\/\/www.biblia.work\/sermones\/wp-json\/wp\/v2\/categories?post=34931"},{"taxonomy":"post_tag","embeddable":true,"href":"https:\/\/www.biblia.work\/sermones\/wp-json\/wp\/v2\/tags?post=34931"}],"curies":[{"name":"wp","href":"https:\/\/api.w.org\/{rel}","templated":true}]}}