{"id":34937,"date":"2016-06-20T23:42:58","date_gmt":"2016-06-21T04:42:58","guid":{"rendered":"http:\/\/www.biblia.work\/sermones\/la-familia-por-amaparo-tos-boix\/"},"modified":"2016-06-20T23:42:58","modified_gmt":"2016-06-21T04:42:58","slug":"la-familia-por-amaparo-tos-boix","status":"publish","type":"post","link":"https:\/\/www.biblia.work\/sermones\/la-familia-por-amaparo-tos-boix\/","title":{"rendered":"La familia, por Amaparo Tos Boix"},"content":{"rendered":"<p style=\"text-align: justify;\"><strong>\u00a0\u00a0La familia, por Amaparo Tos Boix<\/strong><\/p>\n<p style=\"text-align: justify;\">FAMILIA DE FAMILIAS. Las palabras del Sr. Arzobispo de Valencia \u201cLa ideolog\u00eda de g\u00e9nero busca destruir la familia\u201d ha desatado una grave persecuci\u00f3n verbal contra nuestro Cardenal entre pol\u00edticos de diverso color.<\/p>\n<p align=\"justify\">Frente a la defensa de los m\u00faltiples modelos de \u201cfamilia\u201d que tenemos desde ZP, y las fiestas del arco iris y su provocadora exhibici\u00f3n pagadas con nuestro dinero, me mueve a aportar mi peque\u00f1o testimonio de familia normal, de las de siempre:<\/p>\n<p align=\"justify\">52 a\u00f1os casados, 7 hijos, todos casados, 25 nietos,\u00a0 dos de ellas casadas, una visnieta, y dos m\u00e1s en el \u201chorno\u201d.<\/p>\n<p align=\"justify\">Por supuesto, cada anuncio de nuevo embarazo es una fiesta en toda esta familia de familias.<\/p>\n<p align=\"justify\">Amparo Tos Boix, Valencia<\/p>\n","protected":false},"excerpt":{"rendered":"<p>\u00a0\u00a0La familia, por Amaparo Tos Boix FAMILIA DE FAMILIAS. Las palabras del Sr. Arzobispo de Valencia \u201cLa ideolog\u00eda de g\u00e9nero busca destruir la familia\u201d ha desatado una grave persecuci\u00f3n verbal contra nuestro Cardenal entre pol\u00edticos de diverso color. Frente a la defensa de los m\u00faltiples modelos de \u201cfamilia\u201d que tenemos desde ZP, y las fiestas &hellip; <a href=\"https:\/\/www.biblia.work\/sermones\/la-familia-por-amaparo-tos-boix\/\" class=\"more-link\">Continuar leyendo<span class=\"screen-reader-text\"> \u00abLa familia, por Amaparo Tos Boix\u00bb<\/span><\/a><\/p>\n","protected":false},"author":1,"featured_media":0,"comment_status":"open","ping_status":"closed","sticky":false,"template":"","format":"standard","meta":{"footnotes":""},"categories":[1],"tags":[],"class_list":["post-34937","post","type-post","status-publish","format-standard","hentry","category-general"],"_links":{"self":[{"href":"https:\/\/www.biblia.work\/sermones\/wp-json\/wp\/v2\/posts\/34937","targetHints":{"allow":["GET"]}}],"collection":[{"href":"https:\/\/www.biblia.work\/sermones\/wp-json\/wp\/v2\/posts"}],"about":[{"href":"https:\/\/www.biblia.work\/sermones\/wp-json\/wp\/v2\/types\/post"}],"author":[{"embeddable":true,"href":"https:\/\/www.biblia.work\/sermones\/wp-json\/wp\/v2\/users\/1"}],"replies":[{"embeddable":true,"href":"https:\/\/www.biblia.work\/sermones\/wp-json\/wp\/v2\/comments?post=34937"}],"version-history":[{"count":0,"href":"https:\/\/www.biblia.work\/sermones\/wp-json\/wp\/v2\/posts\/34937\/revisions"}],"wp:attachment":[{"href":"https:\/\/www.biblia.work\/sermones\/wp-json\/wp\/v2\/media?parent=34937"}],"wp:term":[{"taxonomy":"category","embeddable":true,"href":"https:\/\/www.biblia.work\/sermones\/wp-json\/wp\/v2\/categories?post=34937"},{"taxonomy":"post_tag","embeddable":true,"href":"https:\/\/www.biblia.work\/sermones\/wp-json\/wp\/v2\/tags?post=34937"}],"curies":[{"name":"wp","href":"https:\/\/api.w.org\/{rel}","templated":true}]}}