{"id":34945,"date":"2016-06-20T23:43:43","date_gmt":"2016-06-21T04:43:43","guid":{"rendered":"http:\/\/www.biblia.work\/sermones\/conocernos-para-querernos-dia-de-diversidad-cultural-ecumenismo-y-dialogo-interreligioso\/"},"modified":"2016-06-20T23:43:43","modified_gmt":"2016-06-21T04:43:43","slug":"conocernos-para-querernos-dia-de-diversidad-cultural-ecumenismo-y-dialogo-interreligioso","status":"publish","type":"post","link":"https:\/\/www.biblia.work\/sermones\/conocernos-para-querernos-dia-de-diversidad-cultural-ecumenismo-y-dialogo-interreligioso\/","title":{"rendered":"Conocernos para querernos (D\u00eda de diversidad cultural \/ Ecumenismo y di\u00e1logo interreligioso)"},"content":{"rendered":"<p align=\"justify\">Conocernos para querernos\u00a0<em>(D\u00eda de diversidad cultural \/ Ecumenismo y di\u00e1logo interreligioso)<\/em><\/p>\n<p align=\"justify\"><em>\u00a0<\/em>Conocerse y quererse, conocer a otros y quererlos es el reto de la vida de lo humano. Desde la Delegaci\u00f3n de Ecumenismo y Di\u00e1logo Interreligioso de M\u00e9rida-Badajoz hemos organizado este primer acto sencillo en la ciudad de Badajoz, en torno al d\u00eda de la diversidad cultural. Se ha hecho realidad en los salones de la parroquia de la Concepci\u00f3n, donde se trabaja en talleres de mujeres, de crecimiento personal y cultural, desde hace m\u00e1s de veinte a\u00f1os. Se trata de un proyecto de solidaridad, reconocido y premiado a nivel nacional.<\/p>\n<p align=\"justify\">Hemos querido centrarnos en las mujeres y la diversidad cultural y religiosa de las mismas. As\u00ed, se han juntado mujeres de distintos lugares, culturas y costumbres, de religiones diversas, historias y vidas aut\u00e9nticas: Angola, Senegal, Brasil, Mozambique, Marruecos, S\u00e1hara, Ruman\u00eda, Francia, Espa\u00f1a\u2026 El objetivo de este primer evento ha sido conocernos entre nosotros, desde el encuentro y el cari\u00f1o, para respetarnos, acogernos, acompa\u00f1arnos, defendernos, comprometernos, compartir\u2026 A una misma voz y bajo un mismo sentir: a favor de la mujer en la sociedad actual.<\/p>\n<p align=\"justify\">Ha sido un encuentro tranquilo y cercano, de vivencias y de compartir, con sencillez, un caf\u00e9, t\u00e9 y unos dulces, elaborados por ellas mismas -unas para otras-, en medio del di\u00e1logo y el conocimiento mutuo. Junto a la Delegaci\u00f3n, est\u00e1n las religiosas del Buen Pastor, y los talleres que animan con cincuenta mujeres y sus formadoras y voluntarias que las acompa\u00f1an. Han asistido mujeres de la Parroquia de Guadalupe, de centros de promoci\u00f3n de la mujer, de otras parroquias, as\u00ed como del movimiento de Acci\u00f3n Cat\u00f3lica Profesionales Cristianos.<\/p>\n<p align=\"justify\">Las claves de reflexi\u00f3n han sido desde el lugar, la cultura y la religi\u00f3n que nos configura y nos hace ser. Venimos de lugares distintos pero todos hemos de caminar ahora en un mismo lugar, sin rechazar ni olvidar nuestro origen, reconociendo que ahora tenemos una casa com\u00fan, una tierra compartida que nos llama a compartir vida y camino. Culturas que nos han ense\u00f1ado a sentir y querer, a relacionarnos, y que no debemos ocultar sino presentar para aportar y enriquecernos mutuamente. Religiones que nos abrazan a la trascendencia y nos dotan de sentido y esperanza, con oraci\u00f3n, vida, celebraci\u00f3n, esperanza y b\u00fasqueda de lo que une, sana, perdona, anima, esperanza.<\/p>\n<p align=\"justify\">El ecumenismo y el di\u00e1logo interreligioso, han de tener en cuenta y valorar a la mujer como tesoro y elemento central de la vida, la sociedad y el mundo, as\u00ed como para el encuentro entre confesiones cristianas y entre religiones. Hemos de trabajar juntos por una mirada de luz y dignidad, que lleve a la justicia, la igualdad y el verdadero reconocimiento social, frente a todo desprecio o desvalorizaci\u00f3n de lo femenino en nuestra realidad social.<\/p>\n<p align=\"justify\">En este encuentro, se ha visto claro que la mujer tiene mucho en com\u00fan y aspira a realidades y deseos de igual calado, independientemente del lugar del origen, de la cultura, as\u00ed como de la religi\u00f3n que se profese, y que cuando se conocen y reconocen diversas y distintas, se enriquecen y se complementan, conviven sin ninguna dificultad. Es en el conocimiento mutuo cuando nos sentimos iguales, nos ense\u00f1amos unos a otros y compartimos cari\u00f1o y camino.<\/p>\n<p align=\"justify\">Este abrazo ha sabido a poco, ha sido un primer paso desde abajo, desde lo oculto, lo sencillo. Ha sido posible por ese tesoro que cada d\u00eda se encuentra por la tarde en esa escuela de vida y solidaridad cerca de la Plaza Alta, donde religiosas, trabajadoras, voluntarias, mujeres inmigrantes\u00a0 y otras se van trabajando a s\u00ed mismas, se van formando y preparando, para vivir, ser, trabajar, querer, luchar, valorarse. Un misterio de vida y de levadura que no tiene m\u00e1s horizonte que la fraternidad de una humanidad que no entiende de fronteras y conflictos, sino de encuentros y paz verdadera. Si aqu\u00ed es posible, entonces lo es a todos los niveles&#8230;<\/p>\n<p align=\"justify\">Hemos sentido este camino de ecumenismo y di\u00e1logo interreligioso que ha de andarse desde lo cercano y lo sencillo, desde la calle y la casa com\u00fan, desde el conocimiento y la relaci\u00f3n, desde el encuentro y el cari\u00f1o. Pasar de la teor\u00eda a la praxis, de la doctrina al conocimiento, de la diferencia a la cercan\u00eda, de la separaci\u00f3n a la amistad. Por aqu\u00ed va lo que buscamos y lo que queremos: mujeres que, educ\u00e1ndose, educan a un pueblo, y que encontr\u00e1ndose se convierten en la se\u00f1al y en la alianza de una humanidad nueva. As\u00ed, hemos encontrado razones para seguir creyendo y para seguir haci\u00e9ndolo juntos. Es posible creer y esperar el sue\u00f1o de lo imposible desde lo com\u00fan y lo diverso, porque es posible \u2013hoy, m\u00e1s que nunca- el sue\u00f1o de la unidad.<\/p>\n<p align=\"justify\">Jos\u00e9 Moreno Losada. Delegado Episcopal para el Ecumenismo y el Di\u00e1logo Interreligioso<\/p>\n","protected":false},"excerpt":{"rendered":"<p>Conocernos para querernos\u00a0(D\u00eda de diversidad cultural \/ Ecumenismo y di\u00e1logo interreligioso) \u00a0Conocerse y quererse, conocer a otros y quererlos es el reto de la vida de lo humano. Desde la Delegaci\u00f3n de Ecumenismo y Di\u00e1logo Interreligioso de M\u00e9rida-Badajoz hemos organizado este primer acto sencillo en la ciudad de Badajoz, en torno al d\u00eda de la &hellip; <a href=\"https:\/\/www.biblia.work\/sermones\/conocernos-para-querernos-dia-de-diversidad-cultural-ecumenismo-y-dialogo-interreligioso\/\" class=\"more-link\">Continuar leyendo<span class=\"screen-reader-text\"> \u00abConocernos para querernos (D\u00eda de diversidad cultural \/ Ecumenismo y di\u00e1logo interreligioso)\u00bb<\/span><\/a><\/p>\n","protected":false},"author":1,"featured_media":0,"comment_status":"open","ping_status":"closed","sticky":false,"template":"","format":"standard","meta":{"footnotes":""},"categories":[1],"tags":[],"class_list":["post-34945","post","type-post","status-publish","format-standard","hentry","category-general"],"_links":{"self":[{"href":"https:\/\/www.biblia.work\/sermones\/wp-json\/wp\/v2\/posts\/34945","targetHints":{"allow":["GET"]}}],"collection":[{"href":"https:\/\/www.biblia.work\/sermones\/wp-json\/wp\/v2\/posts"}],"about":[{"href":"https:\/\/www.biblia.work\/sermones\/wp-json\/wp\/v2\/types\/post"}],"author":[{"embeddable":true,"href":"https:\/\/www.biblia.work\/sermones\/wp-json\/wp\/v2\/users\/1"}],"replies":[{"embeddable":true,"href":"https:\/\/www.biblia.work\/sermones\/wp-json\/wp\/v2\/comments?post=34945"}],"version-history":[{"count":0,"href":"https:\/\/www.biblia.work\/sermones\/wp-json\/wp\/v2\/posts\/34945\/revisions"}],"wp:attachment":[{"href":"https:\/\/www.biblia.work\/sermones\/wp-json\/wp\/v2\/media?parent=34945"}],"wp:term":[{"taxonomy":"category","embeddable":true,"href":"https:\/\/www.biblia.work\/sermones\/wp-json\/wp\/v2\/categories?post=34945"},{"taxonomy":"post_tag","embeddable":true,"href":"https:\/\/www.biblia.work\/sermones\/wp-json\/wp\/v2\/tags?post=34945"}],"curies":[{"name":"wp","href":"https:\/\/api.w.org\/{rel}","templated":true}]}}