{"id":34947,"date":"2016-06-20T23:43:52","date_gmt":"2016-06-21T04:43:52","guid":{"rendered":"http:\/\/www.biblia.work\/sermones\/familia-y-tribu-por-amparo-tos-boix\/"},"modified":"2016-06-20T23:43:52","modified_gmt":"2016-06-21T04:43:52","slug":"familia-y-tribu-por-amparo-tos-boix","status":"publish","type":"post","link":"https:\/\/www.biblia.work\/sermones\/familia-y-tribu-por-amparo-tos-boix\/","title":{"rendered":"Familia y tribu, por Amparo Tos Boix"},"content":{"rendered":"<p><b>FAMILIA Y TRIBU<\/b>. \u201cSi yo pudiese formar parte de un grupo de personas que deciden tener hijos e hijas en com\u00fan me satisfar\u00eda la idea\u201d. Anna Gabriel, diputada de la CUP.<\/p>\n<p align=\"justify\">\n<p>\u00a0Parece evidente que esta se\u00f1ora no conoce el amor, esa sensaci\u00f3n que te hace descubrir, en medio de una multitud difusa, un rostro y una mirada del que no puedes apartar la tuya. Desde ese momento tienes la certeza de que tu vida va a estar para siempre unida a ese rostro, a esa persona, formareis una familia y tendr\u00e9is hijos, hijos VUESTROS, no de una tribu.<br \/>\n\u00a0\u00a0 Si Vd. llegara a ser madre, a parir un hijo, probablemente cambiar\u00eda de forma de pensar. Sus ancestros pol\u00edticos (la URSS) descubri\u00f3 que entre los hijos criados por el pap\u00e1 Estado hab\u00eda un 50% m\u00e1s de alteraciones neurol\u00f3gicas que los criados por sus madres\u2026<\/p>\n<p>\u00a0\u00a0\u00a0\u00a0\u00a0\u00a0\u00a0\u00a0\u00a0\u00a0\u00a0\u00a0\u00a0\u00a0\u00a0\u00a0\u00a0\u00a0\u00a0\u00a0\u00a0\u00a0\u00a0\u00a0\u00a0\u00a0\u00a0\u00a0\u00a0\u00a0\u00a0\u00a0\u00a0\u00a0\u00a0\u00a0\u00a0\u00a0\u00a0\u00a0\u00a0\u00a0\u00a0\u00a0\u00a0\u00a0\u00a0\u00a0\u00a0\u00a0\u00a0\u00a0\u00a0\u00a0\u00a0\u00a0\u00a0\u00a0\u00a0\u00a0\u00a0\u00a0\u00a0\u00a0\u00a0\u00a0\u00a0\u00a0\u00a0\u00a0\u00a0\u00a0\u00a0 Amparo Tos Boix, Valencia.<br \/>\nFoto:\u00a0Anna Gabriel, diputada de la CUP.<\/p>\n","protected":false},"excerpt":{"rendered":"<p>FAMILIA Y TRIBU. \u201cSi yo pudiese formar parte de un grupo de personas que deciden tener hijos e hijas en com\u00fan me satisfar\u00eda la idea\u201d. Anna Gabriel, diputada de la CUP. \u00a0Parece evidente que esta se\u00f1ora no conoce el amor, esa sensaci\u00f3n que te hace descubrir, en medio de una multitud difusa, un rostro y &hellip; <a href=\"https:\/\/www.biblia.work\/sermones\/familia-y-tribu-por-amparo-tos-boix\/\" class=\"more-link\">Continuar leyendo<span class=\"screen-reader-text\"> \u00abFamilia y tribu, por Amparo Tos Boix\u00bb<\/span><\/a><\/p>\n","protected":false},"author":1,"featured_media":0,"comment_status":"open","ping_status":"closed","sticky":false,"template":"","format":"standard","meta":{"footnotes":""},"categories":[1],"tags":[],"class_list":["post-34947","post","type-post","status-publish","format-standard","hentry","category-general"],"_links":{"self":[{"href":"https:\/\/www.biblia.work\/sermones\/wp-json\/wp\/v2\/posts\/34947","targetHints":{"allow":["GET"]}}],"collection":[{"href":"https:\/\/www.biblia.work\/sermones\/wp-json\/wp\/v2\/posts"}],"about":[{"href":"https:\/\/www.biblia.work\/sermones\/wp-json\/wp\/v2\/types\/post"}],"author":[{"embeddable":true,"href":"https:\/\/www.biblia.work\/sermones\/wp-json\/wp\/v2\/users\/1"}],"replies":[{"embeddable":true,"href":"https:\/\/www.biblia.work\/sermones\/wp-json\/wp\/v2\/comments?post=34947"}],"version-history":[{"count":0,"href":"https:\/\/www.biblia.work\/sermones\/wp-json\/wp\/v2\/posts\/34947\/revisions"}],"wp:attachment":[{"href":"https:\/\/www.biblia.work\/sermones\/wp-json\/wp\/v2\/media?parent=34947"}],"wp:term":[{"taxonomy":"category","embeddable":true,"href":"https:\/\/www.biblia.work\/sermones\/wp-json\/wp\/v2\/categories?post=34947"},{"taxonomy":"post_tag","embeddable":true,"href":"https:\/\/www.biblia.work\/sermones\/wp-json\/wp\/v2\/tags?post=34947"}],"curies":[{"name":"wp","href":"https:\/\/api.w.org\/{rel}","templated":true}]}}